{"id":7746,"date":"2024-11-15T19:26:42","date_gmt":"2024-11-15T22:26:42","guid":{"rendered":"https:\/\/magazineweb.com.ar\/?p=7746"},"modified":"2024-11-15T19:26:44","modified_gmt":"2024-11-15T22:26:44","slug":"diputados-le-dio-media-sancion-a-la-ley-audiovisual-de-kicillof-los-puntos-clave","status":"publish","type":"post","link":"https:\/\/magazineweb.com.ar\/?p=7746","title":{"rendered":"Diputados le dio media sanci\u00f3n a la Ley Audiovisual de Kicillof: los puntos clave"},"content":{"rendered":"\n<p class=\"has-black-color has-vivid-green-cyan-background-color has-text-color has-background has-link-color wp-elements-9b6f95d4fa945e64cab516072f853b4b\">La C\u00e1mara de Diputados bonaerense le dio media sanci\u00f3n al proyecto de ley de promoci\u00f3n y desarrollo de la industria audiovisual, m\u00e1s conocido como Ley Audiovisual.<\/p>\n\n\n\n<p>En su octava sesi\u00f3n del a\u00f1o y \u00faltima del per\u00edodo ordinario, la&nbsp;<strong>C\u00e1mara de Diputados bonaerense<\/strong>&nbsp;le dio media sanci\u00f3n al proyecto de ley de promoci\u00f3n y desarrollo de la industria audiovisual de la provincia de Buenos Aires, m\u00e1s conocido como&nbsp;<strong>Ley Audiovisual<\/strong>, que el gobernador&nbsp;<strong>Axel Kicillof<\/strong>&nbsp;present\u00f3 en la&nbsp;<strong>Legislatura<a href=\"https:\/\/diputadosbsas.com.ar\/kicillof-ley-audiovisual-incaa-bonaerense-plan-de-fomento\/\">&nbsp;a mediados del a\u00f1o pasado<\/a><\/strong>&nbsp;y con la que busca potenciar el sector cinematogr\u00e1fico provincial.<\/p>\n\n\n\n<p>En rigor, la&nbsp;<strong>Ley Audiovisual&nbsp;<\/strong>fue sancionada gracias a los votos del peronismo y del bloque&nbsp;<strong>Acuerdo C\u00edvico UCR-GEN<\/strong>, que acompa\u00f1aron la propuesta enviada por Kicillof luego de que el oficialismo haya hecho lugar a las modificaciones que la legisladora radical&nbsp;<strong>Viviana Dirolli&nbsp;<\/strong>hab\u00eda exigido durante el tratamiento en la comisi\u00f3n de<a href=\"https:\/\/diputadosbsas.com.ar\/oposicion-modificar-ley-audiovisual-kicillof\/\">&nbsp;<strong>Asuntos Culturales<\/strong><\/a>. En tanto, el&nbsp;<strong>PRO<\/strong>,&nbsp;<strong>La Libertad Avanza<\/strong>, los&nbsp;<strong>libertarios<\/strong>&nbsp;<strong>dialoguistas<\/strong>&nbsp;y la&nbsp;<strong>bancada radical oficialista<\/strong>&nbsp;votaron en contra de la iniciativa, al considerar que el Gobierno provincial no debe gastar presupuesto en un fondo para el sector del cine, en un momento de recesi\u00f3n econ\u00f3mica.<\/p>\n\n\n\n<p>\u201cEste proyecto de ley se construy\u00f3 sobre la base de 49 anteproyectos y con un enriquecedor debate entre el Poder Ejecutivo, directores, asociaciones, artistas, universidades y el Foro Audiovisual de la&nbsp;<strong>provincia de Buenos Aires<\/strong>. Esta ley declara a la actividad audiovisual como productiva, de transformaci\u00f3n y con valor estrat\u00e9gico, y pone el acento en el patrimonio cultural de la provincia de Buenos Aires\u201d, explic\u00f3 la&nbsp;<strong>diputada de La C\u00e1mpora y expositora del proyecto<\/strong>,&nbsp;<strong>Margarita Recalde<\/strong>.<\/p>\n\n\n\n<p>Vale aclarar que, la&nbsp;<strong>Ley Audiovisual<\/strong>&nbsp;de&nbsp;<strong>Kicillof&nbsp;<\/strong>qued\u00f3 en condiciones de ser tratada en el recinto apenas el pasado lunes, cuando las comisiones de&nbsp;<strong>Presupuesto e Impuestos&nbsp;<\/strong>y de<strong>&nbsp;Asuntos Constitucionales y Justicia<\/strong>&nbsp;le dieron el \u00faltimo dictamen favorable que le faltaba. El apuro que el oficialismo tuvo para sacar esta normativa, responde al inter\u00e9s que tiene&nbsp;<strong>La C\u00e1mpora de sacar los proyectos enviados por el Gobernador<\/strong>, en pos de aminorar la interna que atraviesa el peronismo por la conducci\u00f3n del Partido Justicialista (PJ).<\/p>\n\n\n\n<figure class=\"wp-block-image\"><img decoding=\"async\" src=\"https:\/\/dptdsbsas.nyc3.digitaloceanspaces.com\/wp-content\/uploads\/2024\/11\/12191515\/Margarita-Recalde-Ley-Audiovisual.jpeg\" alt=\"La diputada camporista Margarita Recalde expuso acerca de la Ley Audiovisual.\" class=\"wp-image-277207\"\/><figcaption class=\"wp-element-caption\">La diputada camporista Margarita Recalde expuso acerca de la Ley Audiovisual.<\/figcaption><\/figure>\n\n\n\n<p>En concreto, la&nbsp;<strong>Ley Audiovisual<\/strong>&nbsp;de&nbsp;<strong>Kicillof<\/strong>&nbsp;propone la creaci\u00f3n de&nbsp;<strong>un fondo de fomento a la producci\u00f3n audiovisual de $675 millones<\/strong>, que se actualizar\u00e1 a\u00f1o a a\u00f1o por la ley de Presupuesto bonaerense, en funci\u00f3n de la variaci\u00f3n del valor de entradas promedio de cine establecido por el Instituto Nacional de Cine y Artes Audiovisuales (<strong>INCAA<\/strong>).<\/p>\n\n\n\n<p>Para la administraci\u00f3n del fondo de fomento, el proyecto crea el Consejo provincial regional, un \u201c<strong>INCAA<\/strong>&nbsp;<strong>bonaerense<\/strong>\u201d integrado por representantes de universidades, sindicatos, asociaciones audiovisuales y referentes regionales del sector audiovisual, que deber\u00e1n velar por una distribuci\u00f3n transparente, inclusiva y equitativa de las partidas &nbsp;que destine el Ejecutivo en los presupuestos que sanciona la&nbsp;<strong>Legislatura<\/strong>.<\/p>\n\n\n\n<p>\u201cEl fondo estrat\u00e9gico se va a dotar del consumo, de los trabajadores y trabajadoras, porque se va a proyectar en funci\u00f3n de la venta de entradas, entonces los legisladores y legisladoras de todos los bloques que tienen representatividad a nivel nacional tenemos una tarea, que es trabajar para defender y para volver a darle dignidad al salario de los trabajadores. Porque es la \u00fanica forma de reactivar el consumo en Argentina\u201d, defini\u00f3&nbsp;<strong>Recalde<\/strong>.<\/p>\n\n\n\n<p>Durante su intervenci\u00f3n, la legisladora de&nbsp;<strong>La C\u00e1mpora&nbsp;<\/strong>se\u00f1al\u00f3 que la compra de entradas de cine en 2024 cayeron un 31% en relaci\u00f3n al a\u00f1o pasado, lo que se traduce en&nbsp;<strong>14 millones menos de espectadores<\/strong>, por lo que advirti\u00f3 que, a ra\u00edz de la crisis econ\u00f3mica, el asistir a ver a una pel\u00edcula est\u00e1 comenzando a ser un lujo. \u201cEsta ley es un espejo de nuestra identidad como bonaerenses y que sea tambi\u00e9n la contracara de los discursos&nbsp;<strong>antidemocr\u00e1ticos<\/strong>,&nbsp;<strong>antinacionales<\/strong>,&nbsp;<strong>antipopulares&nbsp;<\/strong>y&nbsp;<strong>antisoberanos&nbsp;<\/strong>que promueven desde el Gobierno nacional y tambi\u00e9n parece desde algunos legisladores\u201d, sentenci\u00f3.<\/p>\n\n\n\n<p>Con esta media sanci\u00f3n, el peronismo tendr\u00e1 el desaf\u00edo de, o bien seguir el camino de Diputados y tender puentes con ciertos sectores de la oposici\u00f3n para que la&nbsp;<strong>Ley Audiovisual<\/strong>&nbsp;sea sancionada definitivamente por el&nbsp;<strong>Senado<\/strong>, o bien jug\u00e1rsela a la suerte y rezar que un cierto n\u00famero de legisladores falten a la sesi\u00f3n para aprobarla con sus 21 votos propios.<\/p>\n\n\n\n<h2 class=\"wp-block-heading\" id=\"los-cambios-que-dirolli-consiguio-meter-en-la-ley-audiovisual\"><strong>Los cambios que Dirolli consigui\u00f3 introducir en la Ley Audiovisual<\/strong><\/h2>\n\n\n\n<p>Durante su tratamiento en comisiones, pese a superar todos los cuerpos parlamentarios necesarios para llegar a la C\u00e1mara baja, la&nbsp;<strong>Ley Audiovisual&nbsp;<\/strong>cosech\u00f3 sendos cuestionamientos de la oposici\u00f3n, como el de la diputada&nbsp;<strong>Dirolli<\/strong>. Si bien la legisladora valor\u00f3 la normativa, tambi\u00e9n pidi\u00f3 modificarla para incorporar al&nbsp;<strong>sector privado<\/strong>, fortalecer la&nbsp;<strong>transparencia&nbsp;<\/strong>y el&nbsp;<strong>acceso<\/strong>&nbsp;<strong>equitativo&nbsp;<\/strong>a los beneficios, y para garantizar la&nbsp;<strong>participaci\u00f3n activa&nbsp;<\/strong>de los actores del sector en la toma de decisiones. &nbsp;<\/p>\n\n\n\n<figure class=\"wp-block-image\"><img decoding=\"async\" src=\"https:\/\/dptdsbsas.nyc3.digitaloceanspaces.com\/wp-content\/uploads\/2024\/11\/12202111\/WhatsApp-Image-2024-11-12-at-8.20.33-PM-1-1024x683.jpeg\" alt=\"La diputada del bloque Acuerdo C\u00edvico UCR-GEN, Viviana Dirolli, logr\u00f3 que el oficialismo incorpore sus cambios en la Ley Audiovisual.\" class=\"wp-image-277230\"\/><figcaption class=\"wp-element-caption\">La diputada del bloque Acuerdo C\u00edvico UCR-GEN, Viviana Dirolli, logr\u00f3 que el oficialismo incorpore cambios en la Ley Audiovisual.<\/figcaption><\/figure>\n\n\n\n<p>Por eso, el peronismo tuvo que acceder a los cambios que propuso&nbsp;<strong>Dirolli&nbsp;<\/strong>para que salga a la luz, como la creaci\u00f3n de un&nbsp;<strong>programa de incentivos<\/strong>&nbsp;para atraer inversiones tanto nacionales como extranjeras, que incluyen reintegros de hasta un&nbsp;<strong>40% del total de la inyecci\u00f3n<\/strong>. Para tener estos beneficios, las firmas deber\u00e1n&nbsp;<strong>colaborar obligatoriamente con empresas radicadas en la provincia de Buenos Aires<\/strong>, con el fin de generar empleo local y desarrollar la industria audiovisual regional.<\/p>\n\n\n\n<p>Tambi\u00e9n,&nbsp;<strong>Dirolli&nbsp;<\/strong>establece una serie de pautas necesarias para obtener financiamiento del&nbsp;<strong>Fondo de Fomento y Promoci\u00f3n Audiovisual<\/strong>, como tener una residencia de por lo menos dos a\u00f1os en la provincia de Buenos Aires y que el&nbsp;<strong>51% del personal de cada productora este compuesto por bonaerenses o residentes<\/strong>.<\/p>\n\n\n\n<p>Otra de las cuestiones que remarca&nbsp;<strong>Dirolli&nbsp;<\/strong>sobre la&nbsp;<strong>ley<\/strong>&nbsp;<strong>audiovisual<\/strong>&nbsp;de&nbsp;<strong>Kicillof<\/strong>, es que este fondo no podr\u00e1 ser utilizado bajo ning\u00fan punto de vista para \u201c<strong>crear nuevos cargos o estructuras administrativas<\/strong>\u201d. Adem\u00e1s, la legisladora de la oposici\u00f3n establece un&nbsp;<strong>r\u00e9gimen de sanciones<\/strong>&nbsp;para quienes incumplan con los requisitos del fondo o desv\u00eden estos recursos otorgados.<\/p>\n\n\n\n<h2 class=\"wp-block-heading\" id=\"las-claves-de-la-ley-audiovisual\"><strong>Las claves de la ley audiovisual<\/strong><\/h2>\n\n\n\n<ul class=\"wp-block-list\">\n<li><strong>Fondo de fomento a la producci\u00f3n audiovisual<\/strong>: dispone de una partida de\u00a0<strong>$675 millones<\/strong>, que se actualizar\u00e1 por la ley de Presupuesto bonaerense.<\/li>\n\n\n\n<li><strong>Consejo provincial regional<\/strong>: el \u201c<strong>INCAA bonaerense<\/strong>\u201d est\u00e1 integrado por representantes de universidades, sindicatos, asociaciones audiovisuales y referentes regionales del sector audiovisual. El objetivo es garantizar la distribuci\u00f3n transparente, inclusiva y equitativa del\u00a0<strong>fondo de fomento<\/strong>.<\/li>\n\n\n\n<li><strong>Registro \u00fanico de la actividad audiovisual bonaerense<\/strong>: re\u00fane a todos los trabajadores y trabajadoras de la cadena de valor y ser\u00e1 requisito necesario para acceder a los beneficios de la normativa.<\/li>\n\n\n\n<li><strong>Apoyo a festivales regionales de cine bonaerenses<\/strong>: propicia la creaci\u00f3n de nuevas audiencias y en la promoci\u00f3n de pantallas de exhibici\u00f3n.<\/li>\n\n\n\n<li><strong>Creaci\u00f3n de una red de salas de cine bonaerense<\/strong>: busca abrir nuevas v\u00edas de exhibici\u00f3n y distribuci\u00f3n de films para los autores.<\/li>\n\n\n\n<li><strong>Archivo Audiovisual Bonaerense<\/strong>: est\u00e1 apuntado en la investigaci\u00f3n, conservaci\u00f3n, digitalizaci\u00f3n, protecci\u00f3n de las producciones regionales y apoyo al cine comunitario.<\/li>\n\n\n\n<li><strong>Plataforma Audiovisual BaFilma<\/strong>: propone la creaci\u00f3n de la herramienta con el objeto de promover las pel\u00edculas bonaerenses y digitalizar el cat\u00e1logo de locaciones.<\/li>\n<\/ul>\n","protected":false},"excerpt":{"rendered":"<p>La C\u00e1mara de Diputados bonaerense le dio media sanci\u00f3n al proyecto de ley de promoci\u00f3n y desarrollo de la industria audiovisual, m\u00e1s conocido como Ley Audiovisual. En su octava sesi\u00f3n&hellip;<\/p>\n","protected":false},"author":2,"featured_media":7747,"comment_status":"closed","ping_status":"closed","sticky":false,"template":"","format":"standard","meta":{"footnotes":""},"categories":[4,13,14],"tags":[174,149,177,175,173,176],"class_list":["post-7746","post","type-post","status-publish","format-standard","has-post-thumbnail","hentry","category-destacados","category-politica","category-provincial","tag-axel-kicillof","tag-bonaerense","tag-diputados","tag-legislatura","tag-ley-audiovisual","tag-media-sancion"],"rttpg_featured_image_url":{"full":["https:\/\/magazineweb.com.ar\/wp-content\/uploads\/2024\/11\/Ley-Audiovisual-bonaerense-2024.jpeg",1068,712,false],"landscape":["https:\/\/magazineweb.com.ar\/wp-content\/uploads\/2024\/11\/Ley-Audiovisual-bonaerense-2024.jpeg",1068,712,false],"portraits":["https:\/\/magazineweb.com.ar\/wp-content\/uploads\/2024\/11\/Ley-Audiovisual-bonaerense-2024.jpeg",1068,712,false],"thumbnail":["https:\/\/magazineweb.com.ar\/wp-content\/uploads\/2024\/11\/Ley-Audiovisual-bonaerense-2024-150x150.jpeg",150,150,true],"medium":["https:\/\/magazineweb.com.ar\/wp-content\/uploads\/2024\/11\/Ley-Audiovisual-bonaerense-2024-300x200.jpeg",300,200,true],"large":["https:\/\/magazineweb.com.ar\/wp-content\/uploads\/2024\/11\/Ley-Audiovisual-bonaerense-2024-1024x683.jpeg",1024,683,true],"1536x1536":["https:\/\/magazineweb.com.ar\/wp-content\/uploads\/2024\/11\/Ley-Audiovisual-bonaerense-2024.jpeg",1068,712,false],"2048x2048":["https:\/\/magazineweb.com.ar\/wp-content\/uploads\/2024\/11\/Ley-Audiovisual-bonaerense-2024.jpeg",1068,712,false],"ultp_layout_landscape_large":["https:\/\/magazineweb.com.ar\/wp-content\/uploads\/2024\/11\/Ley-Audiovisual-bonaerense-2024.jpeg",1068,712,false],"ultp_layout_landscape":["https:\/\/magazineweb.com.ar\/wp-content\/uploads\/2024\/11\/Ley-Audiovisual-bonaerense-2024-870x570.jpeg",870,570,true],"ultp_layout_portrait":["https:\/\/magazineweb.com.ar\/wp-content\/uploads\/2024\/11\/Ley-Audiovisual-bonaerense-2024-600x712.jpeg",600,712,true],"ultp_layout_square":["https:\/\/magazineweb.com.ar\/wp-content\/uploads\/2024\/11\/Ley-Audiovisual-bonaerense-2024-600x600.jpeg",600,600,true]},"rttpg_author":{"display_name":"Roxana Reinoso","author_link":"https:\/\/magazineweb.com.ar\/?author=2"},"rttpg_comment":0,"rttpg_category":"<a href=\"https:\/\/magazineweb.com.ar\/?cat=4\" rel=\"category\">Destacados<\/a> <a href=\"https:\/\/magazineweb.com.ar\/?cat=13\" rel=\"category\">Pol\u00edtica<\/a> <a href=\"https:\/\/magazineweb.com.ar\/?cat=14\" rel=\"category\">Provincial<\/a>","rttpg_excerpt":"La C\u00e1mara de Diputados bonaerense le dio media sanci\u00f3n al proyecto de ley de promoci\u00f3n y desarrollo de la industria audiovisual, m\u00e1s conocido como Ley Audiovisual. En su octava sesi\u00f3n&hellip;","_links":{"self":[{"href":"https:\/\/magazineweb.com.ar\/index.php?rest_route=\/wp\/v2\/posts\/7746","targetHints":{"allow":["GET"]}}],"collection":[{"href":"https:\/\/magazineweb.com.ar\/index.php?rest_route=\/wp\/v2\/posts"}],"about":[{"href":"https:\/\/magazineweb.com.ar\/index.php?rest_route=\/wp\/v2\/types\/post"}],"author":[{"embeddable":true,"href":"https:\/\/magazineweb.com.ar\/index.php?rest_route=\/wp\/v2\/users\/2"}],"replies":[{"embeddable":true,"href":"https:\/\/magazineweb.com.ar\/index.php?rest_route=%2Fwp%2Fv2%2Fcomments&post=7746"}],"version-history":[{"count":1,"href":"https:\/\/magazineweb.com.ar\/index.php?rest_route=\/wp\/v2\/posts\/7746\/revisions"}],"predecessor-version":[{"id":7748,"href":"https:\/\/magazineweb.com.ar\/index.php?rest_route=\/wp\/v2\/posts\/7746\/revisions\/7748"}],"wp:featuredmedia":[{"embeddable":true,"href":"https:\/\/magazineweb.com.ar\/index.php?rest_route=\/wp\/v2\/media\/7747"}],"wp:attachment":[{"href":"https:\/\/magazineweb.com.ar\/index.php?rest_route=%2Fwp%2Fv2%2Fmedia&parent=7746"}],"wp:term":[{"taxonomy":"category","embeddable":true,"href":"https:\/\/magazineweb.com.ar\/index.php?rest_route=%2Fwp%2Fv2%2Fcategories&post=7746"},{"taxonomy":"post_tag","embeddable":true,"href":"https:\/\/magazineweb.com.ar\/index.php?rest_route=%2Fwp%2Fv2%2Ftags&post=7746"}],"curies":[{"name":"wp","href":"https:\/\/api.w.org\/{rel}","templated":true}]}}