{"id":7750,"date":"2024-11-17T23:02:29","date_gmt":"2024-11-18T02:02:29","guid":{"rendered":"https:\/\/magazineweb.com.ar\/?p=7750"},"modified":"2024-11-17T23:02:30","modified_gmt":"2024-11-18T02:02:30","slug":"el-canal-volver-va-a-transmitir-el-cortometraje-de-un-cineasta-berazateguense","status":"publish","type":"post","link":"https:\/\/magazineweb.com.ar\/?p=7750","title":{"rendered":"El canal volver va a transmitir el cortometraje de un cineasta berazateguense"},"content":{"rendered":"\n<p class=\"has-black-color has-white-background-color has-text-color has-background has-link-color wp-elements-3095960e97b7bbca8c88b3191ed7c04c\">Se trata de \u201cEs mejor no pensar en nada\u201d, dirigido por Lisardo Quevedo<\/p>\n\n\n\n<p><strong>En el canal Volver se va a proyectar \u201cEs mejor no pensar en nada\u201d, un cortometraje de ficci\u00f3n grabado en Berazategui y dirigido por el cineasta local Lisardo Quevedo. Es una de las diez obras seleccionadas en el concurso de cortos que realiz\u00f3 el canal. Se trata de una producci\u00f3n del a\u00f1o 2019, grabada \u00edntegramente en el Club Municipal Ducilo y que cont\u00f3 con la colaboraci\u00f3n de la Municipalidad de Berazategui.<\/strong><\/p>\n\n\n\n<p>\u201cComo soy de Berazategui y la historia que escrib\u00ed y dirig\u00ed suced\u00eda en un club de barrio, pens\u00e9: \u00bfqu\u00e9 mejor que hacer el cortometraje en el Club de mi barrio, el Club Ducilo?\u201d, coment\u00f3 Lisardo Quevedo, director y guionista berazateguense, egresado de la Universidad del Cine.<\/p>\n\n\n\n<p>Y continu\u00f3: \u201cUna vez que empez\u00f3 la preproducci\u00f3n del corto, nos acercamos a la Secretar\u00eda de Cultura y Educaci\u00f3n de la Municipalidad. Propusimos esta idea y se coparon al instante; nos ayudaron, colaboraron con nosotros y nos dieron toda la libertad para realizar el rodaje, que dur\u00f3 tres d\u00edas. En el proyecto participaron alrededor de 14 personas, entre equipo t\u00e9cnico y actores. Elegimos distintos sitios para filmar\u201d.<\/p>\n\n\n\n<p>El cortometraje fue finalizado y este a\u00f1o fue seleccionado en el concurso de cortos del Canal Volver. Result\u00f3 ser uno de los diez finalistas entre cientos de cortometrajes que se presentaron.<\/p>\n\n\n\n<p>\u201c\u00b4Es mejor no pensar en nada\u00b4 sucede en un club fuera de temporada. Toda mi infancia vine al Club Ducilo y esto me permiti\u00f3 rememorar este espacio. Ten\u00eda muchas ganas de que los vecinos y vecinas de Berazategui pudieran ver una partecita de su ciudad en la tele; y tendr\u00e1n la oportunidad de hacerlo en el canal Volver, los jueves 14, 21 o 28 de noviembre, desde las 23.00. Estamos muy contentos porque este proyecto dio sus frutos\u201d, expres\u00f3 Lisardo.<\/p>\n","protected":false},"excerpt":{"rendered":"<p>Se trata de \u201cEs mejor no pensar en nada\u201d, dirigido por Lisardo Quevedo En el canal Volver se va a proyectar \u201cEs mejor no pensar en nada\u201d, un cortometraje de&hellip;<\/p>\n","protected":false},"author":2,"featured_media":7751,"comment_status":"closed","ping_status":"closed","sticky":false,"template":"","format":"standard","meta":{"footnotes":""},"categories":[4,7],"tags":[],"class_list":["post-7750","post","type-post","status-publish","format-standard","has-post-thumbnail","hentry","category-destacados","category-espectaculos"],"rttpg_featured_image_url":{"full":["https:\/\/magazineweb.com.ar\/wp-content\/uploads\/2024\/11\/Cortometraje-de-Berazategui.jpg",1280,853,false],"landscape":["https:\/\/magazineweb.com.ar\/wp-content\/uploads\/2024\/11\/Cortometraje-de-Berazategui.jpg",1280,853,false],"portraits":["https:\/\/magazineweb.com.ar\/wp-content\/uploads\/2024\/11\/Cortometraje-de-Berazategui.jpg",1280,853,false],"thumbnail":["https:\/\/magazineweb.com.ar\/wp-content\/uploads\/2024\/11\/Cortometraje-de-Berazategui-150x150.jpg",150,150,true],"medium":["https:\/\/magazineweb.com.ar\/wp-content\/uploads\/2024\/11\/Cortometraje-de-Berazategui-300x200.jpg",300,200,true],"large":["https:\/\/magazineweb.com.ar\/wp-content\/uploads\/2024\/11\/Cortometraje-de-Berazategui-1024x682.jpg",1024,682,true],"1536x1536":["https:\/\/magazineweb.com.ar\/wp-content\/uploads\/2024\/11\/Cortometraje-de-Berazategui.jpg",1280,853,false],"2048x2048":["https:\/\/magazineweb.com.ar\/wp-content\/uploads\/2024\/11\/Cortometraje-de-Berazategui.jpg",1280,853,false],"ultp_layout_landscape_large":["https:\/\/magazineweb.com.ar\/wp-content\/uploads\/2024\/11\/Cortometraje-de-Berazategui-1200x800.jpg",1200,800,true],"ultp_layout_landscape":["https:\/\/magazineweb.com.ar\/wp-content\/uploads\/2024\/11\/Cortometraje-de-Berazategui-870x570.jpg",870,570,true],"ultp_layout_portrait":["https:\/\/magazineweb.com.ar\/wp-content\/uploads\/2024\/11\/Cortometraje-de-Berazategui-600x853.jpg",600,853,true],"ultp_layout_square":["https:\/\/magazineweb.com.ar\/wp-content\/uploads\/2024\/11\/Cortometraje-de-Berazategui-600x600.jpg",600,600,true]},"rttpg_author":{"display_name":"Roxana Reinoso","author_link":"https:\/\/magazineweb.com.ar\/?author=2"},"rttpg_comment":0,"rttpg_category":"<a href=\"https:\/\/magazineweb.com.ar\/?cat=4\" rel=\"category\">Destacados<\/a> <a href=\"https:\/\/magazineweb.com.ar\/?cat=7\" rel=\"category\">Espect\u00e1culos<\/a>","rttpg_excerpt":"Se trata de \u201cEs mejor no pensar en nada\u201d, dirigido por Lisardo Quevedo En el canal Volver se va a proyectar \u201cEs mejor no pensar en nada\u201d, un cortometraje de&hellip;","_links":{"self":[{"href":"https:\/\/magazineweb.com.ar\/index.php?rest_route=\/wp\/v2\/posts\/7750","targetHints":{"allow":["GET"]}}],"collection":[{"href":"https:\/\/magazineweb.com.ar\/index.php?rest_route=\/wp\/v2\/posts"}],"about":[{"href":"https:\/\/magazineweb.com.ar\/index.php?rest_route=\/wp\/v2\/types\/post"}],"author":[{"embeddable":true,"href":"https:\/\/magazineweb.com.ar\/index.php?rest_route=\/wp\/v2\/users\/2"}],"replies":[{"embeddable":true,"href":"https:\/\/magazineweb.com.ar\/index.php?rest_route=%2Fwp%2Fv2%2Fcomments&post=7750"}],"version-history":[{"count":1,"href":"https:\/\/magazineweb.com.ar\/index.php?rest_route=\/wp\/v2\/posts\/7750\/revisions"}],"predecessor-version":[{"id":7752,"href":"https:\/\/magazineweb.com.ar\/index.php?rest_route=\/wp\/v2\/posts\/7750\/revisions\/7752"}],"wp:featuredmedia":[{"embeddable":true,"href":"https:\/\/magazineweb.com.ar\/index.php?rest_route=\/wp\/v2\/media\/7751"}],"wp:attachment":[{"href":"https:\/\/magazineweb.com.ar\/index.php?rest_route=%2Fwp%2Fv2%2Fmedia&parent=7750"}],"wp:term":[{"taxonomy":"category","embeddable":true,"href":"https:\/\/magazineweb.com.ar\/index.php?rest_route=%2Fwp%2Fv2%2Fcategories&post=7750"},{"taxonomy":"post_tag","embeddable":true,"href":"https:\/\/magazineweb.com.ar\/index.php?rest_route=%2Fwp%2Fv2%2Ftags&post=7750"}],"curies":[{"name":"wp","href":"https:\/\/api.w.org\/{rel}","templated":true}]}}