{"id":7783,"date":"2024-11-20T01:02:00","date_gmt":"2024-11-20T04:02:00","guid":{"rendered":"https:\/\/magazineweb.com.ar\/?p=7783"},"modified":"2024-11-19T22:28:36","modified_gmt":"2024-11-20T01:28:36","slug":"mayra-participo-del-acto-de-la-firma-de-escritura-de-la-escuela-secundaria-de-educacion-tecnica-de-la-unq","status":"publish","type":"post","link":"https:\/\/magazineweb.com.ar\/?p=7783","title":{"rendered":"Mayra particip\u00f3 del acto de la firma de escritura de la Escuela Secundaria de Educaci\u00f3n T\u00e9cnica de la UNQ"},"content":{"rendered":"\n<p>La intendenta de Quilmes, Mayra Mendoza, particip\u00f3 ayer martes del acto de firma de la escritura del terreno donde se encuentra emplazada la Escuela Secundaria de Educaci\u00f3n T\u00e9cnica de la Universidad Nacional de Quilmes (ESET-UNQ), en la avenida Rep\u00fablica de Francia 1714, en Ezpeleta.<\/p>\n\n\n\n<p>En este marco, Mayra destac\u00f3 la importancia de un Estado eficiente y necesario para conseguir este logro y sostuvo: \u201cLo que hacen los funcionarios desde el Municipio, desde el Gobierno de la Provincia, lo que hace el rector de la Universidad, tiene que ver con acciones, con decisiones coherentes para pensar c\u00f3mo mejoramos cada uno de los lugares, que se puedan desarrollar, crecer y progresar las nuevas generaciones que son ustedes. Entonces, esto que hoy estamos celebrando tiene que ver con la responsabilidad que como militantes pol\u00edticos que somos, asumimos desde el Estado\u201d.<\/p>\n\n\n\n<p>La Jefa comunal indic\u00f3: \u201cHay un discurso que se viene usando desde hace un tiempo de que los ciudadanos no crean en el Estado, no crean en la posibilidad de que hay personas que trabajamos para bien de nuestra comunidad y eso es un Estado presente, que es la escuela, el hospital. El Estado es cada uno de los profes, los directivos, la comunidad, que somos todos nosotros\u201d.<\/p>\n\n\n\n<p>Y subray\u00f3: \u201cQue no los convenzan que la idea de terminar con el Estado puede ser algo bueno para sus vidas, porque cuando el Estado se retira de la comunidad sucede que no hay m\u00e1s obra p\u00fablica para mejorar los barrios, no le importa el salario de las y los profes o si esta escuela tiene o no la escritura. Sin el Estado presente no hay posibilidad de progreso para todos y todas nosotras. Que no los convenzan de que el mercado y que cada uno individualmente va a poder realizarse, eso se logra en conjunto y colectivamente\u201d.<\/p>\n\n\n\n<p>Por su parte, el rector de la UNQ, Alfredo Alfonso, se\u00f1al\u00f3 que \u201ces una enorme alegr\u00eda que la Universidad Nacional de Quilmes pueda tener los t\u00edtulos de propiedad de los terrenos de esta escuela secundaria tan importante para nosotros. Es un d\u00eda de alt\u00edsima gratitud para el Municipio y para el esfuerzo de la intendenta Mayra Mendoza. Hace solo cinco meses hablamos de esto y hoy ya tenemos un t\u00edtulo propio que durante tantos a\u00f1os esper\u00e1bamos\u201d.<\/p>\n\n\n\n<p>A su vez, la directora de la ESET-UNQ, Mariana Capello, expres\u00f3: \u201cEn primer lugar nos da la garant\u00eda de que esta escuela va a seguir existiendo, siendo parte de la universidad. Y por el otro lado, es un reconocimiento para la comunidad de la escuela y del barrio. Esto no es algo que ocurri\u00f3 de un d\u00eda para el otro, se viene conversando desde hace bastante tiempo y la verdad es que siempre desde el Municipio ha habido una excelente relaci\u00f3n y muchos intercambios y este es uno que tambi\u00e9n da muestra de ello\u201d.<\/p>\n\n\n\n<p>La ESET-UNQ es una escuela p\u00fablica y gratuita, que depende de la Universidad Nacional de Quilmes, en acuerdo con el Ministerio de Educaci\u00f3n de la Naci\u00f3n y hoy, gracias a la entrega de la escritura por parte del Gobierno Provincial, el establecimiento educativo tiene su escritura. La ESET-UNQ abri\u00f3 sus puertas el 5 de marzo de 2014 y el ingreso es por sorteo p\u00fablico de vacantes. M\u00e1s informaci\u00f3n en&nbsp;<a rel=\"noreferrer noopener\" target=\"_blank\" href=\"http:\/\/eset.web.unq.edu.ar\/\">http:\/\/eset.web.unq.edu.ar\/<\/a>. Y hoy<\/p>\n\n\n\n<p>Estuvieron tambi\u00e9n presentes las y los secretarios de Desarrollo urbano y Obra P\u00fablica, Cecilia Soler; de Educaci\u00f3n, Culturas y Deportes, Joaqu\u00edn Desmery; de Seguridad, Gaspar De St\u00e9fano; de Servicios P\u00fablicos local, Sebasti\u00e1n Garc\u00eda; el subsecretario de Deportes y Entidades de Bien P\u00fablico, Nicol\u00e1s Mellino; la directora general de Vivienda, Tierras y Regularizaci\u00f3n Dominial, Adriana Cittadino; la concejala Eva Mieri, y la escribana Adscripta de la Escriban\u00eda General de Gobierno, Silvina Vargas, adem\u00e1s de otras autoridades escolares.<\/p>\n","protected":false},"excerpt":{"rendered":"<p>La intendenta de Quilmes, Mayra Mendoza, particip\u00f3 ayer martes del acto de firma de la escritura del terreno donde se encuentra emplazada la Escuela Secundaria de Educaci\u00f3n T\u00e9cnica de la&hellip;<\/p>\n","protected":false},"author":3,"featured_media":7784,"comment_status":"closed","ping_status":"closed","sticky":false,"template":"","format":"standard","meta":{"footnotes":""},"categories":[4,9],"tags":[],"class_list":["post-7783","post","type-post","status-publish","format-standard","has-post-thumbnail","hentry","category-destacados","category-informacion-general"],"rttpg_featured_image_url":{"full":["https:\/\/magazineweb.com.ar\/wp-content\/uploads\/2024\/11\/thumbnail_MAYRA-PARTICIPO-DEL-ACTO-DE-LA-FIRMA-DE-ESCRITURA-DE-LA-ESCUELA-SECUNDARIA-DE-EDUCACION-TECNICA-DE-LA-UNQ-1.jpg",853,568,false],"landscape":["https:\/\/magazineweb.com.ar\/wp-content\/uploads\/2024\/11\/thumbnail_MAYRA-PARTICIPO-DEL-ACTO-DE-LA-FIRMA-DE-ESCRITURA-DE-LA-ESCUELA-SECUNDARIA-DE-EDUCACION-TECNICA-DE-LA-UNQ-1.jpg",853,568,false],"portraits":["https:\/\/magazineweb.com.ar\/wp-content\/uploads\/2024\/11\/thumbnail_MAYRA-PARTICIPO-DEL-ACTO-DE-LA-FIRMA-DE-ESCRITURA-DE-LA-ESCUELA-SECUNDARIA-DE-EDUCACION-TECNICA-DE-LA-UNQ-1.jpg",853,568,false],"thumbnail":["https:\/\/magazineweb.com.ar\/wp-content\/uploads\/2024\/11\/thumbnail_MAYRA-PARTICIPO-DEL-ACTO-DE-LA-FIRMA-DE-ESCRITURA-DE-LA-ESCUELA-SECUNDARIA-DE-EDUCACION-TECNICA-DE-LA-UNQ-1-150x150.jpg",150,150,true],"medium":["https:\/\/magazineweb.com.ar\/wp-content\/uploads\/2024\/11\/thumbnail_MAYRA-PARTICIPO-DEL-ACTO-DE-LA-FIRMA-DE-ESCRITURA-DE-LA-ESCUELA-SECUNDARIA-DE-EDUCACION-TECNICA-DE-LA-UNQ-1-300x200.jpg",300,200,true],"large":["https:\/\/magazineweb.com.ar\/wp-content\/uploads\/2024\/11\/thumbnail_MAYRA-PARTICIPO-DEL-ACTO-DE-LA-FIRMA-DE-ESCRITURA-DE-LA-ESCUELA-SECUNDARIA-DE-EDUCACION-TECNICA-DE-LA-UNQ-1.jpg",853,568,false],"1536x1536":["https:\/\/magazineweb.com.ar\/wp-content\/uploads\/2024\/11\/thumbnail_MAYRA-PARTICIPO-DEL-ACTO-DE-LA-FIRMA-DE-ESCRITURA-DE-LA-ESCUELA-SECUNDARIA-DE-EDUCACION-TECNICA-DE-LA-UNQ-1.jpg",853,568,false],"2048x2048":["https:\/\/magazineweb.com.ar\/wp-content\/uploads\/2024\/11\/thumbnail_MAYRA-PARTICIPO-DEL-ACTO-DE-LA-FIRMA-DE-ESCRITURA-DE-LA-ESCUELA-SECUNDARIA-DE-EDUCACION-TECNICA-DE-LA-UNQ-1.jpg",853,568,false],"ultp_layout_landscape_large":["https:\/\/magazineweb.com.ar\/wp-content\/uploads\/2024\/11\/thumbnail_MAYRA-PARTICIPO-DEL-ACTO-DE-LA-FIRMA-DE-ESCRITURA-DE-LA-ESCUELA-SECUNDARIA-DE-EDUCACION-TECNICA-DE-LA-UNQ-1.jpg",853,568,false],"ultp_layout_landscape":["https:\/\/magazineweb.com.ar\/wp-content\/uploads\/2024\/11\/thumbnail_MAYRA-PARTICIPO-DEL-ACTO-DE-LA-FIRMA-DE-ESCRITURA-DE-LA-ESCUELA-SECUNDARIA-DE-EDUCACION-TECNICA-DE-LA-UNQ-1.jpg",853,568,false],"ultp_layout_portrait":["https:\/\/magazineweb.com.ar\/wp-content\/uploads\/2024\/11\/thumbnail_MAYRA-PARTICIPO-DEL-ACTO-DE-LA-FIRMA-DE-ESCRITURA-DE-LA-ESCUELA-SECUNDARIA-DE-EDUCACION-TECNICA-DE-LA-UNQ-1-600x568.jpg",600,568,true],"ultp_layout_square":["https:\/\/magazineweb.com.ar\/wp-content\/uploads\/2024\/11\/thumbnail_MAYRA-PARTICIPO-DEL-ACTO-DE-LA-FIRMA-DE-ESCRITURA-DE-LA-ESCUELA-SECUNDARIA-DE-EDUCACION-TECNICA-DE-LA-UNQ-1-600x568.jpg",600,568,true]},"rttpg_author":{"display_name":"Redacci\u00f3n Magazine Web","author_link":"https:\/\/magazineweb.com.ar\/?author=3"},"rttpg_comment":0,"rttpg_category":"<a href=\"https:\/\/magazineweb.com.ar\/?cat=4\" rel=\"category\">Destacados<\/a> <a href=\"https:\/\/magazineweb.com.ar\/?cat=9\" rel=\"category\">Informaci\u00f3n General<\/a>","rttpg_excerpt":"La intendenta de Quilmes, Mayra Mendoza, particip\u00f3 ayer martes del acto de firma de la escritura del terreno donde se encuentra emplazada la Escuela Secundaria de Educaci\u00f3n T\u00e9cnica de la&hellip;","_links":{"self":[{"href":"https:\/\/magazineweb.com.ar\/index.php?rest_route=\/wp\/v2\/posts\/7783","targetHints":{"allow":["GET"]}}],"collection":[{"href":"https:\/\/magazineweb.com.ar\/index.php?rest_route=\/wp\/v2\/posts"}],"about":[{"href":"https:\/\/magazineweb.com.ar\/index.php?rest_route=\/wp\/v2\/types\/post"}],"author":[{"embeddable":true,"href":"https:\/\/magazineweb.com.ar\/index.php?rest_route=\/wp\/v2\/users\/3"}],"replies":[{"embeddable":true,"href":"https:\/\/magazineweb.com.ar\/index.php?rest_route=%2Fwp%2Fv2%2Fcomments&post=7783"}],"version-history":[{"count":1,"href":"https:\/\/magazineweb.com.ar\/index.php?rest_route=\/wp\/v2\/posts\/7783\/revisions"}],"predecessor-version":[{"id":7785,"href":"https:\/\/magazineweb.com.ar\/index.php?rest_route=\/wp\/v2\/posts\/7783\/revisions\/7785"}],"wp:featuredmedia":[{"embeddable":true,"href":"https:\/\/magazineweb.com.ar\/index.php?rest_route=\/wp\/v2\/media\/7784"}],"wp:attachment":[{"href":"https:\/\/magazineweb.com.ar\/index.php?rest_route=%2Fwp%2Fv2%2Fmedia&parent=7783"}],"wp:term":[{"taxonomy":"category","embeddable":true,"href":"https:\/\/magazineweb.com.ar\/index.php?rest_route=%2Fwp%2Fv2%2Fcategories&post=7783"},{"taxonomy":"post_tag","embeddable":true,"href":"https:\/\/magazineweb.com.ar\/index.php?rest_route=%2Fwp%2Fv2%2Ftags&post=7783"}],"curies":[{"name":"wp","href":"https:\/\/api.w.org\/{rel}","templated":true}]}}