{"id":7787,"date":"2024-11-26T04:12:40","date_gmt":"2024-11-26T07:12:40","guid":{"rendered":"https:\/\/magazineweb.com.ar\/?p=7787"},"modified":"2024-11-26T04:12:40","modified_gmt":"2024-11-26T07:12:40","slug":"la-32-muestra-anual-educativa-fue-una-fiesta-popular-de-la-cultura","status":"publish","type":"post","link":"https:\/\/magazineweb.com.ar\/?p=7787","title":{"rendered":"La 32\u00b0 Muestra Anual Educativa fue una fiesta popular de la cultura"},"content":{"rendered":"\n<p><strong>Se realiz\u00f3 la 32\u00b0 Muestra Anual Educativa (MAE) de Berazategui, donde m\u00e1s de 50 mil vecinos y vecinas disfrutaron de las exhibiciones de los Talleres y Escuelas Municipales, adem\u00e1s de espect\u00e1culos musicales. El intendente, Juan Jos\u00e9 Mussi, recorri\u00f3 el evento, que se realiz\u00f3 en la Plaza San Mart\u00edn a lo largo de dos jornadas.<\/strong><\/p>\n\n\n\n<p>El s\u00e1bado 23, el cierre estuvo a cargo del folclorista N\u00e9stor Garnica.<\/p>\n\n\n\n<p>En su visita, Mussi destac\u00f3: \u201cLa MAE es Berazategui. Gracias por hacerla entre todos y todas. Quiero decir que aunque haya crisis, la cultura de Berazategui no va a disminuir sino que va a crecer porque es nuestro orgullo\u201d.<\/p>\n\n\n\n<p>En el mismo sentido, el secretario de Cultura y Educaci\u00f3n municipal, Federico L\u00f3pez, resalt\u00f3: \u201cHace 32 a\u00f1os que nos encontramos para festejar la MAE, que es una fiesta popular de la cultura que crea comunidad. Gracias Juan Jos\u00e9 Mussi por llevar adelante pol\u00edticas p\u00fablicas que les dan oportunidades a todos y todas a trav\u00e9s de un Estado presente\u201d.<\/p>\n\n\n\n<p>La MAE es el resultado del proyecto cultural que impulsa la Municipalidad de Berazategui desde hace m\u00e1s de 30 a\u00f1os. Organizada por la Secretar\u00eda de Cultura y Educaci\u00f3n, su objetivo es exhibir el trabajo y la producci\u00f3n anual de las y los estudiantes que participan en los talleres de las \u00c1reas Educativas y las Escuelas Municipales de Artesan\u00edas, Cer\u00e1mica, Fotograf\u00eda, M\u00fasica y Vidrio.<\/p>\n","protected":false},"excerpt":{"rendered":"<p>Se realiz\u00f3 la 32\u00b0 Muestra Anual Educativa (MAE) de Berazategui, donde m\u00e1s de 50 mil vecinos y vecinas disfrutaron de las exhibiciones de los Talleres y Escuelas Municipales, adem\u00e1s de&hellip;<\/p>\n","protected":false},"author":3,"featured_media":7788,"comment_status":"closed","ping_status":"closed","sticky":false,"template":"","format":"standard","meta":{"footnotes":""},"categories":[4,7,9],"tags":[],"class_list":["post-7787","post","type-post","status-publish","format-standard","has-post-thumbnail","hentry","category-destacados","category-espectaculos","category-informacion-general"],"rttpg_featured_image_url":{"full":["https:\/\/magazineweb.com.ar\/wp-content\/uploads\/2024\/11\/LA-32\u00b0-MUESTRA-ANUAL-EDUCATIVA-FUE-UNA-FIESTA-POPULAR-DE-LA-CULTURA-3-1.jpeg",1280,852,false],"landscape":["https:\/\/magazineweb.com.ar\/wp-content\/uploads\/2024\/11\/LA-32\u00b0-MUESTRA-ANUAL-EDUCATIVA-FUE-UNA-FIESTA-POPULAR-DE-LA-CULTURA-3-1.jpeg",1280,852,false],"portraits":["https:\/\/magazineweb.com.ar\/wp-content\/uploads\/2024\/11\/LA-32\u00b0-MUESTRA-ANUAL-EDUCATIVA-FUE-UNA-FIESTA-POPULAR-DE-LA-CULTURA-3-1.jpeg",1280,852,false],"thumbnail":["https:\/\/magazineweb.com.ar\/wp-content\/uploads\/2024\/11\/LA-32\u00b0-MUESTRA-ANUAL-EDUCATIVA-FUE-UNA-FIESTA-POPULAR-DE-LA-CULTURA-3-1-150x150.jpeg",150,150,true],"medium":["https:\/\/magazineweb.com.ar\/wp-content\/uploads\/2024\/11\/LA-32\u00b0-MUESTRA-ANUAL-EDUCATIVA-FUE-UNA-FIESTA-POPULAR-DE-LA-CULTURA-3-1-300x200.jpeg",300,200,true],"large":["https:\/\/magazineweb.com.ar\/wp-content\/uploads\/2024\/11\/LA-32\u00b0-MUESTRA-ANUAL-EDUCATIVA-FUE-UNA-FIESTA-POPULAR-DE-LA-CULTURA-3-1-1024x682.jpeg",1024,682,true],"1536x1536":["https:\/\/magazineweb.com.ar\/wp-content\/uploads\/2024\/11\/LA-32\u00b0-MUESTRA-ANUAL-EDUCATIVA-FUE-UNA-FIESTA-POPULAR-DE-LA-CULTURA-3-1.jpeg",1280,852,false],"2048x2048":["https:\/\/magazineweb.com.ar\/wp-content\/uploads\/2024\/11\/LA-32\u00b0-MUESTRA-ANUAL-EDUCATIVA-FUE-UNA-FIESTA-POPULAR-DE-LA-CULTURA-3-1.jpeg",1280,852,false],"ultp_layout_landscape_large":["https:\/\/magazineweb.com.ar\/wp-content\/uploads\/2024\/11\/LA-32\u00b0-MUESTRA-ANUAL-EDUCATIVA-FUE-UNA-FIESTA-POPULAR-DE-LA-CULTURA-3-1-1200x800.jpeg",1200,800,true],"ultp_layout_landscape":["https:\/\/magazineweb.com.ar\/wp-content\/uploads\/2024\/11\/LA-32\u00b0-MUESTRA-ANUAL-EDUCATIVA-FUE-UNA-FIESTA-POPULAR-DE-LA-CULTURA-3-1-870x570.jpeg",870,570,true],"ultp_layout_portrait":["https:\/\/magazineweb.com.ar\/wp-content\/uploads\/2024\/11\/LA-32\u00b0-MUESTRA-ANUAL-EDUCATIVA-FUE-UNA-FIESTA-POPULAR-DE-LA-CULTURA-3-1-600x852.jpeg",600,852,true],"ultp_layout_square":["https:\/\/magazineweb.com.ar\/wp-content\/uploads\/2024\/11\/LA-32\u00b0-MUESTRA-ANUAL-EDUCATIVA-FUE-UNA-FIESTA-POPULAR-DE-LA-CULTURA-3-1-600x600.jpeg",600,600,true]},"rttpg_author":{"display_name":"Redacci\u00f3n Magazine Web","author_link":"https:\/\/magazineweb.com.ar\/?author=3"},"rttpg_comment":0,"rttpg_category":"<a href=\"https:\/\/magazineweb.com.ar\/?cat=4\" rel=\"category\">Destacados<\/a> <a href=\"https:\/\/magazineweb.com.ar\/?cat=7\" rel=\"category\">Espect\u00e1culos<\/a> <a href=\"https:\/\/magazineweb.com.ar\/?cat=9\" rel=\"category\">Informaci\u00f3n General<\/a>","rttpg_excerpt":"Se realiz\u00f3 la 32\u00b0 Muestra Anual Educativa (MAE) de Berazategui, donde m\u00e1s de 50 mil vecinos y vecinas disfrutaron de las exhibiciones de los Talleres y Escuelas Municipales, adem\u00e1s de&hellip;","_links":{"self":[{"href":"https:\/\/magazineweb.com.ar\/index.php?rest_route=\/wp\/v2\/posts\/7787","targetHints":{"allow":["GET"]}}],"collection":[{"href":"https:\/\/magazineweb.com.ar\/index.php?rest_route=\/wp\/v2\/posts"}],"about":[{"href":"https:\/\/magazineweb.com.ar\/index.php?rest_route=\/wp\/v2\/types\/post"}],"author":[{"embeddable":true,"href":"https:\/\/magazineweb.com.ar\/index.php?rest_route=\/wp\/v2\/users\/3"}],"replies":[{"embeddable":true,"href":"https:\/\/magazineweb.com.ar\/index.php?rest_route=%2Fwp%2Fv2%2Fcomments&post=7787"}],"version-history":[{"count":1,"href":"https:\/\/magazineweb.com.ar\/index.php?rest_route=\/wp\/v2\/posts\/7787\/revisions"}],"predecessor-version":[{"id":7789,"href":"https:\/\/magazineweb.com.ar\/index.php?rest_route=\/wp\/v2\/posts\/7787\/revisions\/7789"}],"wp:featuredmedia":[{"embeddable":true,"href":"https:\/\/magazineweb.com.ar\/index.php?rest_route=\/wp\/v2\/media\/7788"}],"wp:attachment":[{"href":"https:\/\/magazineweb.com.ar\/index.php?rest_route=%2Fwp%2Fv2%2Fmedia&parent=7787"}],"wp:term":[{"taxonomy":"category","embeddable":true,"href":"https:\/\/magazineweb.com.ar\/index.php?rest_route=%2Fwp%2Fv2%2Fcategories&post=7787"},{"taxonomy":"post_tag","embeddable":true,"href":"https:\/\/magazineweb.com.ar\/index.php?rest_route=%2Fwp%2Fv2%2Ftags&post=7787"}],"curies":[{"name":"wp","href":"https:\/\/api.w.org\/{rel}","templated":true}]}}