{"id":7790,"date":"2024-11-26T04:13:52","date_gmt":"2024-11-26T07:13:52","guid":{"rendered":"https:\/\/magazineweb.com.ar\/?p=7790"},"modified":"2024-11-26T04:13:52","modified_gmt":"2024-11-26T07:13:52","slug":"argentina-se-corono-campeon-del-sudamericano-sub-20-de-futsal","status":"publish","type":"post","link":"https:\/\/magazineweb.com.ar\/?p=7790","title":{"rendered":"Argentina se coron\u00f3 campe\u00f3n del Sudamericano Sub-20 de Futsal"},"content":{"rendered":"\n<p>La selecci\u00f3n argentina volvi\u00f3 a brillar en futsal y se consagr\u00f3 campeona del Sudamericano Sub-20 en Lima, Per\u00fa. En la final disputada en el Polideportivo de Villa El Salvador, la \u201cAlbiceleste\u201d venci\u00f3 a Colombia por 4-2, logrando as\u00ed su segundo t\u00edtulo en la historia del torneo, despu\u00e9s del obtenido en Canelones 2016.<\/p>\n\n\n\n<p>El equipo dirigido por Dami\u00e1n Stazzone despleg\u00f3 su mejor versi\u00f3n en el partido decisivo, donde Mat\u00edas So\u00f1er abri\u00f3 el marcador con una gran definici\u00f3n a los nueve minutos, mientras que Rodrigo \u00c1lvarez ampli\u00f3 la ventaja con un gol de antolog\u00eda tras presionar y pic\u00e1rsela al arquero.<\/p>\n\n\n\n<p>Antes del cierre del primer tiempo, Lucas Granda convirti\u00f3 desde el punto penal, dejando a Argentina 3-0 arriba. En el complemento, Ulises Silguero aprovech\u00f3 un rebote para marcar el cuarto y Los colombianos reaccionaron con goles de Brandon Leal, pero el esfuerzo no les alcanz\u00f3.<\/p>\n\n\n\n<p>El camino hacia el t\u00edtulo no fue sencillo, ya que Argentina finaliz\u00f3 segunda en el Grupo A, con dos victorias (ante Chile y Ecuador) y dos empates (frente a Paraguay y Per\u00fa). En semifinales, super\u00f3 a Brasil por 2-0, en lo que fue un resultado hist\u00f3rico: por primera vez, la \u201cCanarinha\u201d qued\u00f3 fuera de la final en este certamen.<\/p>\n\n\n\n<p>Con este triunfo, Argentina rompe nuevamente la hegemon\u00eda brasile\u00f1a en el Sudamericano Sub-20, que cuenta con ocho conquistas por parte de los pentacampeones mundiales. \u201cLa clave fue creer en nuestro trabajo y jugar cada partido con el coraz\u00f3n\u201d, expres\u00f3 Dami\u00e1n Stazzone tras el partido.<\/p>\n\n\n\n<p>El t\u00edtulo no solo consolida el talento joven del futsal argentino, sino que refuerza su protagonismo en la regi\u00f3n. La \u201cAlbiceleste\u201d ya mira al futuro con ilusi\u00f3n, sabiendo que el \u00e9xito en esta categor\u00eda es uno de los primeros pasos para mantener su crecimiento en la escena internacional.<\/p>\n","protected":false},"excerpt":{"rendered":"<p>La selecci\u00f3n argentina volvi\u00f3 a brillar en futsal y se consagr\u00f3 campeona del Sudamericano Sub-20 en Lima, Per\u00fa. En la final disputada en el Polideportivo de Villa El Salvador, la&hellip;<\/p>\n","protected":false},"author":3,"featured_media":7791,"comment_status":"closed","ping_status":"closed","sticky":false,"template":"","format":"standard","meta":{"footnotes":""},"categories":[3],"tags":[],"class_list":["post-7790","post","type-post","status-publish","format-standard","has-post-thumbnail","hentry","category-deportes"],"rttpg_featured_image_url":{"full":["https:\/\/magazineweb.com.ar\/wp-content\/uploads\/2024\/11\/720-4.webp",963,720,false],"landscape":["https:\/\/magazineweb.com.ar\/wp-content\/uploads\/2024\/11\/720-4.webp",963,720,false],"portraits":["https:\/\/magazineweb.com.ar\/wp-content\/uploads\/2024\/11\/720-4.webp",963,720,false],"thumbnail":["https:\/\/magazineweb.com.ar\/wp-content\/uploads\/2024\/11\/720-4-150x150.webp",150,150,true],"medium":["https:\/\/magazineweb.com.ar\/wp-content\/uploads\/2024\/11\/720-4-300x224.webp",300,224,true],"large":["https:\/\/magazineweb.com.ar\/wp-content\/uploads\/2024\/11\/720-4.webp",963,720,false],"1536x1536":["https:\/\/magazineweb.com.ar\/wp-content\/uploads\/2024\/11\/720-4.webp",963,720,false],"2048x2048":["https:\/\/magazineweb.com.ar\/wp-content\/uploads\/2024\/11\/720-4.webp",963,720,false],"ultp_layout_landscape_large":["https:\/\/magazineweb.com.ar\/wp-content\/uploads\/2024\/11\/720-4.webp",963,720,false],"ultp_layout_landscape":["https:\/\/magazineweb.com.ar\/wp-content\/uploads\/2024\/11\/720-4-870x570.webp",870,570,true],"ultp_layout_portrait":["https:\/\/magazineweb.com.ar\/wp-content\/uploads\/2024\/11\/720-4-600x720.webp",600,720,true],"ultp_layout_square":["https:\/\/magazineweb.com.ar\/wp-content\/uploads\/2024\/11\/720-4-600x600.webp",600,600,true]},"rttpg_author":{"display_name":"Redacci\u00f3n Magazine Web","author_link":"https:\/\/magazineweb.com.ar\/?author=3"},"rttpg_comment":0,"rttpg_category":"<a href=\"https:\/\/magazineweb.com.ar\/?cat=3\" rel=\"category\">Deportes<\/a>","rttpg_excerpt":"La selecci\u00f3n argentina volvi\u00f3 a brillar en futsal y se consagr\u00f3 campeona del Sudamericano Sub-20 en Lima, Per\u00fa. En la final disputada en el Polideportivo de Villa El Salvador, la&hellip;","_links":{"self":[{"href":"https:\/\/magazineweb.com.ar\/index.php?rest_route=\/wp\/v2\/posts\/7790","targetHints":{"allow":["GET"]}}],"collection":[{"href":"https:\/\/magazineweb.com.ar\/index.php?rest_route=\/wp\/v2\/posts"}],"about":[{"href":"https:\/\/magazineweb.com.ar\/index.php?rest_route=\/wp\/v2\/types\/post"}],"author":[{"embeddable":true,"href":"https:\/\/magazineweb.com.ar\/index.php?rest_route=\/wp\/v2\/users\/3"}],"replies":[{"embeddable":true,"href":"https:\/\/magazineweb.com.ar\/index.php?rest_route=%2Fwp%2Fv2%2Fcomments&post=7790"}],"version-history":[{"count":1,"href":"https:\/\/magazineweb.com.ar\/index.php?rest_route=\/wp\/v2\/posts\/7790\/revisions"}],"predecessor-version":[{"id":7792,"href":"https:\/\/magazineweb.com.ar\/index.php?rest_route=\/wp\/v2\/posts\/7790\/revisions\/7792"}],"wp:featuredmedia":[{"embeddable":true,"href":"https:\/\/magazineweb.com.ar\/index.php?rest_route=\/wp\/v2\/media\/7791"}],"wp:attachment":[{"href":"https:\/\/magazineweb.com.ar\/index.php?rest_route=%2Fwp%2Fv2%2Fmedia&parent=7790"}],"wp:term":[{"taxonomy":"category","embeddable":true,"href":"https:\/\/magazineweb.com.ar\/index.php?rest_route=%2Fwp%2Fv2%2Fcategories&post=7790"},{"taxonomy":"post_tag","embeddable":true,"href":"https:\/\/magazineweb.com.ar\/index.php?rest_route=%2Fwp%2Fv2%2Ftags&post=7790"}],"curies":[{"name":"wp","href":"https:\/\/api.w.org\/{rel}","templated":true}]}}