{"id":7796,"date":"2024-11-26T04:17:17","date_gmt":"2024-11-26T07:17:17","guid":{"rendered":"https:\/\/magazineweb.com.ar\/?p=7796"},"modified":"2024-11-26T04:17:18","modified_gmt":"2024-11-26T07:17:18","slug":"el-centro-de-jubilados-maria-angelica-cumplio-27-anos","status":"publish","type":"post","link":"https:\/\/magazineweb.com.ar\/?p=7796","title":{"rendered":"El Centro de Jubilados Mar\u00eda Ang\u00e9lica cumpli\u00f3 27 a\u00f1os"},"content":{"rendered":"\n<p>El s\u00e1bado 23 de noviembre se celebr\u00f3 el 27\u00b0 aniversario del Centro de Jubilados Mar\u00eda Ang\u00e9lica. El intendente de Berazategui, Juan Jos\u00e9 Mussi, particip\u00f3 de los festejos y le entreg\u00f3 un subsidio a la instituci\u00f3n.<\/p>\n\n\n\n<p>El Centro cuenta con m\u00e1s de 80 socios y brinda servicios de consultorio m\u00e9dico de PAMI, con m\u00e9dico de cabecera, enfermer\u00eda, pedicur\u00eda, masoterapia y yoga. Tambi\u00e9n, ofrece clases de tango y folclore, con profesores de la Secretar\u00eda de Cultura y Educaci\u00f3n municipal.<\/p>\n\n\n\n<p>\u201cEn Berazategui tenemos un gran respeto por las personas mayores. Los Centros de Jubilados tienen un gran valor; son muy importantes porque en estos espacios no est\u00e1n solos\u201d, indic\u00f3 Mussi. Y en el mismo sentido, agreg\u00f3: \u00ab\u00bfC\u00f3mo no los vamos a apoyar? Por eso hoy les entregamos un subsidio, como una forma de decirles que no est\u00e1n solos. Sepan que cuentan con nosotros\u201d.<\/p>\n\n\n\n<p>En tanto, el presidente de la instituci\u00f3n, Miguel Acosta, asegur\u00f3: \u201cEstamos muy agradecidos con todos los presentes y especialmente con Juan Jos\u00e9 Mussi, porque a pesar del momento dif\u00edcil que estamos viviendo en el pa\u00eds, en Berazategui contin\u00faan los programas destinados a las personas mayores\u201d.<\/p>\n\n\n\n<p>Tambi\u00e9n participaron del festejo, el secretario municipal de Organizaciones No Gubernamentales (ONG), Marcelo Benedetti; y su par de Desarrollo Social, Recreaci\u00f3n, Turismo y Deportes, Mar\u00eda Laura Lacava -junto a otros integrantes del Gabinete-; socios del Centro de Jubilados, adem\u00e1s de vecinos y vecinas de la zona.<\/p>\n","protected":false},"excerpt":{"rendered":"<p>El s\u00e1bado 23 de noviembre se celebr\u00f3 el 27\u00b0 aniversario del Centro de Jubilados Mar\u00eda Ang\u00e9lica. El intendente de Berazategui, Juan Jos\u00e9 Mussi, particip\u00f3 de los festejos y le entreg\u00f3&hellip;<\/p>\n","protected":false},"author":3,"featured_media":7797,"comment_status":"closed","ping_status":"closed","sticky":false,"template":"","format":"standard","meta":{"footnotes":""},"categories":[9],"tags":[],"class_list":["post-7796","post","type-post","status-publish","format-standard","has-post-thumbnail","hentry","category-informacion-general"],"rttpg_featured_image_url":{"full":["https:\/\/magazineweb.com.ar\/wp-content\/uploads\/2024\/11\/EL-CENTRO-DE-JUBILADOS-MARIA-ANGELICA-CUMPLIO-27-ANOS-2.jpg",1920,1280,false],"landscape":["https:\/\/magazineweb.com.ar\/wp-content\/uploads\/2024\/11\/EL-CENTRO-DE-JUBILADOS-MARIA-ANGELICA-CUMPLIO-27-ANOS-2.jpg",1920,1280,false],"portraits":["https:\/\/magazineweb.com.ar\/wp-content\/uploads\/2024\/11\/EL-CENTRO-DE-JUBILADOS-MARIA-ANGELICA-CUMPLIO-27-ANOS-2.jpg",1920,1280,false],"thumbnail":["https:\/\/magazineweb.com.ar\/wp-content\/uploads\/2024\/11\/EL-CENTRO-DE-JUBILADOS-MARIA-ANGELICA-CUMPLIO-27-ANOS-2-150x150.jpg",150,150,true],"medium":["https:\/\/magazineweb.com.ar\/wp-content\/uploads\/2024\/11\/EL-CENTRO-DE-JUBILADOS-MARIA-ANGELICA-CUMPLIO-27-ANOS-2-300x200.jpg",300,200,true],"large":["https:\/\/magazineweb.com.ar\/wp-content\/uploads\/2024\/11\/EL-CENTRO-DE-JUBILADOS-MARIA-ANGELICA-CUMPLIO-27-ANOS-2-1024x683.jpg",1024,683,true],"1536x1536":["https:\/\/magazineweb.com.ar\/wp-content\/uploads\/2024\/11\/EL-CENTRO-DE-JUBILADOS-MARIA-ANGELICA-CUMPLIO-27-ANOS-2-1536x1024.jpg",1536,1024,true],"2048x2048":["https:\/\/magazineweb.com.ar\/wp-content\/uploads\/2024\/11\/EL-CENTRO-DE-JUBILADOS-MARIA-ANGELICA-CUMPLIO-27-ANOS-2.jpg",1920,1280,false],"ultp_layout_landscape_large":["https:\/\/magazineweb.com.ar\/wp-content\/uploads\/2024\/11\/EL-CENTRO-DE-JUBILADOS-MARIA-ANGELICA-CUMPLIO-27-ANOS-2-1200x800.jpg",1200,800,true],"ultp_layout_landscape":["https:\/\/magazineweb.com.ar\/wp-content\/uploads\/2024\/11\/EL-CENTRO-DE-JUBILADOS-MARIA-ANGELICA-CUMPLIO-27-ANOS-2-870x570.jpg",870,570,true],"ultp_layout_portrait":["https:\/\/magazineweb.com.ar\/wp-content\/uploads\/2024\/11\/EL-CENTRO-DE-JUBILADOS-MARIA-ANGELICA-CUMPLIO-27-ANOS-2-600x900.jpg",600,900,true],"ultp_layout_square":["https:\/\/magazineweb.com.ar\/wp-content\/uploads\/2024\/11\/EL-CENTRO-DE-JUBILADOS-MARIA-ANGELICA-CUMPLIO-27-ANOS-2-600x600.jpg",600,600,true]},"rttpg_author":{"display_name":"Redacci\u00f3n Magazine Web","author_link":"https:\/\/magazineweb.com.ar\/?author=3"},"rttpg_comment":0,"rttpg_category":"<a href=\"https:\/\/magazineweb.com.ar\/?cat=9\" rel=\"category\">Informaci\u00f3n General<\/a>","rttpg_excerpt":"El s\u00e1bado 23 de noviembre se celebr\u00f3 el 27\u00b0 aniversario del Centro de Jubilados Mar\u00eda Ang\u00e9lica. El intendente de Berazategui, Juan Jos\u00e9 Mussi, particip\u00f3 de los festejos y le entreg\u00f3&hellip;","_links":{"self":[{"href":"https:\/\/magazineweb.com.ar\/index.php?rest_route=\/wp\/v2\/posts\/7796","targetHints":{"allow":["GET"]}}],"collection":[{"href":"https:\/\/magazineweb.com.ar\/index.php?rest_route=\/wp\/v2\/posts"}],"about":[{"href":"https:\/\/magazineweb.com.ar\/index.php?rest_route=\/wp\/v2\/types\/post"}],"author":[{"embeddable":true,"href":"https:\/\/magazineweb.com.ar\/index.php?rest_route=\/wp\/v2\/users\/3"}],"replies":[{"embeddable":true,"href":"https:\/\/magazineweb.com.ar\/index.php?rest_route=%2Fwp%2Fv2%2Fcomments&post=7796"}],"version-history":[{"count":1,"href":"https:\/\/magazineweb.com.ar\/index.php?rest_route=\/wp\/v2\/posts\/7796\/revisions"}],"predecessor-version":[{"id":7798,"href":"https:\/\/magazineweb.com.ar\/index.php?rest_route=\/wp\/v2\/posts\/7796\/revisions\/7798"}],"wp:featuredmedia":[{"embeddable":true,"href":"https:\/\/magazineweb.com.ar\/index.php?rest_route=\/wp\/v2\/media\/7797"}],"wp:attachment":[{"href":"https:\/\/magazineweb.com.ar\/index.php?rest_route=%2Fwp%2Fv2%2Fmedia&parent=7796"}],"wp:term":[{"taxonomy":"category","embeddable":true,"href":"https:\/\/magazineweb.com.ar\/index.php?rest_route=%2Fwp%2Fv2%2Fcategories&post=7796"},{"taxonomy":"post_tag","embeddable":true,"href":"https:\/\/magazineweb.com.ar\/index.php?rest_route=%2Fwp%2Fv2%2Ftags&post=7796"}],"curies":[{"name":"wp","href":"https:\/\/api.w.org\/{rel}","templated":true}]}}