{"id":7802,"date":"2024-11-26T03:19:00","date_gmt":"2024-11-26T06:19:00","guid":{"rendered":"https:\/\/magazineweb.com.ar\/?p=7802"},"modified":"2024-11-26T04:20:00","modified_gmt":"2024-11-26T07:20:00","slug":"adios-a-los-creditos-de-la-anses-con-mejores-tasas-que-los-bancos","status":"publish","type":"post","link":"https:\/\/magazineweb.com.ar\/?p=7802","title":{"rendered":"Adi\u00f3s a los cr\u00e9ditos de la ANSES con mejores tasas que los bancos"},"content":{"rendered":"\n<p>El presidente Javier Milei oficializ\u00f3 la decisi\u00f3n de que la Administraci\u00f3n Nacional de la Seguridad Social (ANSES) deje de otorgar cr\u00e9ditos, medida implementada mediante el Decreto 1039\/2024, con el objetivo de preservar la rentabilidad y sostenibilidad del Fondo de Garant\u00eda de Sustentabilidad (FGS) del Sistema Integrado Previsional Argentino (SIPA).<\/p>\n\n\n\n<p>El decreto deroga los incisos m) y n) del art\u00edculo 74 de la Ley 24.241, que permit\u00edan a la ANSES otorgar financiamiento con recursos del FGS tanto a beneficiarios del sistema previsional como a trabajadores aportantes. Seg\u00fan el Gobierno, las tasas negativas aplicadas a esos cr\u00e9ditos, en un contexto de alta inflaci\u00f3n \u2014211,4% en 2023, seg\u00fan el INDEC\u2014, perjudicaban significativamente los activos del Fondo, cuyo prop\u00f3sito principal es garantizar la sustentabilidad del sistema previsional.<\/p>\n\n\n\n<p>El presidente fundament\u00f3 que la inclusi\u00f3n financiera debe fomentarse a trav\u00e9s del sector privado, que cuenta con la capacidad para ofrecer cr\u00e9ditos de manera competitiva. Adem\u00e1s, el decreto aclara que el FGS debe dedicarse exclusivamente a inversiones que aseguren la preservaci\u00f3n y rentabilidad de su capital.<\/p>\n\n\n\n<p>La medida tambi\u00e9n busca aliviar la carga administrativa de la ANSES y concentrar sus esfuerzos en su funci\u00f3n principal. Desde el Ejecutivo se destac\u00f3 que esta reestructuraci\u00f3n es clave para optimizar los recursos p\u00fablicos en un contexto de emergencia econ\u00f3mica y social.<\/p>\n\n\n\n<p>El decreto, que entrar\u00e1 en vigor tras su publicaci\u00f3n en el Bolet\u00edn Oficial, ser\u00e1 revisado por la Comisi\u00f3n Bicameral Permanente del Congreso, conforme lo establece la Ley 26.122 sobre decretos delegados.<\/p>\n","protected":false},"excerpt":{"rendered":"<p>El presidente Javier Milei oficializ\u00f3 la decisi\u00f3n de que la Administraci\u00f3n Nacional de la Seguridad Social (ANSES) deje de otorgar cr\u00e9ditos, medida implementada mediante el Decreto 1039\/2024, con el objetivo&hellip;<\/p>\n","protected":false},"author":3,"featured_media":7803,"comment_status":"closed","ping_status":"closed","sticky":false,"template":"","format":"standard","meta":{"footnotes":""},"categories":[4,5,17,13],"tags":[],"class_list":["post-7802","post","type-post","status-publish","format-standard","has-post-thumbnail","hentry","category-destacados","category-economia","category-nacional","category-politica"],"rttpg_featured_image_url":{"full":["https:\/\/magazineweb.com.ar\/wp-content\/uploads\/2024\/11\/360-1.webp",570,360,false],"landscape":["https:\/\/magazineweb.com.ar\/wp-content\/uploads\/2024\/11\/360-1.webp",570,360,false],"portraits":["https:\/\/magazineweb.com.ar\/wp-content\/uploads\/2024\/11\/360-1.webp",570,360,false],"thumbnail":["https:\/\/magazineweb.com.ar\/wp-content\/uploads\/2024\/11\/360-1-150x150.webp",150,150,true],"medium":["https:\/\/magazineweb.com.ar\/wp-content\/uploads\/2024\/11\/360-1-300x189.webp",300,189,true],"large":["https:\/\/magazineweb.com.ar\/wp-content\/uploads\/2024\/11\/360-1.webp",570,360,false],"1536x1536":["https:\/\/magazineweb.com.ar\/wp-content\/uploads\/2024\/11\/360-1.webp",570,360,false],"2048x2048":["https:\/\/magazineweb.com.ar\/wp-content\/uploads\/2024\/11\/360-1.webp",570,360,false],"ultp_layout_landscape_large":["https:\/\/magazineweb.com.ar\/wp-content\/uploads\/2024\/11\/360-1.webp",570,360,false],"ultp_layout_landscape":["https:\/\/magazineweb.com.ar\/wp-content\/uploads\/2024\/11\/360-1.webp",570,360,false],"ultp_layout_portrait":["https:\/\/magazineweb.com.ar\/wp-content\/uploads\/2024\/11\/360-1.webp",570,360,false],"ultp_layout_square":["https:\/\/magazineweb.com.ar\/wp-content\/uploads\/2024\/11\/360-1.webp",570,360,false]},"rttpg_author":{"display_name":"Redacci\u00f3n Magazine Web","author_link":"https:\/\/magazineweb.com.ar\/?author=3"},"rttpg_comment":0,"rttpg_category":"<a href=\"https:\/\/magazineweb.com.ar\/?cat=4\" rel=\"category\">Destacados<\/a> <a href=\"https:\/\/magazineweb.com.ar\/?cat=5\" rel=\"category\">Econom\u00eda<\/a> <a href=\"https:\/\/magazineweb.com.ar\/?cat=17\" rel=\"category\">Nacional<\/a> <a href=\"https:\/\/magazineweb.com.ar\/?cat=13\" rel=\"category\">Pol\u00edtica<\/a>","rttpg_excerpt":"El presidente Javier Milei oficializ\u00f3 la decisi\u00f3n de que la Administraci\u00f3n Nacional de la Seguridad Social (ANSES) deje de otorgar cr\u00e9ditos, medida implementada mediante el Decreto 1039\/2024, con el objetivo&hellip;","_links":{"self":[{"href":"https:\/\/magazineweb.com.ar\/index.php?rest_route=\/wp\/v2\/posts\/7802","targetHints":{"allow":["GET"]}}],"collection":[{"href":"https:\/\/magazineweb.com.ar\/index.php?rest_route=\/wp\/v2\/posts"}],"about":[{"href":"https:\/\/magazineweb.com.ar\/index.php?rest_route=\/wp\/v2\/types\/post"}],"author":[{"embeddable":true,"href":"https:\/\/magazineweb.com.ar\/index.php?rest_route=\/wp\/v2\/users\/3"}],"replies":[{"embeddable":true,"href":"https:\/\/magazineweb.com.ar\/index.php?rest_route=%2Fwp%2Fv2%2Fcomments&post=7802"}],"version-history":[{"count":1,"href":"https:\/\/magazineweb.com.ar\/index.php?rest_route=\/wp\/v2\/posts\/7802\/revisions"}],"predecessor-version":[{"id":7804,"href":"https:\/\/magazineweb.com.ar\/index.php?rest_route=\/wp\/v2\/posts\/7802\/revisions\/7804"}],"wp:featuredmedia":[{"embeddable":true,"href":"https:\/\/magazineweb.com.ar\/index.php?rest_route=\/wp\/v2\/media\/7803"}],"wp:attachment":[{"href":"https:\/\/magazineweb.com.ar\/index.php?rest_route=%2Fwp%2Fv2%2Fmedia&parent=7802"}],"wp:term":[{"taxonomy":"category","embeddable":true,"href":"https:\/\/magazineweb.com.ar\/index.php?rest_route=%2Fwp%2Fv2%2Fcategories&post=7802"},{"taxonomy":"post_tag","embeddable":true,"href":"https:\/\/magazineweb.com.ar\/index.php?rest_route=%2Fwp%2Fv2%2Ftags&post=7802"}],"curies":[{"name":"wp","href":"https:\/\/api.w.org\/{rel}","templated":true}]}}