{"id":7821,"date":"2024-11-26T02:34:00","date_gmt":"2024-11-26T05:34:00","guid":{"rendered":"https:\/\/magazineweb.com.ar\/?p=7821"},"modified":"2024-11-26T04:43:09","modified_gmt":"2024-11-26T07:43:09","slug":"granados-se-metio-en-la-pelea-de-la-campora-con-ferraresi-y-lo-cuestiono-por-revisar-la-gestion-de-otros-municipios","status":"publish","type":"post","link":"https:\/\/magazineweb.com.ar\/?p=7821","title":{"rendered":"Granados se meti\u00f3 en la pelea de La C\u00e1mpora con Ferraresi y lo cuestion\u00f3 por \u00abrevisar la gesti\u00f3n de otros municipios\u00bb"},"content":{"rendered":"\n<p>El intendente de Ezeiza, Gast\u00f3n Granados, sali\u00f3 a respaldar a sus pares de Quilmes, Mayra Mendoza, y de Lan\u00fas, Juli\u00e1n \u00c1lvarez, y carg\u00f3 contra el mandatario de Avellaneda, Jorge Ferraresi, por \u00abrevisar la gesti\u00f3n de otros municipios\u00bb.<\/p>\n\n\n\n<p>En un posteo en su cuenta de X, el intendente de Ezeiza se\u00f1al\u00f3: \u00abSon tiempos dif\u00edciles para quienes nos toca gobernar municipios del conurbano, con el actual gobierno nacional\u00bb.<\/p>\n\n\n\n<p>Afirm\u00f3 que el deber de los intendentes es \u00abunirse y trabajar por el bien de los vecinos\u00bb, y subray\u00f3: \u00abLos intendentes debemos hacernos cargo de los territorios y son muchos los problemas que afrontamos\u00bb.<\/p>\n\n\n\n<p>En medio del conflicto entre La C\u00e1mpora y el gobernador de<br>Buenos Aires, Axel Kicillof, carg\u00f3 contra Ferraresi, aliado del mandatario provincial y asegur\u00f3 que \u00ablos bonaerenses no necesitan que los dirigentes revisen a las gestiones de municipios vecinos\u00bb, sino que su obligaci\u00f3n es \u00abestar unidos, organizados y no darle espacio\u00bb al Gobierno Nacional y sus \u00abpol\u00edticas de ajuste\u00bb.<\/p>\n\n\n\n<p>Por \u00faltimo, defendi\u00f3 la gesti\u00f3n de Mendoza y \u00c1lvarez y consider\u00f3 que \u201cd\u00eda a d\u00eda caminan los barrios de sus distritos\u201d trabajando de \u00abforma exitosa\u00bb por \u00abuna provincia m\u00e1s justa, solidaria e inclusiva\u00bb.<\/p>\n","protected":false},"excerpt":{"rendered":"<p>El intendente de Ezeiza, Gast\u00f3n Granados, sali\u00f3 a respaldar a sus pares de Quilmes, Mayra Mendoza, y de Lan\u00fas, Juli\u00e1n \u00c1lvarez, y carg\u00f3 contra el mandatario de Avellaneda, Jorge Ferraresi,&hellip;<\/p>\n","protected":false},"author":3,"featured_media":7822,"comment_status":"closed","ping_status":"closed","sticky":false,"template":"","format":"standard","meta":{"footnotes":""},"categories":[4,13,14],"tags":[],"class_list":["post-7821","post","type-post","status-publish","format-standard","has-post-thumbnail","hentry","category-destacados","category-politica","category-provincial"],"rttpg_featured_image_url":{"full":["https:\/\/magazineweb.com.ar\/wp-content\/uploads\/2024\/11\/granados.jpeg",800,432,false],"landscape":["https:\/\/magazineweb.com.ar\/wp-content\/uploads\/2024\/11\/granados.jpeg",800,432,false],"portraits":["https:\/\/magazineweb.com.ar\/wp-content\/uploads\/2024\/11\/granados.jpeg",800,432,false],"thumbnail":["https:\/\/magazineweb.com.ar\/wp-content\/uploads\/2024\/11\/granados-150x150.jpeg",150,150,true],"medium":["https:\/\/magazineweb.com.ar\/wp-content\/uploads\/2024\/11\/granados-300x162.jpeg",300,162,true],"large":["https:\/\/magazineweb.com.ar\/wp-content\/uploads\/2024\/11\/granados.jpeg",800,432,false],"1536x1536":["https:\/\/magazineweb.com.ar\/wp-content\/uploads\/2024\/11\/granados.jpeg",800,432,false],"2048x2048":["https:\/\/magazineweb.com.ar\/wp-content\/uploads\/2024\/11\/granados.jpeg",800,432,false],"ultp_layout_landscape_large":["https:\/\/magazineweb.com.ar\/wp-content\/uploads\/2024\/11\/granados.jpeg",800,432,false],"ultp_layout_landscape":["https:\/\/magazineweb.com.ar\/wp-content\/uploads\/2024\/11\/granados.jpeg",800,432,false],"ultp_layout_portrait":["https:\/\/magazineweb.com.ar\/wp-content\/uploads\/2024\/11\/granados-600x432.jpeg",600,432,true],"ultp_layout_square":["https:\/\/magazineweb.com.ar\/wp-content\/uploads\/2024\/11\/granados-600x432.jpeg",600,432,true]},"rttpg_author":{"display_name":"Redacci\u00f3n Magazine Web","author_link":"https:\/\/magazineweb.com.ar\/?author=3"},"rttpg_comment":0,"rttpg_category":"<a href=\"https:\/\/magazineweb.com.ar\/?cat=4\" rel=\"category\">Destacados<\/a> <a href=\"https:\/\/magazineweb.com.ar\/?cat=13\" rel=\"category\">Pol\u00edtica<\/a> <a href=\"https:\/\/magazineweb.com.ar\/?cat=14\" rel=\"category\">Provincial<\/a>","rttpg_excerpt":"El intendente de Ezeiza, Gast\u00f3n Granados, sali\u00f3 a respaldar a sus pares de Quilmes, Mayra Mendoza, y de Lan\u00fas, Juli\u00e1n \u00c1lvarez, y carg\u00f3 contra el mandatario de Avellaneda, Jorge Ferraresi,&hellip;","_links":{"self":[{"href":"https:\/\/magazineweb.com.ar\/index.php?rest_route=\/wp\/v2\/posts\/7821","targetHints":{"allow":["GET"]}}],"collection":[{"href":"https:\/\/magazineweb.com.ar\/index.php?rest_route=\/wp\/v2\/posts"}],"about":[{"href":"https:\/\/magazineweb.com.ar\/index.php?rest_route=\/wp\/v2\/types\/post"}],"author":[{"embeddable":true,"href":"https:\/\/magazineweb.com.ar\/index.php?rest_route=\/wp\/v2\/users\/3"}],"replies":[{"embeddable":true,"href":"https:\/\/magazineweb.com.ar\/index.php?rest_route=%2Fwp%2Fv2%2Fcomments&post=7821"}],"version-history":[{"count":1,"href":"https:\/\/magazineweb.com.ar\/index.php?rest_route=\/wp\/v2\/posts\/7821\/revisions"}],"predecessor-version":[{"id":7823,"href":"https:\/\/magazineweb.com.ar\/index.php?rest_route=\/wp\/v2\/posts\/7821\/revisions\/7823"}],"wp:featuredmedia":[{"embeddable":true,"href":"https:\/\/magazineweb.com.ar\/index.php?rest_route=\/wp\/v2\/media\/7822"}],"wp:attachment":[{"href":"https:\/\/magazineweb.com.ar\/index.php?rest_route=%2Fwp%2Fv2%2Fmedia&parent=7821"}],"wp:term":[{"taxonomy":"category","embeddable":true,"href":"https:\/\/magazineweb.com.ar\/index.php?rest_route=%2Fwp%2Fv2%2Fcategories&post=7821"},{"taxonomy":"post_tag","embeddable":true,"href":"https:\/\/magazineweb.com.ar\/index.php?rest_route=%2Fwp%2Fv2%2Ftags&post=7821"}],"curies":[{"name":"wp","href":"https:\/\/api.w.org\/{rel}","templated":true}]}}