{"id":7827,"date":"2024-11-26T04:38:59","date_gmt":"2024-11-26T07:38:59","guid":{"rendered":"https:\/\/magazineweb.com.ar\/?p=7827"},"modified":"2024-11-26T04:39:00","modified_gmt":"2024-11-26T07:39:00","slug":"bianco-el-gobierno-nacional-nos-quito-un-cuarto-del-presupuesto-provincial","status":"publish","type":"post","link":"https:\/\/magazineweb.com.ar\/?p=7827","title":{"rendered":"Bianco: \u00abEl Gobierno nacional nos quit\u00f3 un cuarto del presupuesto provincial\u00bb"},"content":{"rendered":"\n<p>\u201cEl Gobierno nacional les ha quitado a las y los bonaerenses un cuarto del presupuesto que les corresponde. Esa es la magnitud del robo que ha hecho el gobierno de Milei a la provincia de Buenos Aires\u201d, afirm\u00f3 el ministro de Gobierno, Carlos Bianco, al encabezar este lunes la conferencia de prensa semanal del Gobierno de la Provincia de Buenos Aires. Fue junto al ministro de Salud, Nicol\u00e1s Kreplak, quien anunci\u00f3 la ampliaci\u00f3n de la cobertura de IOMA en medicamentos, y el presidente ejecutivo de Aguas Bonaerenses S.A. (ABSA), Hugo Obed, quien present\u00f3 el Plan de Inversi\u00f3n para 2025 y el Plan Verano Agua.<\/p>\n\n\n\n<p>Durante el encuentro, el Ministro de Gobierno brind\u00f3 un informe actualizado sobre las deudas que el Gobierno nacional mantiene con la provincia de Buenos Aires.<\/p>\n\n\n\n<p>\u201cEl total adeudado por el Gobierno nacional a las y los bonaerenses llega a los 7,8 billones de pesos. Entre muchas otras, se trata de deudas en obra p\u00fablica, en programas de salud, en fondos que le corresponden a la Provincia de Buenos Aires y en los salarios de nuestros trabajadores de la polic\u00eda y de la educaci\u00f3n\u201d, explic\u00f3 el funcionario.<\/p>\n\n\n\n<p>Asimismo, Bianco detall\u00f3 nuevos indicadores sobre la situaci\u00f3n econ\u00f3mica y social, como la ca\u00edda del 11% en el consumo de carne respecto del a\u00f1o pasado, y sentenci\u00f3: \u201cSon indicadores lo suficientemente claros para discutir lo que el Gobierno nacional pretende que creamos. La econom\u00eda no \u2018est\u00e1 volando\u2019, como afirma el Presidente, sino que est\u00e1 en ca\u00edda desde que asumi\u00f3\u201d.<\/p>\n\n\n\n<p>Por su parte, el ministro Kreplak anunci\u00f3 la implementaci\u00f3n de un aumento en el monto fijo de cobertura de IOMA en medicamentos ambulatorios: el promedio de cobertura para patolog\u00edas agudas pasa del 20% al 50% y para patolog\u00edas cr\u00f3nicas se incrementa del 40% al 70%. Esto implica una inversi\u00f3n adicional de $4.500 millones, que beneficiar\u00e1 a m\u00e1s de 530 mil afiliados y afiliadas a los que mensualmente se les dispensan m\u00e1s de 1,2 millones de medicamentos.&nbsp;&nbsp;<\/p>\n\n\n\n<p>\u201cReclamamos que la Naci\u00f3n tome las medidas necesarias para que los medicamentos, no solo los ambulatorios, sino especialmente los de alto costo que compran las obras sociales y el Ministerio de Salud de la Provincia, bajen de precio\u201d, afirm\u00f3 Kreplak y a\u00f1adi\u00f3: \u201cFue con ese objetivo que presentamos el proyecto de ley de la empresa p\u00fablica de medicamentos de la Provincia, con el objetivo de producir o asociarnos con la industria farmac\u00e9utica para reducir el precio de los medicamentos, poder comprar m\u00e1s cantidad a menor precio y llegar a cubrir la necesidad de toda la poblaci\u00f3n. Sin embargo, tambi\u00e9n es importante que el Gobierno nacional se haga responsable de garantizar la seguridad y la eficacia de los medicamentos y reducir su precio en nuestro pa\u00eds\u201d.<\/p>\n\n\n\n<p>Adem\u00e1s, el Ministro de Salud present\u00f3 el tablero Datos Abiertos, un espacio disponible en la web de la obra social bonaerense que ofrece acceso a informaci\u00f3n y estad\u00edsticas sobre la gesti\u00f3n del presupuesto y la evaluaci\u00f3n de resultados.<\/p>\n\n\n\n<p>A su turno, Obed present\u00f3 el Plan de Inversi\u00f3n de ABSA en mantenimiento e infraestructura para 2025, que incluir\u00e1 trabajos sobre redes de agua y cloacas, as\u00ed como obras en plantas de tratamiento, pozos y estaciones elevadoras de agua.<\/p>\n\n\n\n<p>\u201cEl plan de inversi\u00f3n es de 101.606 millones de pesos y contempla el recambio de ca\u00f1er\u00edas de redes de agua, reemplazando las de menor di\u00e1metro, as\u00ed como inversi\u00f3n en m\u00e1quinas y equipos en los 120 establecimientos de ABSA a lo largo de la provincia\u201d, afirm\u00f3 Obed. En ese marco, el titular de ABSA tambi\u00e9n anunci\u00f3 el Plan Verano Agua para las regiones Sudoeste, Capital y la Costa Atl\u00e1ntica, que incluye obras en Carmen de Patagones, Villalonga, Bah\u00eda Blanca, La Plata, Ensenada, Berisso, La Costa, Villa Gesell y Mar Chiquita.<\/p>\n\n\n\n<p>\u201cPrestamos servicios en casi cien localidades de la provincia, incluyendo poblaciones de entre diez mil y quince mil habitantes, que requieren de un Estado presente que les garantice el suministro\u201d, concluy\u00f3 Obed.<\/p>\n\n\n\n<p><strong>Informe sobre las deudas del Gobierno nacional con la Provincia<\/strong><\/p>\n\n\n\n<p>Para acceder al informe completo de las deudas del Gobierno Nacional con la Provincia de Buenos Aires, ingresar a:&nbsp;<a href=\"https:\/\/drive.google.com\/drive\/folders\/14y7pOJlg5jf13wONkfakhiJgzYPHo-FG?usp=sharing\" target=\"_blank\" rel=\"noreferrer noopener\">https:\/\/acortar.link\/7Rro6C<\/a><\/p>\n","protected":false},"excerpt":{"rendered":"<p>\u201cEl Gobierno nacional les ha quitado a las y los bonaerenses un cuarto del presupuesto que les corresponde. Esa es la magnitud del robo que ha hecho el gobierno de&hellip;<\/p>\n","protected":false},"author":3,"featured_media":7828,"comment_status":"closed","ping_status":"closed","sticky":false,"template":"","format":"standard","meta":{"footnotes":""},"categories":[13,14],"tags":[],"class_list":["post-7827","post","type-post","status-publish","format-standard","has-post-thumbnail","hentry","category-politica","category-provincial"],"rttpg_featured_image_url":{"full":["https:\/\/magazineweb.com.ar\/wp-content\/uploads\/2024\/11\/Conferencia-Bianco-Kreplak-y-Obed.jpeg",743,530,false],"landscape":["https:\/\/magazineweb.com.ar\/wp-content\/uploads\/2024\/11\/Conferencia-Bianco-Kreplak-y-Obed.jpeg",743,530,false],"portraits":["https:\/\/magazineweb.com.ar\/wp-content\/uploads\/2024\/11\/Conferencia-Bianco-Kreplak-y-Obed.jpeg",743,530,false],"thumbnail":["https:\/\/magazineweb.com.ar\/wp-content\/uploads\/2024\/11\/Conferencia-Bianco-Kreplak-y-Obed-150x150.jpeg",150,150,true],"medium":["https:\/\/magazineweb.com.ar\/wp-content\/uploads\/2024\/11\/Conferencia-Bianco-Kreplak-y-Obed-300x214.jpeg",300,214,true],"large":["https:\/\/magazineweb.com.ar\/wp-content\/uploads\/2024\/11\/Conferencia-Bianco-Kreplak-y-Obed.jpeg",743,530,false],"1536x1536":["https:\/\/magazineweb.com.ar\/wp-content\/uploads\/2024\/11\/Conferencia-Bianco-Kreplak-y-Obed.jpeg",743,530,false],"2048x2048":["https:\/\/magazineweb.com.ar\/wp-content\/uploads\/2024\/11\/Conferencia-Bianco-Kreplak-y-Obed.jpeg",743,530,false],"ultp_layout_landscape_large":["https:\/\/magazineweb.com.ar\/wp-content\/uploads\/2024\/11\/Conferencia-Bianco-Kreplak-y-Obed.jpeg",743,530,false],"ultp_layout_landscape":["https:\/\/magazineweb.com.ar\/wp-content\/uploads\/2024\/11\/Conferencia-Bianco-Kreplak-y-Obed.jpeg",743,530,false],"ultp_layout_portrait":["https:\/\/magazineweb.com.ar\/wp-content\/uploads\/2024\/11\/Conferencia-Bianco-Kreplak-y-Obed-600x530.jpeg",600,530,true],"ultp_layout_square":["https:\/\/magazineweb.com.ar\/wp-content\/uploads\/2024\/11\/Conferencia-Bianco-Kreplak-y-Obed-600x530.jpeg",600,530,true]},"rttpg_author":{"display_name":"Redacci\u00f3n Magazine Web","author_link":"https:\/\/magazineweb.com.ar\/?author=3"},"rttpg_comment":0,"rttpg_category":"<a href=\"https:\/\/magazineweb.com.ar\/?cat=13\" rel=\"category\">Pol\u00edtica<\/a> <a href=\"https:\/\/magazineweb.com.ar\/?cat=14\" rel=\"category\">Provincial<\/a>","rttpg_excerpt":"\u201cEl Gobierno nacional les ha quitado a las y los bonaerenses un cuarto del presupuesto que les corresponde. Esa es la magnitud del robo que ha hecho el gobierno de&hellip;","_links":{"self":[{"href":"https:\/\/magazineweb.com.ar\/index.php?rest_route=\/wp\/v2\/posts\/7827","targetHints":{"allow":["GET"]}}],"collection":[{"href":"https:\/\/magazineweb.com.ar\/index.php?rest_route=\/wp\/v2\/posts"}],"about":[{"href":"https:\/\/magazineweb.com.ar\/index.php?rest_route=\/wp\/v2\/types\/post"}],"author":[{"embeddable":true,"href":"https:\/\/magazineweb.com.ar\/index.php?rest_route=\/wp\/v2\/users\/3"}],"replies":[{"embeddable":true,"href":"https:\/\/magazineweb.com.ar\/index.php?rest_route=%2Fwp%2Fv2%2Fcomments&post=7827"}],"version-history":[{"count":1,"href":"https:\/\/magazineweb.com.ar\/index.php?rest_route=\/wp\/v2\/posts\/7827\/revisions"}],"predecessor-version":[{"id":7829,"href":"https:\/\/magazineweb.com.ar\/index.php?rest_route=\/wp\/v2\/posts\/7827\/revisions\/7829"}],"wp:featuredmedia":[{"embeddable":true,"href":"https:\/\/magazineweb.com.ar\/index.php?rest_route=\/wp\/v2\/media\/7828"}],"wp:attachment":[{"href":"https:\/\/magazineweb.com.ar\/index.php?rest_route=%2Fwp%2Fv2%2Fmedia&parent=7827"}],"wp:term":[{"taxonomy":"category","embeddable":true,"href":"https:\/\/magazineweb.com.ar\/index.php?rest_route=%2Fwp%2Fv2%2Fcategories&post=7827"},{"taxonomy":"post_tag","embeddable":true,"href":"https:\/\/magazineweb.com.ar\/index.php?rest_route=%2Fwp%2Fv2%2Ftags&post=7827"}],"curies":[{"name":"wp","href":"https:\/\/api.w.org\/{rel}","templated":true}]}}