{"id":7836,"date":"2024-11-26T04:37:00","date_gmt":"2024-11-26T07:37:00","guid":{"rendered":"https:\/\/magazineweb.com.ar\/?p=7836"},"modified":"2024-11-26T04:51:33","modified_gmt":"2024-11-26T07:51:33","slug":"mussi-acompano-a-los-empleados-de-farmacia-en-su-dia","status":"publish","type":"post","link":"https:\/\/magazineweb.com.ar\/?p=7836","title":{"rendered":"Mussi acompa\u00f1\u00f3 a los empleados de farmacia en su d\u00eda"},"content":{"rendered":"\n<p>El domingo 24 de noviembre, el Sindicato Empleados de Farmacia (SEF) se reuni\u00f3 en el Camping El Para\u00edso (El Pato) para festejar su d\u00eda y despedir el a\u00f1o. Junto a los trabajadores estuvo el intendente de Berazategui, Juan Jos\u00e9 Mussi.<\/p>\n\n\n\n<p>\u00abQuiero desearles lo mejor por su d\u00eda y tambi\u00e9n para el 2025. En momentos de crisis, hay que unirse para estar m\u00e1s fuertes. No es un momento f\u00e1cil para estar al frente de las organizaciones gremiales, as\u00ed que les agradezco por eso a las autoridades del SEF\u00bb, asegur\u00f3 Mussi.<\/p>\n\n\n\n<p>En tanto, el secretario general del SEF, Miguel Castro, subray\u00f3: \u00abUna vez m\u00e1s nos reunimos en familia para festejar nuestro d\u00eda y despedir el 2024. Gracias, Juan Jos\u00e9 Mussi, por estar todos los a\u00f1os con nosotros y por tu permanente compromiso con los trabajadores\u201d.<\/p>\n\n\n\n<p>Junto a Mussi estuvo el subsecretario de Relaciones Sindicales de la Municipalidad, Cristian Rearte, adem\u00e1s de otras autoridades locales.<\/p>\n","protected":false},"excerpt":{"rendered":"<p>El domingo 24 de noviembre, el Sindicato Empleados de Farmacia (SEF) se reuni\u00f3 en el Camping El Para\u00edso (El Pato) para festejar su d\u00eda y despedir el a\u00f1o. Junto a&hellip;<\/p>\n","protected":false},"author":3,"featured_media":7837,"comment_status":"closed","ping_status":"closed","sticky":false,"template":"","format":"standard","meta":{"footnotes":""},"categories":[9],"tags":[],"class_list":["post-7836","post","type-post","status-publish","format-standard","has-post-thumbnail","hentry","category-informacion-general"],"rttpg_featured_image_url":{"full":["https:\/\/magazineweb.com.ar\/wp-content\/uploads\/2024\/11\/MUSSI-ACOMPANO-A-LOS-EMPLEADOS-DE-FARMACIA-EN-SU-DIA.jpg",1920,1280,false],"landscape":["https:\/\/magazineweb.com.ar\/wp-content\/uploads\/2024\/11\/MUSSI-ACOMPANO-A-LOS-EMPLEADOS-DE-FARMACIA-EN-SU-DIA.jpg",1920,1280,false],"portraits":["https:\/\/magazineweb.com.ar\/wp-content\/uploads\/2024\/11\/MUSSI-ACOMPANO-A-LOS-EMPLEADOS-DE-FARMACIA-EN-SU-DIA.jpg",1920,1280,false],"thumbnail":["https:\/\/magazineweb.com.ar\/wp-content\/uploads\/2024\/11\/MUSSI-ACOMPANO-A-LOS-EMPLEADOS-DE-FARMACIA-EN-SU-DIA-150x150.jpg",150,150,true],"medium":["https:\/\/magazineweb.com.ar\/wp-content\/uploads\/2024\/11\/MUSSI-ACOMPANO-A-LOS-EMPLEADOS-DE-FARMACIA-EN-SU-DIA-300x200.jpg",300,200,true],"large":["https:\/\/magazineweb.com.ar\/wp-content\/uploads\/2024\/11\/MUSSI-ACOMPANO-A-LOS-EMPLEADOS-DE-FARMACIA-EN-SU-DIA-1024x683.jpg",1024,683,true],"1536x1536":["https:\/\/magazineweb.com.ar\/wp-content\/uploads\/2024\/11\/MUSSI-ACOMPANO-A-LOS-EMPLEADOS-DE-FARMACIA-EN-SU-DIA-1536x1024.jpg",1536,1024,true],"2048x2048":["https:\/\/magazineweb.com.ar\/wp-content\/uploads\/2024\/11\/MUSSI-ACOMPANO-A-LOS-EMPLEADOS-DE-FARMACIA-EN-SU-DIA.jpg",1920,1280,false],"ultp_layout_landscape_large":["https:\/\/magazineweb.com.ar\/wp-content\/uploads\/2024\/11\/MUSSI-ACOMPANO-A-LOS-EMPLEADOS-DE-FARMACIA-EN-SU-DIA-1200x800.jpg",1200,800,true],"ultp_layout_landscape":["https:\/\/magazineweb.com.ar\/wp-content\/uploads\/2024\/11\/MUSSI-ACOMPANO-A-LOS-EMPLEADOS-DE-FARMACIA-EN-SU-DIA-870x570.jpg",870,570,true],"ultp_layout_portrait":["https:\/\/magazineweb.com.ar\/wp-content\/uploads\/2024\/11\/MUSSI-ACOMPANO-A-LOS-EMPLEADOS-DE-FARMACIA-EN-SU-DIA-600x900.jpg",600,900,true],"ultp_layout_square":["https:\/\/magazineweb.com.ar\/wp-content\/uploads\/2024\/11\/MUSSI-ACOMPANO-A-LOS-EMPLEADOS-DE-FARMACIA-EN-SU-DIA-600x600.jpg",600,600,true]},"rttpg_author":{"display_name":"Redacci\u00f3n Magazine Web","author_link":"https:\/\/magazineweb.com.ar\/?author=3"},"rttpg_comment":0,"rttpg_category":"<a href=\"https:\/\/magazineweb.com.ar\/?cat=9\" rel=\"category\">Informaci\u00f3n General<\/a>","rttpg_excerpt":"El domingo 24 de noviembre, el Sindicato Empleados de Farmacia (SEF) se reuni\u00f3 en el Camping El Para\u00edso (El Pato) para festejar su d\u00eda y despedir el a\u00f1o. Junto a&hellip;","_links":{"self":[{"href":"https:\/\/magazineweb.com.ar\/index.php?rest_route=\/wp\/v2\/posts\/7836","targetHints":{"allow":["GET"]}}],"collection":[{"href":"https:\/\/magazineweb.com.ar\/index.php?rest_route=\/wp\/v2\/posts"}],"about":[{"href":"https:\/\/magazineweb.com.ar\/index.php?rest_route=\/wp\/v2\/types\/post"}],"author":[{"embeddable":true,"href":"https:\/\/magazineweb.com.ar\/index.php?rest_route=\/wp\/v2\/users\/3"}],"replies":[{"embeddable":true,"href":"https:\/\/magazineweb.com.ar\/index.php?rest_route=%2Fwp%2Fv2%2Fcomments&post=7836"}],"version-history":[{"count":1,"href":"https:\/\/magazineweb.com.ar\/index.php?rest_route=\/wp\/v2\/posts\/7836\/revisions"}],"predecessor-version":[{"id":7838,"href":"https:\/\/magazineweb.com.ar\/index.php?rest_route=\/wp\/v2\/posts\/7836\/revisions\/7838"}],"wp:featuredmedia":[{"embeddable":true,"href":"https:\/\/magazineweb.com.ar\/index.php?rest_route=\/wp\/v2\/media\/7837"}],"wp:attachment":[{"href":"https:\/\/magazineweb.com.ar\/index.php?rest_route=%2Fwp%2Fv2%2Fmedia&parent=7836"}],"wp:term":[{"taxonomy":"category","embeddable":true,"href":"https:\/\/magazineweb.com.ar\/index.php?rest_route=%2Fwp%2Fv2%2Fcategories&post=7836"},{"taxonomy":"post_tag","embeddable":true,"href":"https:\/\/magazineweb.com.ar\/index.php?rest_route=%2Fwp%2Fv2%2Ftags&post=7836"}],"curies":[{"name":"wp","href":"https:\/\/api.w.org\/{rel}","templated":true}]}}