{"id":7842,"date":"2024-11-29T01:06:00","date_gmt":"2024-11-29T04:06:00","guid":{"rendered":"https:\/\/magazineweb.com.ar\/?p=7842"},"modified":"2024-11-26T19:52:34","modified_gmt":"2024-11-26T22:52:34","slug":"siguen-en-caida-las-ventas-de-supermercados","status":"publish","type":"post","link":"https:\/\/magazineweb.com.ar\/?p=7842","title":{"rendered":"Siguen en ca\u00edda las ventas de supermercados"},"content":{"rendered":"\n<p>Las ventas en supermercados y autoservicios siguen en baja como consecuencia de la p\u00e9rdida de poder adquisitivo de la poblaci\u00f3n.<\/p>\n\n\n\n<p>En septiembre, el \u00cdndice de ventas totales a precios constantes muestra una ca\u00edda de 12,8%<br>respecto de igual mes de 2023.&nbsp;<\/p>\n\n\n\n<p>El acumulado enero-septiembre presenta una variaci\u00f3n decreciente de 11,6% respecto a igual per\u00edodo de 2023.<\/p>\n\n\n\n<p>En septiembre, el \u00edndice de la serie desestacionalizada muestra una ca\u00edda de 0,4% respecto<br>del mes anterior y el \u00edndice serie tendencia-ciclo registra una variaci\u00f3n positiva de 0,5% respecto al mes anterior.<\/p>\n\n\n\n<p>En tanto, los autoservicios tambi\u00e9n arrojaron estad\u00edsticas negativas.<\/p>\n\n\n\n<p>En septiembre, el \u00cdndice de ventas totales a precios constantes muestra una disminuci\u00f3n de<br>21,7% respecto de igual mes de 2023.&nbsp;<\/p>\n\n\n\n<p>Y el acumulado enero-septiembre baj\u00f3 14,4% respecto de igual per\u00edodo de 2023.<\/p>\n\n\n\n<p>En septiembre el \u00edndice de la serie desestacionalizada muestra una disminuci\u00f3n de 0,8%<br>respecto al mes anterior y el \u00edndice serie tendencia-ciclo registra una variaci\u00f3n positiva de 0,4% respecto al mes anterior.<\/p>\n\n\n\n<p>En cuanto a los electrodom\u00e9sticos, la ventas a precios corrientes del tercer trimestre de 2024 totalizaron 1.119.144,9 millones de pesos y muestra una variaci\u00f3n positiva de 190,9% respecto al mismo trimestre del a\u00f1o anterior.<\/p>\n\n\n\n<p>Hubo fuertes ca\u00eddas del 30,3% en telefon\u00eda celular, 27,8% en peque\u00f1os electrodom\u00e9sticos, del 13,7% en MP3 y iPod, 13,1% en televisores y 10,9% en cocinas y microondas.<\/p>\n","protected":false},"excerpt":{"rendered":"<p>Las ventas en supermercados y autoservicios siguen en baja como consecuencia de la p\u00e9rdida de poder adquisitivo de la poblaci\u00f3n. En septiembre, el \u00cdndice de ventas totales a precios constantes&hellip;<\/p>\n","protected":false},"author":3,"featured_media":7843,"comment_status":"closed","ping_status":"closed","sticky":false,"template":"","format":"standard","meta":{"footnotes":""},"categories":[5],"tags":[],"class_list":["post-7842","post","type-post","status-publish","format-standard","has-post-thumbnail","hentry","category-economia"],"rttpg_featured_image_url":{"full":["https:\/\/magazineweb.com.ar\/wp-content\/uploads\/2024\/11\/super.webp",900,600,false],"landscape":["https:\/\/magazineweb.com.ar\/wp-content\/uploads\/2024\/11\/super.webp",900,600,false],"portraits":["https:\/\/magazineweb.com.ar\/wp-content\/uploads\/2024\/11\/super.webp",900,600,false],"thumbnail":["https:\/\/magazineweb.com.ar\/wp-content\/uploads\/2024\/11\/super-150x150.webp",150,150,true],"medium":["https:\/\/magazineweb.com.ar\/wp-content\/uploads\/2024\/11\/super-300x200.webp",300,200,true],"large":["https:\/\/magazineweb.com.ar\/wp-content\/uploads\/2024\/11\/super.webp",900,600,false],"1536x1536":["https:\/\/magazineweb.com.ar\/wp-content\/uploads\/2024\/11\/super.webp",900,600,false],"2048x2048":["https:\/\/magazineweb.com.ar\/wp-content\/uploads\/2024\/11\/super.webp",900,600,false],"ultp_layout_landscape_large":["https:\/\/magazineweb.com.ar\/wp-content\/uploads\/2024\/11\/super.webp",900,600,false],"ultp_layout_landscape":["https:\/\/magazineweb.com.ar\/wp-content\/uploads\/2024\/11\/super-870x570.webp",870,570,true],"ultp_layout_portrait":["https:\/\/magazineweb.com.ar\/wp-content\/uploads\/2024\/11\/super-600x600.webp",600,600,true],"ultp_layout_square":["https:\/\/magazineweb.com.ar\/wp-content\/uploads\/2024\/11\/super-600x600.webp",600,600,true]},"rttpg_author":{"display_name":"Redacci\u00f3n Magazine Web","author_link":"https:\/\/magazineweb.com.ar\/?author=3"},"rttpg_comment":0,"rttpg_category":"<a href=\"https:\/\/magazineweb.com.ar\/?cat=5\" rel=\"category\">Econom\u00eda<\/a>","rttpg_excerpt":"Las ventas en supermercados y autoservicios siguen en baja como consecuencia de la p\u00e9rdida de poder adquisitivo de la poblaci\u00f3n. En septiembre, el \u00cdndice de ventas totales a precios constantes&hellip;","_links":{"self":[{"href":"https:\/\/magazineweb.com.ar\/index.php?rest_route=\/wp\/v2\/posts\/7842","targetHints":{"allow":["GET"]}}],"collection":[{"href":"https:\/\/magazineweb.com.ar\/index.php?rest_route=\/wp\/v2\/posts"}],"about":[{"href":"https:\/\/magazineweb.com.ar\/index.php?rest_route=\/wp\/v2\/types\/post"}],"author":[{"embeddable":true,"href":"https:\/\/magazineweb.com.ar\/index.php?rest_route=\/wp\/v2\/users\/3"}],"replies":[{"embeddable":true,"href":"https:\/\/magazineweb.com.ar\/index.php?rest_route=%2Fwp%2Fv2%2Fcomments&post=7842"}],"version-history":[{"count":1,"href":"https:\/\/magazineweb.com.ar\/index.php?rest_route=\/wp\/v2\/posts\/7842\/revisions"}],"predecessor-version":[{"id":7844,"href":"https:\/\/magazineweb.com.ar\/index.php?rest_route=\/wp\/v2\/posts\/7842\/revisions\/7844"}],"wp:featuredmedia":[{"embeddable":true,"href":"https:\/\/magazineweb.com.ar\/index.php?rest_route=\/wp\/v2\/media\/7843"}],"wp:attachment":[{"href":"https:\/\/magazineweb.com.ar\/index.php?rest_route=%2Fwp%2Fv2%2Fmedia&parent=7842"}],"wp:term":[{"taxonomy":"category","embeddable":true,"href":"https:\/\/magazineweb.com.ar\/index.php?rest_route=%2Fwp%2Fv2%2Fcategories&post=7842"},{"taxonomy":"post_tag","embeddable":true,"href":"https:\/\/magazineweb.com.ar\/index.php?rest_route=%2Fwp%2Fv2%2Ftags&post=7842"}],"curies":[{"name":"wp","href":"https:\/\/api.w.org\/{rel}","templated":true}]}}