{"id":7864,"date":"2024-12-05T01:06:00","date_gmt":"2024-12-05T04:06:00","guid":{"rendered":"https:\/\/magazineweb.com.ar\/?p=7864"},"modified":"2024-12-04T23:11:55","modified_gmt":"2024-12-05T02:11:55","slug":"el-jugador-de-racing-que-puede-batir-el-record-de-goles-en-un-ano-natural-durante-el-profesionalismo","status":"publish","type":"post","link":"https:\/\/magazineweb.com.ar\/?p=7864","title":{"rendered":"El jugador de Racing que puede batir el r\u00e9cord de goles en un a\u00f1o natural durante el profesionalismo"},"content":{"rendered":"\n<p>El delantero Adri\u00e1n \u00abMaravilla\u00bb Mart\u00ednez puede romper la marca de goles anotados en un a\u00f1o calendario con la camiseta de Racing en los \u00faltimos tres encuentros de la temporada de la Liga Profesional.<\/p>\n\n\n\n<p>Mart\u00ednez alcanz\u00f3 los 30 goles con la camiseta de La Academia y qued\u00f3 a tan solo cuatro tantos del m\u00e1ximo anotador en la Era Profesional para Racing, Evaristo Barrera, quien durante la temporada 1934 (la segunda de la historia) marc\u00f3 34 anotaciones en todo el a\u00f1o.<\/p>\n\n\n\n<p>Racing deber\u00e1 afrontar tres partidos:&nbsp;Estudiantes de La Plata&nbsp;(adeudado de la fecha 24),&nbsp;Central C\u00f3rdoba de Santiago del Estero&nbsp;como visitante, y cierra con&nbsp;River&nbsp;como local. Para estos compromisos, el delantero, en caso de convertir cuatro tantos quedar\u00e1 como el m\u00e1ximo anotador desde que inici\u00f3 la Era Profesional.<\/p>\n\n\n\n<p>No obstante, en caso de convertir 10 goles en los tres encuentros, Mart\u00ednez podr\u00eda superar a Alberto Ohaco, quien en la temporada 1915, cuando el f\u00fatbol argentino a\u00fan era amateur, convirti\u00f3 nada menos que 40 tantos, el que m\u00e1s hizo en toda la historia de Racing.<\/p>\n\n\n\n<h3 class=\"wp-block-heading\">Goleadores en un a\u00f1o natural de Racing<\/h3>\n\n\n\n<p>Alberto Ohaco en 1915:&nbsp;<strong>40<\/strong><br>Evaristo Barrera en 1934:&nbsp;<strong>34<\/strong><br>Delf\u00edn Ben\u00edtez C\u00e1ceres en 1940:&nbsp;<strong>33<\/strong><br>Alberto Marcovecchio en 1915:&nbsp;<strong>32<\/strong><br>Alberto Marcovecchio en 1917:&nbsp;<strong>32<\/strong><br>Alb\u00e9rico Zabaleta en 1921:&nbsp;<strong>32<\/strong><br>Evaristo Barrera en 1936:&nbsp;<strong>31<\/strong><br>Alberto Marcovecchio en 1913:&nbsp;<strong>30<\/strong><br>Adri\u00e1n Mart\u00ednez en 2024: <strong>30<\/strong><\/p>\n","protected":false},"excerpt":{"rendered":"<p>El delantero Adri\u00e1n \u00abMaravilla\u00bb Mart\u00ednez puede romper la marca de goles anotados en un a\u00f1o calendario con la camiseta de Racing en los \u00faltimos tres encuentros de la temporada de&hellip;<\/p>\n","protected":false},"author":3,"featured_media":7865,"comment_status":"closed","ping_status":"closed","sticky":false,"template":"","format":"standard","meta":{"footnotes":""},"categories":[3],"tags":[],"class_list":["post-7864","post","type-post","status-publish","format-standard","has-post-thumbnail","hentry","category-deportes"],"rttpg_featured_image_url":{"full":["https:\/\/magazineweb.com.ar\/wp-content\/uploads\/2024\/12\/720.webp",1086,720,false],"landscape":["https:\/\/magazineweb.com.ar\/wp-content\/uploads\/2024\/12\/720.webp",1086,720,false],"portraits":["https:\/\/magazineweb.com.ar\/wp-content\/uploads\/2024\/12\/720.webp",1086,720,false],"thumbnail":["https:\/\/magazineweb.com.ar\/wp-content\/uploads\/2024\/12\/720-150x150.webp",150,150,true],"medium":["https:\/\/magazineweb.com.ar\/wp-content\/uploads\/2024\/12\/720-300x199.webp",300,199,true],"large":["https:\/\/magazineweb.com.ar\/wp-content\/uploads\/2024\/12\/720-1024x679.webp",1024,679,true],"1536x1536":["https:\/\/magazineweb.com.ar\/wp-content\/uploads\/2024\/12\/720.webp",1086,720,false],"2048x2048":["https:\/\/magazineweb.com.ar\/wp-content\/uploads\/2024\/12\/720.webp",1086,720,false],"ultp_layout_landscape_large":["https:\/\/magazineweb.com.ar\/wp-content\/uploads\/2024\/12\/720.webp",1086,720,false],"ultp_layout_landscape":["https:\/\/magazineweb.com.ar\/wp-content\/uploads\/2024\/12\/720-870x570.webp",870,570,true],"ultp_layout_portrait":["https:\/\/magazineweb.com.ar\/wp-content\/uploads\/2024\/12\/720-600x720.webp",600,720,true],"ultp_layout_square":["https:\/\/magazineweb.com.ar\/wp-content\/uploads\/2024\/12\/720-600x600.webp",600,600,true]},"rttpg_author":{"display_name":"Redacci\u00f3n Magazine Web","author_link":"https:\/\/magazineweb.com.ar\/?author=3"},"rttpg_comment":0,"rttpg_category":"<a href=\"https:\/\/magazineweb.com.ar\/?cat=3\" rel=\"category\">Deportes<\/a>","rttpg_excerpt":"El delantero Adri\u00e1n \u00abMaravilla\u00bb Mart\u00ednez puede romper la marca de goles anotados en un a\u00f1o calendario con la camiseta de Racing en los \u00faltimos tres encuentros de la temporada de&hellip;","_links":{"self":[{"href":"https:\/\/magazineweb.com.ar\/index.php?rest_route=\/wp\/v2\/posts\/7864","targetHints":{"allow":["GET"]}}],"collection":[{"href":"https:\/\/magazineweb.com.ar\/index.php?rest_route=\/wp\/v2\/posts"}],"about":[{"href":"https:\/\/magazineweb.com.ar\/index.php?rest_route=\/wp\/v2\/types\/post"}],"author":[{"embeddable":true,"href":"https:\/\/magazineweb.com.ar\/index.php?rest_route=\/wp\/v2\/users\/3"}],"replies":[{"embeddable":true,"href":"https:\/\/magazineweb.com.ar\/index.php?rest_route=%2Fwp%2Fv2%2Fcomments&post=7864"}],"version-history":[{"count":1,"href":"https:\/\/magazineweb.com.ar\/index.php?rest_route=\/wp\/v2\/posts\/7864\/revisions"}],"predecessor-version":[{"id":7866,"href":"https:\/\/magazineweb.com.ar\/index.php?rest_route=\/wp\/v2\/posts\/7864\/revisions\/7866"}],"wp:featuredmedia":[{"embeddable":true,"href":"https:\/\/magazineweb.com.ar\/index.php?rest_route=\/wp\/v2\/media\/7865"}],"wp:attachment":[{"href":"https:\/\/magazineweb.com.ar\/index.php?rest_route=%2Fwp%2Fv2%2Fmedia&parent=7864"}],"wp:term":[{"taxonomy":"category","embeddable":true,"href":"https:\/\/magazineweb.com.ar\/index.php?rest_route=%2Fwp%2Fv2%2Fcategories&post=7864"},{"taxonomy":"post_tag","embeddable":true,"href":"https:\/\/magazineweb.com.ar\/index.php?rest_route=%2Fwp%2Fv2%2Ftags&post=7864"}],"curies":[{"name":"wp","href":"https:\/\/api.w.org\/{rel}","templated":true}]}}