{"id":7874,"date":"2024-12-05T01:02:00","date_gmt":"2024-12-05T04:02:00","guid":{"rendered":"https:\/\/magazineweb.com.ar\/?p=7874"},"modified":"2024-12-04T23:53:19","modified_gmt":"2024-12-05T02:53:19","slug":"kicillof-le-pidio-al-gobierno-dejar-de-lado-las-anteojeras-ideologicas-y-llamo-a-fortalecer-el-vinculo-con-brasil","status":"publish","type":"post","link":"https:\/\/magazineweb.com.ar\/?p=7874","title":{"rendered":"Kicillof le pidi\u00f3 al Gobierno dejar de lado las \u00abanteojeras ideol\u00f3gicas\u00bb y llamo a \u00abfortalecer\u00bb el v\u00ednculo con Brasil"},"content":{"rendered":"\n<p>El gobernador de la provincia de Buenos Aires, Axel Kicillof, le pidi\u00f3 al Gobierno de Javier Milei que deje de lado las \u00abanteojeras ideol\u00f3gicas\u00bb y llam\u00f3 a \u00abfortalecer\u00bb el v\u00ednculo con la Rep\u00fablica Federativa de Brasil.<\/p>\n\n\n\n<p>\u00abNo se debe actuar con anteojeras ideol\u00f3gicas, sino pensando en lo que beneficia a nuestro pueblo: comenzando por fortalecer el v\u00ednculo con Brasil\u00bb, asegur\u00f3 Kicillof durante la celebraci\u00f3n del D\u00eda de la Amistad Argentino-Brasile\u00f1a en Chascom\u00fas.<\/p>\n\n\n\n<p>El mandatario provincial consider\u00f3 que no hay \u00abposibilidad de desarrollo ni de democracia plena en ninguno de nuestros pa\u00edses si no hay unidad latinoamericana\u00bb.<\/p>\n\n\n\n<p>\u00abEs un camino que vamos a seguir y defender desde la provincia de Buenos Aires\u00bb, manifest\u00f3 Kicillof, quien encabez\u00f3 la actividad junto a al embajador de Brasil en nuestro pa\u00eds, Julio Glinternick Bitelli.<\/p>\n\n\n\n<p>El evento se realiz\u00f3 en el marco del reconocimiento de Chascom\u00fas como el \u00abKm 0 de la Democracia\u00bb, en honor al fallecido ex presidente Ra\u00fal Alfons\u00edn, que naci\u00f3 en esa ciudad.<\/p>\n\n\n\n<p>Como parte de la ceremonia, las autoridades firmaron un \u00abActa Compromiso por la Democracia\u00bb para \u00abimpulsar acciones en defensa de la institucionalidad y la convivencia\u00bb, se inform\u00f3 en un comunicado.<\/p>\n\n\n\n<p>En el transcurso de la ma\u00f1ana, Kicillof hizo entrega de 16 nuevas viviendas destinadas a familias del municipio de Chascom\u00fas.<\/p>\n\n\n\n<p>El acto cont\u00f3 con la presencia de la ministra de H\u00e1bitat y Desarrollo Urbano, Silvina Batakis, y del intendente local, Javier Gast\u00f3n, entre otros funcionarios.<\/p>\n","protected":false},"excerpt":{"rendered":"<p>El gobernador de la provincia de Buenos Aires, Axel Kicillof, le pidi\u00f3 al Gobierno de Javier Milei que deje de lado las \u00abanteojeras ideol\u00f3gicas\u00bb y llam\u00f3 a \u00abfortalecer\u00bb el v\u00ednculo&hellip;<\/p>\n","protected":false},"author":3,"featured_media":7875,"comment_status":"closed","ping_status":"closed","sticky":false,"template":"","format":"standard","meta":{"footnotes":""},"categories":[4,13,14],"tags":[],"class_list":["post-7874","post","type-post","status-publish","format-standard","has-post-thumbnail","hentry","category-destacados","category-politica","category-provincial"],"rttpg_featured_image_url":{"full":["https:\/\/magazineweb.com.ar\/wp-content\/uploads\/2024\/12\/360.webp",540,360,false],"landscape":["https:\/\/magazineweb.com.ar\/wp-content\/uploads\/2024\/12\/360.webp",540,360,false],"portraits":["https:\/\/magazineweb.com.ar\/wp-content\/uploads\/2024\/12\/360.webp",540,360,false],"thumbnail":["https:\/\/magazineweb.com.ar\/wp-content\/uploads\/2024\/12\/360-150x150.webp",150,150,true],"medium":["https:\/\/magazineweb.com.ar\/wp-content\/uploads\/2024\/12\/360-300x200.webp",300,200,true],"large":["https:\/\/magazineweb.com.ar\/wp-content\/uploads\/2024\/12\/360.webp",540,360,false],"1536x1536":["https:\/\/magazineweb.com.ar\/wp-content\/uploads\/2024\/12\/360.webp",540,360,false],"2048x2048":["https:\/\/magazineweb.com.ar\/wp-content\/uploads\/2024\/12\/360.webp",540,360,false],"ultp_layout_landscape_large":["https:\/\/magazineweb.com.ar\/wp-content\/uploads\/2024\/12\/360.webp",540,360,false],"ultp_layout_landscape":["https:\/\/magazineweb.com.ar\/wp-content\/uploads\/2024\/12\/360.webp",540,360,false],"ultp_layout_portrait":["https:\/\/magazineweb.com.ar\/wp-content\/uploads\/2024\/12\/360.webp",540,360,false],"ultp_layout_square":["https:\/\/magazineweb.com.ar\/wp-content\/uploads\/2024\/12\/360.webp",540,360,false]},"rttpg_author":{"display_name":"Redacci\u00f3n Magazine Web","author_link":"https:\/\/magazineweb.com.ar\/?author=3"},"rttpg_comment":0,"rttpg_category":"<a href=\"https:\/\/magazineweb.com.ar\/?cat=4\" rel=\"category\">Destacados<\/a> <a href=\"https:\/\/magazineweb.com.ar\/?cat=13\" rel=\"category\">Pol\u00edtica<\/a> <a href=\"https:\/\/magazineweb.com.ar\/?cat=14\" rel=\"category\">Provincial<\/a>","rttpg_excerpt":"El gobernador de la provincia de Buenos Aires, Axel Kicillof, le pidi\u00f3 al Gobierno de Javier Milei que deje de lado las \u00abanteojeras ideol\u00f3gicas\u00bb y llam\u00f3 a \u00abfortalecer\u00bb el v\u00ednculo&hellip;","_links":{"self":[{"href":"https:\/\/magazineweb.com.ar\/index.php?rest_route=\/wp\/v2\/posts\/7874","targetHints":{"allow":["GET"]}}],"collection":[{"href":"https:\/\/magazineweb.com.ar\/index.php?rest_route=\/wp\/v2\/posts"}],"about":[{"href":"https:\/\/magazineweb.com.ar\/index.php?rest_route=\/wp\/v2\/types\/post"}],"author":[{"embeddable":true,"href":"https:\/\/magazineweb.com.ar\/index.php?rest_route=\/wp\/v2\/users\/3"}],"replies":[{"embeddable":true,"href":"https:\/\/magazineweb.com.ar\/index.php?rest_route=%2Fwp%2Fv2%2Fcomments&post=7874"}],"version-history":[{"count":1,"href":"https:\/\/magazineweb.com.ar\/index.php?rest_route=\/wp\/v2\/posts\/7874\/revisions"}],"predecessor-version":[{"id":7876,"href":"https:\/\/magazineweb.com.ar\/index.php?rest_route=\/wp\/v2\/posts\/7874\/revisions\/7876"}],"wp:featuredmedia":[{"embeddable":true,"href":"https:\/\/magazineweb.com.ar\/index.php?rest_route=\/wp\/v2\/media\/7875"}],"wp:attachment":[{"href":"https:\/\/magazineweb.com.ar\/index.php?rest_route=%2Fwp%2Fv2%2Fmedia&parent=7874"}],"wp:term":[{"taxonomy":"category","embeddable":true,"href":"https:\/\/magazineweb.com.ar\/index.php?rest_route=%2Fwp%2Fv2%2Fcategories&post=7874"},{"taxonomy":"post_tag","embeddable":true,"href":"https:\/\/magazineweb.com.ar\/index.php?rest_route=%2Fwp%2Fv2%2Ftags&post=7874"}],"curies":[{"name":"wp","href":"https:\/\/api.w.org\/{rel}","templated":true}]}}