{"id":7877,"date":"2024-12-05T01:01:00","date_gmt":"2024-12-05T04:01:00","guid":{"rendered":"https:\/\/magazineweb.com.ar\/?p=7877"},"modified":"2024-12-05T00:01:50","modified_gmt":"2024-12-05T03:01:50","slug":"aguiar-a-los-jubilados-este-gobierno-los-condeno-a-muerte","status":"publish","type":"post","link":"https:\/\/magazineweb.com.ar\/?p=7877","title":{"rendered":"Aguiar: \u00abA los jubilados este Gobierno los conden\u00f3 a muerte\u00bb"},"content":{"rendered":"\n<p>El secretario general de la Asociaci\u00f3n de Trabajadores del Estado (ATE), Rodolfo Aguiar,<br>cuestion\u00f3 duramente la medida del PAMI de recortar la cobertura de medicamentos y consider\u00f3 que es una \u00abcondena a muerte\u00bb para los adultos mayores.<\/p>\n\n\n\n<p>\u00abA partir de hace dos d\u00edas existe la pena de muerte en la Argentina\u00bb, ejemplific\u00f3 el dirigente gremial, que desarrolla tareas en el PAMI.<\/p>\n\n\n\n<p>En declaraciones a Radio Splendid, Aguiar subray\u00f3 que \u00aba los jubilados este gobierno los acaba de condenar a muerte\u00bb.<\/p>\n\n\n\n<p>\u00abPor un lado porque pasan hambre, porque el recorte en las jubilaciones ubic\u00f3 dr\u00e1sticamente a 5 millones de jubilados bajo la l\u00ednea de pobreza y a muchos bajo la l\u00ednea de indigencia. Y, por el<br>otro lado, porque le quit\u00f3 los medicamentos\u00bb, indic\u00f3 el titular de ATE Nacional.<\/p>\n\n\n\n<p>\u00abEstamos, sin lugar a dudas, ante un gobierno que mata\u00bb, enfatiz\u00f3 Aguiar.<\/p>\n\n\n\n<p>Tras el recorte de la cobertura en medicamentos para los afiliados al PAMI, el secretario general de ATE consider\u00f3 que \u00aba los que tienen que tomar cuatro o cinco pastillas por d\u00eda, si se<br>le quitan cuatro, se los est\u00e1 matando\u00bb.<\/p>\n\n\n\n<p>\u00abHoy los jubilados no tienen el derechos de acceder al servicio de salud\u00bb, recalc\u00f3 Aguiar, al tiempo que destac\u00f3 que \u00abel PAMI est\u00e1 al servicio de los negocios de las corporaciones privadas\u00bb.<\/p>\n","protected":false},"excerpt":{"rendered":"<p>El secretario general de la Asociaci\u00f3n de Trabajadores del Estado (ATE), Rodolfo Aguiar,cuestion\u00f3 duramente la medida del PAMI de recortar la cobertura de medicamentos y consider\u00f3 que es una \u00abcondena&hellip;<\/p>\n","protected":false},"author":3,"featured_media":7878,"comment_status":"closed","ping_status":"closed","sticky":false,"template":"","format":"standard","meta":{"footnotes":""},"categories":[4,17,13],"tags":[],"class_list":["post-7877","post","type-post","status-publish","format-standard","has-post-thumbnail","hentry","category-destacados","category-nacional","category-politica"],"rttpg_featured_image_url":{"full":["https:\/\/magazineweb.com.ar\/wp-content\/uploads\/2024\/12\/360-1.webp",532,360,false],"landscape":["https:\/\/magazineweb.com.ar\/wp-content\/uploads\/2024\/12\/360-1.webp",532,360,false],"portraits":["https:\/\/magazineweb.com.ar\/wp-content\/uploads\/2024\/12\/360-1.webp",532,360,false],"thumbnail":["https:\/\/magazineweb.com.ar\/wp-content\/uploads\/2024\/12\/360-1-150x150.webp",150,150,true],"medium":["https:\/\/magazineweb.com.ar\/wp-content\/uploads\/2024\/12\/360-1-300x203.webp",300,203,true],"large":["https:\/\/magazineweb.com.ar\/wp-content\/uploads\/2024\/12\/360-1.webp",532,360,false],"1536x1536":["https:\/\/magazineweb.com.ar\/wp-content\/uploads\/2024\/12\/360-1.webp",532,360,false],"2048x2048":["https:\/\/magazineweb.com.ar\/wp-content\/uploads\/2024\/12\/360-1.webp",532,360,false],"ultp_layout_landscape_large":["https:\/\/magazineweb.com.ar\/wp-content\/uploads\/2024\/12\/360-1.webp",532,360,false],"ultp_layout_landscape":["https:\/\/magazineweb.com.ar\/wp-content\/uploads\/2024\/12\/360-1.webp",532,360,false],"ultp_layout_portrait":["https:\/\/magazineweb.com.ar\/wp-content\/uploads\/2024\/12\/360-1.webp",532,360,false],"ultp_layout_square":["https:\/\/magazineweb.com.ar\/wp-content\/uploads\/2024\/12\/360-1.webp",532,360,false]},"rttpg_author":{"display_name":"Redacci\u00f3n Magazine Web","author_link":"https:\/\/magazineweb.com.ar\/?author=3"},"rttpg_comment":0,"rttpg_category":"<a href=\"https:\/\/magazineweb.com.ar\/?cat=4\" rel=\"category\">Destacados<\/a> <a href=\"https:\/\/magazineweb.com.ar\/?cat=17\" rel=\"category\">Nacional<\/a> <a href=\"https:\/\/magazineweb.com.ar\/?cat=13\" rel=\"category\">Pol\u00edtica<\/a>","rttpg_excerpt":"El secretario general de la Asociaci\u00f3n de Trabajadores del Estado (ATE), Rodolfo Aguiar,cuestion\u00f3 duramente la medida del PAMI de recortar la cobertura de medicamentos y consider\u00f3 que es una \u00abcondena&hellip;","_links":{"self":[{"href":"https:\/\/magazineweb.com.ar\/index.php?rest_route=\/wp\/v2\/posts\/7877","targetHints":{"allow":["GET"]}}],"collection":[{"href":"https:\/\/magazineweb.com.ar\/index.php?rest_route=\/wp\/v2\/posts"}],"about":[{"href":"https:\/\/magazineweb.com.ar\/index.php?rest_route=\/wp\/v2\/types\/post"}],"author":[{"embeddable":true,"href":"https:\/\/magazineweb.com.ar\/index.php?rest_route=\/wp\/v2\/users\/3"}],"replies":[{"embeddable":true,"href":"https:\/\/magazineweb.com.ar\/index.php?rest_route=%2Fwp%2Fv2%2Fcomments&post=7877"}],"version-history":[{"count":1,"href":"https:\/\/magazineweb.com.ar\/index.php?rest_route=\/wp\/v2\/posts\/7877\/revisions"}],"predecessor-version":[{"id":7879,"href":"https:\/\/magazineweb.com.ar\/index.php?rest_route=\/wp\/v2\/posts\/7877\/revisions\/7879"}],"wp:featuredmedia":[{"embeddable":true,"href":"https:\/\/magazineweb.com.ar\/index.php?rest_route=\/wp\/v2\/media\/7878"}],"wp:attachment":[{"href":"https:\/\/magazineweb.com.ar\/index.php?rest_route=%2Fwp%2Fv2%2Fmedia&parent=7877"}],"wp:term":[{"taxonomy":"category","embeddable":true,"href":"https:\/\/magazineweb.com.ar\/index.php?rest_route=%2Fwp%2Fv2%2Fcategories&post=7877"},{"taxonomy":"post_tag","embeddable":true,"href":"https:\/\/magazineweb.com.ar\/index.php?rest_route=%2Fwp%2Fv2%2Ftags&post=7877"}],"curies":[{"name":"wp","href":"https:\/\/api.w.org\/{rel}","templated":true}]}}