{"id":7886,"date":"2024-12-13T05:49:16","date_gmt":"2024-12-13T08:49:16","guid":{"rendered":"https:\/\/magazineweb.com.ar\/?p=7886"},"modified":"2024-12-15T09:34:06","modified_gmt":"2024-12-15T12:34:06","slug":"kicillof-estuvo-en-avellaneda-con-ferraresi-se-vienen-anos-de-resistir","status":"publish","type":"post","link":"https:\/\/magazineweb.com.ar\/?p=7886","title":{"rendered":"Kicillof estuvo en Avellaneda con Ferraresi: \u00abSe vienen a\u00f1os de resistir\u00bb"},"content":{"rendered":"\n<p>El gobernador de Buenos Aires, Axel Kicillof, visit\u00f3 Avellaneda, y junto al intendente local, Jorge Ferraresi, encabez\u00f3 un acto de entrega de viviendas en Sarand\u00ed.<\/p>\n\n\n\n<p>Adem\u00e1s, juntos recorrieron \u00abMotiva\u00bb, la primer exposici\u00f3n bonaerense de nuevas formas de trabajo y otras econom\u00edas, e inauguraron paneles solares en la T\u00e9cnica 4.<\/p>\n\n\n\n<p>\u00abLa nuestra es una Provincia de producci\u00f3n y trabajo. Siempre vamos a buscar el camino, la soluci\u00f3n. Esto es un ejemplo real de que las cosas se pueden hacer\u00bb, asegur\u00f3 Kicillof.<\/p>\n\n\n\n<p>Adem\u00e1s, expres\u00f3: \u00abTenemos que construirnos en una alternativa para que lo que pasa en Avellaneda, pase en toda la Argentina\u00bb.<\/p>\n\n\n\n<p>\u00abGracias Axel por comprometerte a so\u00f1ar un pa\u00eds en que la educaci\u00f3n sea una herramienta del proceso productivo. Es fundamental haber imaginado estas carreras en tiempos dif\u00edciles\u00bb,<br>indic\u00f3 Ferraresi.<\/p>\n\n\n\n<p>El intendente de Avellaneda se\u00f1al\u00f3: \u00abSe vienen a\u00f1os de resistir y proponer un modelo totalmente diferente al de Milei\u00bb.<\/p>\n\n\n\n<p>Kicillof destac\u00f3 que \u00abFerraresi siempre est\u00e1 un paso adelante en inversi\u00f3n e ideas nuevas\u00bb, al tiempo que consider\u00f3: \u00abSin escuela t\u00e9cnica, no hay industria y sin industria, no hay pa\u00eds\u00bb.<\/p>\n\n\n\n<p>De la actividad participaron el ministro de Desarrollo para la Comunidad, Andr\u00e9s \u00abCuervo\u00bb Larroque; el director de Cultura y Educaci\u00f3n bonaerense, Alberto Sileoni; y dirigentes de Avellaneda.<\/p>\n","protected":false},"excerpt":{"rendered":"<p>El gobernador de Buenos Aires, Axel Kicillof, visit\u00f3 Avellaneda, y junto al intendente local, Jorge Ferraresi, encabez\u00f3 un acto de entrega de viviendas en Sarand\u00ed. Adem\u00e1s, juntos recorrieron \u00abMotiva\u00bb, la&hellip;<\/p>\n","protected":false},"author":3,"featured_media":7887,"comment_status":"closed","ping_status":"closed","sticky":false,"template":"","format":"standard","meta":{"footnotes":""},"categories":[4,13,14],"tags":[],"class_list":["post-7886","post","type-post","status-publish","format-standard","has-post-thumbnail","hentry","category-destacados","category-politica","category-provincial"],"rttpg_featured_image_url":{"full":["https:\/\/magazineweb.com.ar\/wp-content\/uploads\/2024\/12\/3602.webp",540,360,false],"landscape":["https:\/\/magazineweb.com.ar\/wp-content\/uploads\/2024\/12\/3602.webp",540,360,false],"portraits":["https:\/\/magazineweb.com.ar\/wp-content\/uploads\/2024\/12\/3602.webp",540,360,false],"thumbnail":["https:\/\/magazineweb.com.ar\/wp-content\/uploads\/2024\/12\/3602-150x150.webp",150,150,true],"medium":["https:\/\/magazineweb.com.ar\/wp-content\/uploads\/2024\/12\/3602-300x200.webp",300,200,true],"large":["https:\/\/magazineweb.com.ar\/wp-content\/uploads\/2024\/12\/3602.webp",540,360,false],"1536x1536":["https:\/\/magazineweb.com.ar\/wp-content\/uploads\/2024\/12\/3602.webp",540,360,false],"2048x2048":["https:\/\/magazineweb.com.ar\/wp-content\/uploads\/2024\/12\/3602.webp",540,360,false],"ultp_layout_landscape_large":["https:\/\/magazineweb.com.ar\/wp-content\/uploads\/2024\/12\/3602.webp",540,360,false],"ultp_layout_landscape":["https:\/\/magazineweb.com.ar\/wp-content\/uploads\/2024\/12\/3602.webp",540,360,false],"ultp_layout_portrait":["https:\/\/magazineweb.com.ar\/wp-content\/uploads\/2024\/12\/3602.webp",540,360,false],"ultp_layout_square":["https:\/\/magazineweb.com.ar\/wp-content\/uploads\/2024\/12\/3602.webp",540,360,false]},"rttpg_author":{"display_name":"Redacci\u00f3n Magazine Web","author_link":"https:\/\/magazineweb.com.ar\/?author=3"},"rttpg_comment":0,"rttpg_category":"<a href=\"https:\/\/magazineweb.com.ar\/?cat=4\" rel=\"category\">Destacados<\/a> <a href=\"https:\/\/magazineweb.com.ar\/?cat=13\" rel=\"category\">Pol\u00edtica<\/a> <a href=\"https:\/\/magazineweb.com.ar\/?cat=14\" rel=\"category\">Provincial<\/a>","rttpg_excerpt":"El gobernador de Buenos Aires, Axel Kicillof, visit\u00f3 Avellaneda, y junto al intendente local, Jorge Ferraresi, encabez\u00f3 un acto de entrega de viviendas en Sarand\u00ed. Adem\u00e1s, juntos recorrieron \u00abMotiva\u00bb, la&hellip;","_links":{"self":[{"href":"https:\/\/magazineweb.com.ar\/index.php?rest_route=\/wp\/v2\/posts\/7886","targetHints":{"allow":["GET"]}}],"collection":[{"href":"https:\/\/magazineweb.com.ar\/index.php?rest_route=\/wp\/v2\/posts"}],"about":[{"href":"https:\/\/magazineweb.com.ar\/index.php?rest_route=\/wp\/v2\/types\/post"}],"author":[{"embeddable":true,"href":"https:\/\/magazineweb.com.ar\/index.php?rest_route=\/wp\/v2\/users\/3"}],"replies":[{"embeddable":true,"href":"https:\/\/magazineweb.com.ar\/index.php?rest_route=%2Fwp%2Fv2%2Fcomments&post=7886"}],"version-history":[{"count":2,"href":"https:\/\/magazineweb.com.ar\/index.php?rest_route=\/wp\/v2\/posts\/7886\/revisions"}],"predecessor-version":[{"id":7889,"href":"https:\/\/magazineweb.com.ar\/index.php?rest_route=\/wp\/v2\/posts\/7886\/revisions\/7889"}],"wp:featuredmedia":[{"embeddable":true,"href":"https:\/\/magazineweb.com.ar\/index.php?rest_route=\/wp\/v2\/media\/7887"}],"wp:attachment":[{"href":"https:\/\/magazineweb.com.ar\/index.php?rest_route=%2Fwp%2Fv2%2Fmedia&parent=7886"}],"wp:term":[{"taxonomy":"category","embeddable":true,"href":"https:\/\/magazineweb.com.ar\/index.php?rest_route=%2Fwp%2Fv2%2Fcategories&post=7886"},{"taxonomy":"post_tag","embeddable":true,"href":"https:\/\/magazineweb.com.ar\/index.php?rest_route=%2Fwp%2Fv2%2Ftags&post=7886"}],"curies":[{"name":"wp","href":"https:\/\/api.w.org\/{rel}","templated":true}]}}