{"id":7923,"date":"2024-12-24T01:05:00","date_gmt":"2024-12-24T04:05:00","guid":{"rendered":"https:\/\/magazineweb.com.ar\/?p=7923"},"modified":"2024-12-23T14:02:33","modified_gmt":"2024-12-23T17:02:33","slug":"ate-le-exige-la-reapertura-de-paritarias-al-gobierno-nacional-antes-de-fin-de-ano","status":"publish","type":"post","link":"https:\/\/magazineweb.com.ar\/?p=7923","title":{"rendered":"ATE le exige la reapertura de paritarias al Gobierno Nacional \u00abantes de fin de a\u00f1o\u00bb"},"content":{"rendered":"\n<p>El secretario general de la Asociaci\u00f3n de Trabajadores del Estado (ATE), Rodolfo Aguiar, le exigi\u00f3 al Gobierno Nacional la reapertura de paritarias y, adem\u00e1s, sum\u00f3 al pedido \u201cuna recomposici\u00f3n salarial de emergencia\u201d.<\/p>\n\n\n\n<p>A trav\u00e9s de un comunicado, el gremio de empleados p\u00fablicos inform\u00f3 que \u201cla pol\u00edtica salarial impulsada desde la Casa Rosada empuj\u00f3 a m\u00e1s del 80% de los estatales a la pobreza\u201d; asimismo, aseguraron que los sueldos \u201cno alcanzan ni para cubrir las m\u00ednimas prestaciones garantizadas por la ley\u201d.<\/p>\n\n\n\n<p>Por su parte, Aguiar sostuvo que la reapertura de paritarias deber\u00eda ser \u201cantes del 31 de diciembre\u201d y que, en el caso de que no haya convocatoria para llevar adelante las negociaciones, se podr\u00edan determinar medidas de acci\u00f3n directa \u201cpara el inicio del 2025\u201d.<\/p>\n\n\n\n<p>\u201cEs imperiosa la necesidad de que se reabran las negociaciones antes de fin de a\u00f1o. El ajuste aplicado en el sector p\u00fablico durante el 2024 destruy\u00f3 todos los salarios. Necesitamos que sea compensando el grave deterioro que han tenido nuestros ingresos. El bono de $30.000 otorgado y avalado por otro sindicato es una ofensa, no alcanza para nada\u201d, asegur\u00f3 el secretario general.<\/p>\n\n\n\n<p>En un pedido formal, dirigido al Ministerio de Desregulaci\u00f3n y Transformaci\u00f3n del Estado, que conduce Federico Sturzenegger, y a la Secretar\u00eda de Trabajo de Julio Cordero, el sindicato exigi\u00f3 \u201csalarios dignos que aseguren alimentaci\u00f3n adecuada, vivienda digna, educaci\u00f3n, vestuario, asistencia sanitaria, transporte y esparcimiento, vacaciones y previsi\u00f3n; aumentos salariales por encima de la inflaci\u00f3n; apertura de convenios colectivos de trabajo sectoriales, especialmente los m\u00e1s postergados; asegurar la continuidad de todos los procesos de regularizaci\u00f3n del empleo p\u00fablico y pases a planta permanente; el cese del ajuste y los despidos y la reincorporaci\u00f3n inmediata de los trabajadores despedidos a partir del 10 de diciembre de 2023\u201d.<\/p>\n\n\n\n<p>Asimismo, indicaron que la p\u00e9rdida del poder adquisitivo en la Administraci\u00f3n P\u00fablica Nacional super\u00f3 el 40% en el 2024 y que, \u201cutilizando los datos recabados por el INDEC\u201d, se determin\u00f3 que el ingreso m\u00ednimo, \u201cno el \u00f3ptimo ni el deseable\u201d, deber\u00eda ser de $1.547.169.<\/p>\n\n\n\n<p>\u201cHoy todos los empleados p\u00fablicos que tienen que pagar un alquiler no llegan ni siquiera a mitad de mes. El recorte salarial en la Administraci\u00f3n P\u00fablica es dram\u00e1tico. Si no existe una respuesta a este pedido concreto, en el inicio del pr\u00f3ximo a\u00f1o habr\u00e1 un aumento de la conflictividad\u201d, concluy\u00f3 Aguiar.<\/p>\n","protected":false},"excerpt":{"rendered":"<p>El secretario general de la Asociaci\u00f3n de Trabajadores del Estado (ATE), Rodolfo Aguiar, le exigi\u00f3 al Gobierno Nacional la reapertura de paritarias y, adem\u00e1s, sum\u00f3 al pedido \u201cuna recomposici\u00f3n salarial&hellip;<\/p>\n","protected":false},"author":3,"featured_media":7924,"comment_status":"closed","ping_status":"closed","sticky":false,"template":"","format":"standard","meta":{"footnotes":""},"categories":[17,13],"tags":[],"class_list":["post-7923","post","type-post","status-publish","format-standard","has-post-thumbnail","hentry","category-nacional","category-politica"],"rttpg_featured_image_url":{"full":["https:\/\/magazineweb.com.ar\/wp-content\/uploads\/2024\/12\/720q.webp",1080,720,false],"landscape":["https:\/\/magazineweb.com.ar\/wp-content\/uploads\/2024\/12\/720q.webp",1080,720,false],"portraits":["https:\/\/magazineweb.com.ar\/wp-content\/uploads\/2024\/12\/720q.webp",1080,720,false],"thumbnail":["https:\/\/magazineweb.com.ar\/wp-content\/uploads\/2024\/12\/720q-150x150.webp",150,150,true],"medium":["https:\/\/magazineweb.com.ar\/wp-content\/uploads\/2024\/12\/720q-300x200.webp",300,200,true],"large":["https:\/\/magazineweb.com.ar\/wp-content\/uploads\/2024\/12\/720q-1024x683.webp",1024,683,true],"1536x1536":["https:\/\/magazineweb.com.ar\/wp-content\/uploads\/2024\/12\/720q.webp",1080,720,false],"2048x2048":["https:\/\/magazineweb.com.ar\/wp-content\/uploads\/2024\/12\/720q.webp",1080,720,false],"ultp_layout_landscape_large":["https:\/\/magazineweb.com.ar\/wp-content\/uploads\/2024\/12\/720q.webp",1080,720,false],"ultp_layout_landscape":["https:\/\/magazineweb.com.ar\/wp-content\/uploads\/2024\/12\/720q-870x570.webp",870,570,true],"ultp_layout_portrait":["https:\/\/magazineweb.com.ar\/wp-content\/uploads\/2024\/12\/720q-600x720.webp",600,720,true],"ultp_layout_square":["https:\/\/magazineweb.com.ar\/wp-content\/uploads\/2024\/12\/720q-600x600.webp",600,600,true]},"rttpg_author":{"display_name":"Redacci\u00f3n Magazine Web","author_link":"https:\/\/magazineweb.com.ar\/?author=3"},"rttpg_comment":0,"rttpg_category":"<a href=\"https:\/\/magazineweb.com.ar\/?cat=17\" rel=\"category\">Nacional<\/a> <a href=\"https:\/\/magazineweb.com.ar\/?cat=13\" rel=\"category\">Pol\u00edtica<\/a>","rttpg_excerpt":"El secretario general de la Asociaci\u00f3n de Trabajadores del Estado (ATE), Rodolfo Aguiar, le exigi\u00f3 al Gobierno Nacional la reapertura de paritarias y, adem\u00e1s, sum\u00f3 al pedido \u201cuna recomposici\u00f3n salarial&hellip;","_links":{"self":[{"href":"https:\/\/magazineweb.com.ar\/index.php?rest_route=\/wp\/v2\/posts\/7923","targetHints":{"allow":["GET"]}}],"collection":[{"href":"https:\/\/magazineweb.com.ar\/index.php?rest_route=\/wp\/v2\/posts"}],"about":[{"href":"https:\/\/magazineweb.com.ar\/index.php?rest_route=\/wp\/v2\/types\/post"}],"author":[{"embeddable":true,"href":"https:\/\/magazineweb.com.ar\/index.php?rest_route=\/wp\/v2\/users\/3"}],"replies":[{"embeddable":true,"href":"https:\/\/magazineweb.com.ar\/index.php?rest_route=%2Fwp%2Fv2%2Fcomments&post=7923"}],"version-history":[{"count":1,"href":"https:\/\/magazineweb.com.ar\/index.php?rest_route=\/wp\/v2\/posts\/7923\/revisions"}],"predecessor-version":[{"id":7925,"href":"https:\/\/magazineweb.com.ar\/index.php?rest_route=\/wp\/v2\/posts\/7923\/revisions\/7925"}],"wp:featuredmedia":[{"embeddable":true,"href":"https:\/\/magazineweb.com.ar\/index.php?rest_route=\/wp\/v2\/media\/7924"}],"wp:attachment":[{"href":"https:\/\/magazineweb.com.ar\/index.php?rest_route=%2Fwp%2Fv2%2Fmedia&parent=7923"}],"wp:term":[{"taxonomy":"category","embeddable":true,"href":"https:\/\/magazineweb.com.ar\/index.php?rest_route=%2Fwp%2Fv2%2Fcategories&post=7923"},{"taxonomy":"post_tag","embeddable":true,"href":"https:\/\/magazineweb.com.ar\/index.php?rest_route=%2Fwp%2Fv2%2Ftags&post=7923"}],"curies":[{"name":"wp","href":"https:\/\/api.w.org\/{rel}","templated":true}]}}