{"id":7926,"date":"2024-12-24T01:07:00","date_gmt":"2024-12-24T04:07:00","guid":{"rendered":"https:\/\/magazineweb.com.ar\/?p=7926"},"modified":"2024-12-23T14:08:40","modified_gmt":"2024-12-23T17:08:40","slug":"axel-kicillof-los-bonaerenses-necesitamos-mas-estado-y-mas-derechos","status":"publish","type":"post","link":"https:\/\/magazineweb.com.ar\/?p=7926","title":{"rendered":"Axel Kicillof: \u00abLos bonaerenses necesitamos m\u00e1s Estado y m\u00e1s derechos\u00bb"},"content":{"rendered":"\n<p>El gobernador de la provincia de Buenos Aires, Axel Kicillof, en una especie de balance de fin de a\u00f1o, asegur\u00f3 que&nbsp;<em>\u201clos bonaerenses<\/em>\u00bb necesitan \u00ab<em>m\u00e1s Estado y m\u00e1s derechos\u201d.&nbsp;<\/em><\/p>\n\n\n\n<p>En el marco de esta contin\u00faa disputa con el Gobierno Nacional y las pol\u00edticas aplicadas por el presidente Javier Milei y su equipo, el mandatario provincial apunta a que el mensaje de su gesti\u00f3n&nbsp;<em>\u201cllegue a todos\u201d.&nbsp;<\/em><\/p>\n\n\n\n<p><em>\u201cEl a\u00f1o que viene tenemos la enorme tarea de explicarle al pueblo de la provincia que lo que hay que resolver es si habr\u00e1 m\u00e1s o menos educaci\u00f3n p\u00fablica, salud, cloacas, obras o seguridad\u201d<\/em>, manifest\u00f3.<\/p>\n\n\n\n<p>En la misma l\u00ednea, indic\u00f3 que, desde la provincia de Buenos Aires, \u201c<em>tienen que juntar fuerzas\u201d&nbsp;<\/em>y<em>&nbsp;\u201cacumular voluntades\u201d: \u201c\u00a1A no bajar los brazos!<\/em>\u201d, exclam\u00f3.&nbsp;<\/p>\n\n\n\n<p>Estas declaraciones surgen luego de que, el pasado viernes, Kicillof encabezara un acto en la ciudad de La Plata y se asuma como referente de una coalici\u00f3n pol\u00edtica para enfrentar a Milei.<\/p>\n\n\n\n<p>\u00ab<em>Tengo la obligaci\u00f3n de ponerme al hombro la construcci\u00f3n de un frente pol\u00edtico que sea una alternativa para el futuro de nuestra provincia<\/em>\u00ab, sostuvo entre ministros provinciales y figuras locales.<\/p>\n\n\n\n<p>Durante su discurso indic\u00f3 que esta fuerza \u201c<em>debe contener a los sectores que est\u00e1n en lucha y tomaron la calle\u00bb&nbsp;<\/em>para pelear en contra de las pol\u00edticas llevadas a cabo por el oficialismo. &nbsp;&nbsp;<\/p>\n\n\n\n<p>Para terminar, asever\u00f3 que el Gobierno Nacional tiene un modelo econ\u00f3mico que se basa en ser&nbsp;<em>\u00abuna fiesta\u00bb&nbsp;<\/em>para&nbsp;<em>\u201cmuy poquitos\u201d: &nbsp;\u201cEs&nbsp;un negocio para unos pocos y la p\u00e9rdida del empleo, el salario y la desgracia para las grandes mayor\u00edas\u201d, concluy\u00f3.&nbsp;<\/em><\/p>\n","protected":false},"excerpt":{"rendered":"<p>El gobernador de la provincia de Buenos Aires, Axel Kicillof, en una especie de balance de fin de a\u00f1o, asegur\u00f3 que&nbsp;\u201clos bonaerenses\u00bb necesitan \u00abm\u00e1s Estado y m\u00e1s derechos\u201d.&nbsp; En el&hellip;<\/p>\n","protected":false},"author":3,"featured_media":7927,"comment_status":"closed","ping_status":"closed","sticky":false,"template":"","format":"standard","meta":{"footnotes":""},"categories":[13,14],"tags":[],"class_list":["post-7926","post","type-post","status-publish","format-standard","has-post-thumbnail","hentry","category-politica","category-provincial"],"rttpg_featured_image_url":{"full":["https:\/\/magazineweb.com.ar\/wp-content\/uploads\/2024\/12\/720-5.webp",1046,720,false],"landscape":["https:\/\/magazineweb.com.ar\/wp-content\/uploads\/2024\/12\/720-5.webp",1046,720,false],"portraits":["https:\/\/magazineweb.com.ar\/wp-content\/uploads\/2024\/12\/720-5.webp",1046,720,false],"thumbnail":["https:\/\/magazineweb.com.ar\/wp-content\/uploads\/2024\/12\/720-5-150x150.webp",150,150,true],"medium":["https:\/\/magazineweb.com.ar\/wp-content\/uploads\/2024\/12\/720-5-300x207.webp",300,207,true],"large":["https:\/\/magazineweb.com.ar\/wp-content\/uploads\/2024\/12\/720-5-1024x705.webp",1024,705,true],"1536x1536":["https:\/\/magazineweb.com.ar\/wp-content\/uploads\/2024\/12\/720-5.webp",1046,720,false],"2048x2048":["https:\/\/magazineweb.com.ar\/wp-content\/uploads\/2024\/12\/720-5.webp",1046,720,false],"ultp_layout_landscape_large":["https:\/\/magazineweb.com.ar\/wp-content\/uploads\/2024\/12\/720-5.webp",1046,720,false],"ultp_layout_landscape":["https:\/\/magazineweb.com.ar\/wp-content\/uploads\/2024\/12\/720-5-870x570.webp",870,570,true],"ultp_layout_portrait":["https:\/\/magazineweb.com.ar\/wp-content\/uploads\/2024\/12\/720-5-600x720.webp",600,720,true],"ultp_layout_square":["https:\/\/magazineweb.com.ar\/wp-content\/uploads\/2024\/12\/720-5-600x600.webp",600,600,true]},"rttpg_author":{"display_name":"Redacci\u00f3n Magazine Web","author_link":"https:\/\/magazineweb.com.ar\/?author=3"},"rttpg_comment":0,"rttpg_category":"<a href=\"https:\/\/magazineweb.com.ar\/?cat=13\" rel=\"category\">Pol\u00edtica<\/a> <a href=\"https:\/\/magazineweb.com.ar\/?cat=14\" rel=\"category\">Provincial<\/a>","rttpg_excerpt":"El gobernador de la provincia de Buenos Aires, Axel Kicillof, en una especie de balance de fin de a\u00f1o, asegur\u00f3 que&nbsp;\u201clos bonaerenses\u00bb necesitan \u00abm\u00e1s Estado y m\u00e1s derechos\u201d.&nbsp; En el&hellip;","_links":{"self":[{"href":"https:\/\/magazineweb.com.ar\/index.php?rest_route=\/wp\/v2\/posts\/7926","targetHints":{"allow":["GET"]}}],"collection":[{"href":"https:\/\/magazineweb.com.ar\/index.php?rest_route=\/wp\/v2\/posts"}],"about":[{"href":"https:\/\/magazineweb.com.ar\/index.php?rest_route=\/wp\/v2\/types\/post"}],"author":[{"embeddable":true,"href":"https:\/\/magazineweb.com.ar\/index.php?rest_route=\/wp\/v2\/users\/3"}],"replies":[{"embeddable":true,"href":"https:\/\/magazineweb.com.ar\/index.php?rest_route=%2Fwp%2Fv2%2Fcomments&post=7926"}],"version-history":[{"count":1,"href":"https:\/\/magazineweb.com.ar\/index.php?rest_route=\/wp\/v2\/posts\/7926\/revisions"}],"predecessor-version":[{"id":7928,"href":"https:\/\/magazineweb.com.ar\/index.php?rest_route=\/wp\/v2\/posts\/7926\/revisions\/7928"}],"wp:featuredmedia":[{"embeddable":true,"href":"https:\/\/magazineweb.com.ar\/index.php?rest_route=\/wp\/v2\/media\/7927"}],"wp:attachment":[{"href":"https:\/\/magazineweb.com.ar\/index.php?rest_route=%2Fwp%2Fv2%2Fmedia&parent=7926"}],"wp:term":[{"taxonomy":"category","embeddable":true,"href":"https:\/\/magazineweb.com.ar\/index.php?rest_route=%2Fwp%2Fv2%2Fcategories&post=7926"},{"taxonomy":"post_tag","embeddable":true,"href":"https:\/\/magazineweb.com.ar\/index.php?rest_route=%2Fwp%2Fv2%2Ftags&post=7926"}],"curies":[{"name":"wp","href":"https:\/\/api.w.org\/{rel}","templated":true}]}}