{"id":7929,"date":"2024-12-24T01:01:00","date_gmt":"2024-12-24T04:01:00","guid":{"rendered":"https:\/\/magazineweb.com.ar\/?p=7929"},"modified":"2024-12-23T14:18:10","modified_gmt":"2024-12-23T17:18:10","slug":"bianco-sobre-kicillof-no-tiene-mas-opcion-que-armar-un-frente-politico-para-defender-a-los-bonaerenses","status":"publish","type":"post","link":"https:\/\/magazineweb.com.ar\/?p=7929","title":{"rendered":"Bianco, sobre Kicillof: \u00abno tiene m\u00e1s opci\u00f3n que armar un frente pol\u00edtico para defender a los bonaerenses\u00bb"},"content":{"rendered":"\n<p>El ministro de Gobierno de la provincia de Buenos Aires, Carlos Bianco, sostuvo, que el gobernador Axel Kicillof \u201cno tiene m\u00e1s opci\u00f3n que armar un frente pol\u00edtico para defender las instituciones y el bienestar de los bonaerenses\u201d.<\/p>\n\n\n\n<p>En la ante\u00faltima conferencia de prensa, el funcionario manifest\u00f3 que este nuevo espacio \u201cno est\u00e1 orientado\u201d s\u00f3lo a los peronistas, sino que est\u00e1n convocados \u201ctodos aquellos que comulguen en la l\u00ednea b\u00e1sica de pensamiento\u201d y que tengan en com\u00fan las ideas que persiguen desde la gesti\u00f3n provincial.<\/p>\n\n\n\n<p>\u201cNecesitamos ampliar la representaci\u00f3n de todos aquellos que est\u00e1n a favor de un gobierno y un Estado presente en sus distintias competencias y obligaciones. Invitamos a todos aquellos que est\u00e9n de acuerdo en fortalecer la salud p\u00fablica, la seguridad, la eduacaci\u00f3n y a los que pensamos que, con un Estado que fomente la producci\u00f3n y el trabajo, se va a crecer m\u00e1s r\u00e1pido y se van a distribuir mejor los ingresos. Y a todos aquellos que crean en los derechos humanos y que estemos a favor de la democracia, a diferencia de los que apoyan el autoritarismo que est\u00e1 mostrando el Gobierno Nacional\u201d, expres\u00f3 Bianco.<\/p>\n\n\n\n<p>En la misma l\u00ednea, indic\u00f3 que es un frente pol\u00edtico que primero \u201chay que construir en la provincia y luego a nivel nacional\u201d, pero remarc\u00f3 que las pr\u00f3ximas \u201cson elecciones provinciales\u201d y, por lo tanto, el gobernador como cabeza pol\u00edtica, \u201cest\u00e1 obligado\u201d a llamar a la construcci\u00f3n espacio con todos aquellos que tengan en com\u00fan los consensos \u201cb\u00e1sicos\u201d de la democracia y de un proceso de desarrollo de la provincia de Buenos Aires.<\/p>\n\n\n\n<p>Por otra parte, y de acuerdo con el presupuesto bonaerense que debe debatirse a\u00fan en la Legislatura local, Bianco le pidi\u00f3 a los intendentes del distrito que los ayuden en la votaci\u00f3n, si no \u201cva a ser realmente muy dif\u00edcil encarar la obra p\u00fablica\u201d durante el 2025. Adem\u00e1s, que lo que se propone \u201ces un presupuesto razonable\u201d.<\/p>\n\n\n\n<p>\u201cLe pedimos a la oposici\u00f3n que entienda esta necesidad y que sabemos que gran parte de los reclamos que hacen permanentemente son leg\u00edtimos. Ayer, hasta las 12 de la noche me qued\u00e9 contestando WhatsApp de intendentes de la oposici\u00f3n que te piden un asfalto en una entrada a un pueblo, una ambulancia, patrulleros, obras p\u00fablicas, cloacas\u2026 y yo lo que les estoy contestando es que nos den una manito con el presupuesto\u201d, indic\u00f3<\/p>\n\n\n\n<p>En otro orden, y continuando con la diferenciaci\u00f3n acentuada entre la gesti\u00f3n del gobernador Axel Kicillof y la del presidente Javier Milei, el ministro de Gobierno se\u00f1al\u00f3 que el mandatario provincial \u201cen contramano\u201d de lo que sucede en el Ejecutivo Nacional \u201cdecidi\u00f3 lanzar 73 licitaciones destinadas a obras p\u00fablicas\u201d<\/p>\n\n\n\n<p>\u201cYo busqu\u00e9 la \u2018partida casta\u2019 para ver d\u00f3nde estaba el recorte y no lo encontr\u00e9. El ajuste m\u00e1s grande en las \u00faltimas cuatro d\u00e9cadas impact\u00f3 en el \u00e1rea provisional, en los presupuestos de las provincias, en las obras p\u00fablicas, que hay m\u00e1s de mil paradas, en programas de asistencia social, en subsidios a la energ\u00eda y en los salarios de los trabajadores. La \u2018l\u00ednea casta\u2019 no aparece por ning\u00fan lado. Lo ha sufrido el pueblo argentino en general y el pueblo bonaerense en particular\u201d, indic\u00f3 Bianco.<\/p>\n\n\n\n<p>Adem\u00e1s, afirm\u00f3 que durante el mes de octubre hubo casi un 1% menos en la actividad metal\u00fargica que, en t\u00e9rminos acumulados, es un 13%; lo mismo sucede en el sector de la construcci\u00f3n, que tracciona a otros subsectores vinculados a la producci\u00f3n de insumos y que es un sector \u201cmuy intensivo\u201d en mano de obra.<\/p>\n\n\n\n<p>Posteriormente, Bianco hizo referencia a una encuesta sobre empresarios constructores y asegur\u00f3 que \u201c7 de cada 10 dijeron que est\u00e1n peor que el a\u00f1o pasado\u201d, que s\u00f3lo el 20% logr\u00f3 \u201cmantener su actividad\u201d y un 10% la \u201chab\u00eda aumentado\u201d, respecto del a\u00f1o anterior.<\/p>\n\n\n\n<p>\u201cLa gran mayor\u00eda se vio impactado negativamente por las pol\u00edticas del Gobierno Nacional. Algunas noticias se conocieron la semana pasada sobre suspensiones y despidos por parte de muchas empresas de distintos sectores, localizadas en la provincia de Buenos Aires, muy afectadas por las pol\u00edticas macroecon\u00f3micas y de ajuste, porque hoy el negocio est\u00e1 en lo financiero y no est\u00e1 en lo productivo\u201d, se\u00f1al\u00f3.<\/p>\n\n\n\n<p>Para finalizar, manifest\u00f3 que las pol\u00edticas llevadas a cabo durante el primer a\u00f1o de Javier Milei \u201cimpactan\u201d en el desempleo de sectores como alimentos, calzado, neum\u00e1ticos y comercial, entre otros.<\/p>\n\n\n\n<p>\u201cEn el tercer trimestre de este a\u00f1o, aument\u00f3 el desempleo al 6,9% de acuerdo a la encuesta permanente de hogares del INDEC, contra el tercer trimestre del a\u00f1o pasado, donde hab\u00eda un 5,7%. Eso implica que unas 300.000 personas est\u00e1n desocupadas respecto de la cantidad del a\u00f1o pasado y tambi\u00e9n que creci\u00f3 un 18% la cantidad de personas que est\u00e1n ocupadas que, teniendo trabajo, tienen que salir a buscar nuevos trabajos porque, obviamente, no le alcanzan los salarios para llegar a fin de mes\u201d, explic\u00f3.<\/p>\n\n\n\n<p>Por \u00faltimo, mencion\u00f3 datos de consumo que van en baja y que se centralizan en la compra de productos t\u00edpicos de la canasta b\u00e1sica como, por ejemplo, la carne: por habitante merm\u00f3 un 11,1% respecto al promedio enero-noviembre del a\u00f1o pasado, es decir, casi 6 kilos menos de carne por ciudadano.<\/p>\n\n\n\n<p>\u201cEn s\u00edntesis, gran ajuste, impacto muy fuerte en la econom\u00eda real, impacto muy fuerte y negativo en el empleo y, obviamente, tambi\u00e9n en el consumo. Estamos lejos de tener una econom\u00eda en crecimiento \u2018que pronto va a estar volando\u2019, como dijo el Presidente Milei\u201d, concluy\u00f3.<\/p>\n","protected":false},"excerpt":{"rendered":"<p>El ministro de Gobierno de la provincia de Buenos Aires, Carlos Bianco, sostuvo, que el gobernador Axel Kicillof \u201cno tiene m\u00e1s opci\u00f3n que armar un frente pol\u00edtico para defender las&hellip;<\/p>\n","protected":false},"author":3,"featured_media":7930,"comment_status":"closed","ping_status":"closed","sticky":false,"template":"","format":"standard","meta":{"footnotes":""},"categories":[4,13,14],"tags":[],"class_list":["post-7929","post","type-post","status-publish","format-standard","has-post-thumbnail","hentry","category-destacados","category-politica","category-provincial"],"rttpg_featured_image_url":{"full":["https:\/\/magazineweb.com.ar\/wp-content\/uploads\/2024\/12\/720-6.webp",1079,720,false],"landscape":["https:\/\/magazineweb.com.ar\/wp-content\/uploads\/2024\/12\/720-6.webp",1079,720,false],"portraits":["https:\/\/magazineweb.com.ar\/wp-content\/uploads\/2024\/12\/720-6.webp",1079,720,false],"thumbnail":["https:\/\/magazineweb.com.ar\/wp-content\/uploads\/2024\/12\/720-6-150x150.webp",150,150,true],"medium":["https:\/\/magazineweb.com.ar\/wp-content\/uploads\/2024\/12\/720-6-300x200.webp",300,200,true],"large":["https:\/\/magazineweb.com.ar\/wp-content\/uploads\/2024\/12\/720-6-1024x683.webp",1024,683,true],"1536x1536":["https:\/\/magazineweb.com.ar\/wp-content\/uploads\/2024\/12\/720-6.webp",1079,720,false],"2048x2048":["https:\/\/magazineweb.com.ar\/wp-content\/uploads\/2024\/12\/720-6.webp",1079,720,false],"ultp_layout_landscape_large":["https:\/\/magazineweb.com.ar\/wp-content\/uploads\/2024\/12\/720-6.webp",1079,720,false],"ultp_layout_landscape":["https:\/\/magazineweb.com.ar\/wp-content\/uploads\/2024\/12\/720-6-870x570.webp",870,570,true],"ultp_layout_portrait":["https:\/\/magazineweb.com.ar\/wp-content\/uploads\/2024\/12\/720-6-600x720.webp",600,720,true],"ultp_layout_square":["https:\/\/magazineweb.com.ar\/wp-content\/uploads\/2024\/12\/720-6-600x600.webp",600,600,true]},"rttpg_author":{"display_name":"Redacci\u00f3n Magazine Web","author_link":"https:\/\/magazineweb.com.ar\/?author=3"},"rttpg_comment":0,"rttpg_category":"<a href=\"https:\/\/magazineweb.com.ar\/?cat=4\" rel=\"category\">Destacados<\/a> <a href=\"https:\/\/magazineweb.com.ar\/?cat=13\" rel=\"category\">Pol\u00edtica<\/a> <a href=\"https:\/\/magazineweb.com.ar\/?cat=14\" rel=\"category\">Provincial<\/a>","rttpg_excerpt":"El ministro de Gobierno de la provincia de Buenos Aires, Carlos Bianco, sostuvo, que el gobernador Axel Kicillof \u201cno tiene m\u00e1s opci\u00f3n que armar un frente pol\u00edtico para defender las&hellip;","_links":{"self":[{"href":"https:\/\/magazineweb.com.ar\/index.php?rest_route=\/wp\/v2\/posts\/7929","targetHints":{"allow":["GET"]}}],"collection":[{"href":"https:\/\/magazineweb.com.ar\/index.php?rest_route=\/wp\/v2\/posts"}],"about":[{"href":"https:\/\/magazineweb.com.ar\/index.php?rest_route=\/wp\/v2\/types\/post"}],"author":[{"embeddable":true,"href":"https:\/\/magazineweb.com.ar\/index.php?rest_route=\/wp\/v2\/users\/3"}],"replies":[{"embeddable":true,"href":"https:\/\/magazineweb.com.ar\/index.php?rest_route=%2Fwp%2Fv2%2Fcomments&post=7929"}],"version-history":[{"count":1,"href":"https:\/\/magazineweb.com.ar\/index.php?rest_route=\/wp\/v2\/posts\/7929\/revisions"}],"predecessor-version":[{"id":7931,"href":"https:\/\/magazineweb.com.ar\/index.php?rest_route=\/wp\/v2\/posts\/7929\/revisions\/7931"}],"wp:featuredmedia":[{"embeddable":true,"href":"https:\/\/magazineweb.com.ar\/index.php?rest_route=\/wp\/v2\/media\/7930"}],"wp:attachment":[{"href":"https:\/\/magazineweb.com.ar\/index.php?rest_route=%2Fwp%2Fv2%2Fmedia&parent=7929"}],"wp:term":[{"taxonomy":"category","embeddable":true,"href":"https:\/\/magazineweb.com.ar\/index.php?rest_route=%2Fwp%2Fv2%2Fcategories&post=7929"},{"taxonomy":"post_tag","embeddable":true,"href":"https:\/\/magazineweb.com.ar\/index.php?rest_route=%2Fwp%2Fv2%2Ftags&post=7929"}],"curies":[{"name":"wp","href":"https:\/\/api.w.org\/{rel}","templated":true}]}}