{"id":7972,"date":"2024-12-30T01:09:00","date_gmt":"2024-12-30T04:09:00","guid":{"rendered":"https:\/\/magazineweb.com.ar\/?p=7972"},"modified":"2024-12-28T16:02:26","modified_gmt":"2024-12-28T19:02:26","slug":"la-6ta-edicion-de-la-noche-de-bera-tuvo-una-gran-convocatoria","status":"publish","type":"post","link":"https:\/\/magazineweb.com.ar\/?p=7972","title":{"rendered":"La 6ta edici\u00f3n de \u00abLa Noche de Bera\u00bb tuvo una gran convocatoria"},"content":{"rendered":"\n<p>Se llev\u00f3 a cabo la edici\u00f3n 2024 de \u201cLa Noche de Bera\u201d, donde vecinos y vecinas accedieron a importantes descuentos y disfrutaron de shows y sorteos, en el marco de las Fiestas de Navidad y A\u00f1o Nuevo.<\/p>\n\n\n\n<p>Durante la propuesta, los comercios adheridos -en articulaci\u00f3n con las distintas \u00e1reas de la Municipalidad de Berazategui- ofrecieron promociones y realizaron sorteos, shows en vivo y distintos entretenimientos para toda la familia. Adem\u00e1s, hubo una variada oferta gastron\u00f3mica.<\/p>\n\n\n\n<p>Alberto Ch\u00e1vez, due\u00f1o de la tienda de indumentaria Sorpresa, indic\u00f3: \u201cSoy comerciante local desde hace 30 a\u00f1os, porque Berazategui te brinda la posibilidad de hacerlo. La Noche de Bera fue espectacular: hubo mucho movimiento, lo que nos dio oportunidad de trabajar mucho en las Fiestas, y propuestas para que disfruten las familias\u201d.<\/p>\n\n\n\n<p>En tanto, Alejo Rodr\u00edguez, vecino del distrito, expres\u00f3: \u201cVine con mi novia, Ver\u00f3nica, a hacer las compras navide\u00f1as, a disfrutar de los espect\u00e1culos y de los sorteos. La pasamos re bien\u201d.<\/p>\n\n\n\n<p>Este evento fue impulsado por la Municipalidad, a trav\u00e9s de la Secretar\u00eda de Trabajo, en articulaci\u00f3n con el Centro Comercial e Industrial de Berazategui y la participaci\u00f3n de distintas agrupaciones e instituciones locales. Form\u00f3 parte de la \u201cLa Noche de las Localidades\u201d, que tambi\u00e9n incluy\u00f3 jornadas en los Centros Comerciales de Barrio Mar\u00edtimo y de Hudson.<\/p>\n","protected":false},"excerpt":{"rendered":"<p>Se llev\u00f3 a cabo la edici\u00f3n 2024 de \u201cLa Noche de Bera\u201d, donde vecinos y vecinas accedieron a importantes descuentos y disfrutaron de shows y sorteos, en el marco de&hellip;<\/p>\n","protected":false},"author":3,"featured_media":0,"comment_status":"closed","ping_status":"closed","sticky":false,"template":"","format":"standard","meta":{"footnotes":""},"categories":[9],"tags":[],"class_list":["post-7972","post","type-post","status-publish","format-standard","hentry","category-informacion-general"],"rttpg_featured_image_url":null,"rttpg_author":{"display_name":"Redacci\u00f3n Magazine Web","author_link":"https:\/\/magazineweb.com.ar\/?author=3"},"rttpg_comment":0,"rttpg_category":"<a href=\"https:\/\/magazineweb.com.ar\/?cat=9\" rel=\"category\">Informaci\u00f3n General<\/a>","rttpg_excerpt":"Se llev\u00f3 a cabo la edici\u00f3n 2024 de \u201cLa Noche de Bera\u201d, donde vecinos y vecinas accedieron a importantes descuentos y disfrutaron de shows y sorteos, en el marco de&hellip;","_links":{"self":[{"href":"https:\/\/magazineweb.com.ar\/index.php?rest_route=\/wp\/v2\/posts\/7972","targetHints":{"allow":["GET"]}}],"collection":[{"href":"https:\/\/magazineweb.com.ar\/index.php?rest_route=\/wp\/v2\/posts"}],"about":[{"href":"https:\/\/magazineweb.com.ar\/index.php?rest_route=\/wp\/v2\/types\/post"}],"author":[{"embeddable":true,"href":"https:\/\/magazineweb.com.ar\/index.php?rest_route=\/wp\/v2\/users\/3"}],"replies":[{"embeddable":true,"href":"https:\/\/magazineweb.com.ar\/index.php?rest_route=%2Fwp%2Fv2%2Fcomments&post=7972"}],"version-history":[{"count":1,"href":"https:\/\/magazineweb.com.ar\/index.php?rest_route=\/wp\/v2\/posts\/7972\/revisions"}],"predecessor-version":[{"id":7973,"href":"https:\/\/magazineweb.com.ar\/index.php?rest_route=\/wp\/v2\/posts\/7972\/revisions\/7973"}],"wp:attachment":[{"href":"https:\/\/magazineweb.com.ar\/index.php?rest_route=%2Fwp%2Fv2%2Fmedia&parent=7972"}],"wp:term":[{"taxonomy":"category","embeddable":true,"href":"https:\/\/magazineweb.com.ar\/index.php?rest_route=%2Fwp%2Fv2%2Fcategories&post=7972"},{"taxonomy":"post_tag","embeddable":true,"href":"https:\/\/magazineweb.com.ar\/index.php?rest_route=%2Fwp%2Fv2%2Ftags&post=7972"}],"curies":[{"name":"wp","href":"https:\/\/api.w.org\/{rel}","templated":true}]}}