{"id":8001,"date":"2024-12-31T01:06:00","date_gmt":"2024-12-31T04:06:00","guid":{"rendered":"https:\/\/magazineweb.com.ar\/?p=8001"},"modified":"2024-12-28T17:21:11","modified_gmt":"2024-12-28T20:21:11","slug":"herramientas-para-mejorar-la-comunicacion-territorial-en-varela","status":"publish","type":"post","link":"https:\/\/magazineweb.com.ar\/?p=8001","title":{"rendered":"Herramientas para mejorar la comunicaci\u00f3n territorial en Varela"},"content":{"rendered":"\n<p>La Comuna entreg\u00f3 190 celulares a trabajadoras vecinales en la sede de la Secretar\u00eda de Desarrollo Social situada en Av. Calchaqu\u00ed y Sargento Cabral.\u00a0<\/p>\n\n\n\n<p>Laura Vivas, responsable de la mencionada cartera, acentu\u00f3 \u201cla centralidad de la tarea de las manzaneras en las localidades del distrito\u201d as\u00ed como \u201cla importancia de estar en contacto constante y resolver problem\u00e1ticas espec\u00edficas\u201d.<\/p>\n\n\n\n<p>Noelia Pi\u00f1eiro, subsecretaria de Prensa y Comunicaci\u00f3n, explic\u00f3 la iniciativa \u201cConectando con vos\u201d impulsada desde \u201cel gobierno federal anterior mediante en Ente Nacional de Comunicaciones -ENaCom- para la inserci\u00f3n e integraci\u00f3n a trav\u00e9s de las TICs\u201d.<\/p>\n\n\n\n<p>En ese contexto, subray\u00f3 \u201cla relevancia de la pluralidad de voces y la decisi\u00f3n del intendente Andr\u00e9s Watson en adjudicar los equipos a la red de mujeres integrantes del Programa M\u00e1s Vida para desempe\u00f1ar su labor\u201d.<\/p>\n\n\n\n<p>N\u00e9lida Ru\u00edz, directora general de Pol\u00edticas Comunitarias, se\u00f1al\u00f3 \u201cel compromiso con la comunidad de todas las protagonistas que siempre tendieron sus manos al pr\u00f3jimo y no dejaron de colaborar en el territorio varelense\u201d.<\/p>\n\n\n\n<p>Gladys, de Planificado Don Jos\u00e9, remarc\u00f3 \u201cla satisfacci\u00f3n por ayudar\u201d, pero identific\u00f3 cambios en 2024 con \u201cla aparici\u00f3n de mucha necesidad y violencia\u201d.<\/p>\n\n\n\n<p>Oriunda de Presidente Sarmiento, Marta estaba \u201ccontenta y emocionada\u201d con la distinci\u00f3n. Destac\u00f3 que sus inicios, en 2012, sirvieron \u201cun mont\u00f3n para acompa\u00f1ar a la gente del barrio con las capacitaciones que recibimos desde el Municipio\u201d.<\/p>\n","protected":false},"excerpt":{"rendered":"<p>La Comuna entreg\u00f3 190 celulares a trabajadoras vecinales en la sede de la Secretar\u00eda de Desarrollo Social situada en Av. Calchaqu\u00ed y Sargento Cabral.\u00a0 Laura Vivas, responsable de la mencionada&hellip;<\/p>\n","protected":false},"author":3,"featured_media":8002,"comment_status":"closed","ping_status":"closed","sticky":false,"template":"","format":"standard","meta":{"footnotes":""},"categories":[1],"tags":[],"class_list":["post-8001","post","type-post","status-publish","format-standard","has-post-thumbnail","hentry","category-uncategorized"],"rttpg_featured_image_url":{"full":["https:\/\/magazineweb.com.ar\/wp-content\/uploads\/2024\/12\/herramientas-scaled.jpg",2560,1707,false],"landscape":["https:\/\/magazineweb.com.ar\/wp-content\/uploads\/2024\/12\/herramientas-scaled.jpg",2560,1707,false],"portraits":["https:\/\/magazineweb.com.ar\/wp-content\/uploads\/2024\/12\/herramientas-scaled.jpg",2560,1707,false],"thumbnail":["https:\/\/magazineweb.com.ar\/wp-content\/uploads\/2024\/12\/herramientas-150x150.jpg",150,150,true],"medium":["https:\/\/magazineweb.com.ar\/wp-content\/uploads\/2024\/12\/herramientas-300x200.jpg",300,200,true],"large":["https:\/\/magazineweb.com.ar\/wp-content\/uploads\/2024\/12\/herramientas-1024x683.jpg",1024,683,true],"1536x1536":["https:\/\/magazineweb.com.ar\/wp-content\/uploads\/2024\/12\/herramientas-1536x1024.jpg",1536,1024,true],"2048x2048":["https:\/\/magazineweb.com.ar\/wp-content\/uploads\/2024\/12\/herramientas-2048x1365.jpg",2048,1365,true],"ultp_layout_landscape_large":["https:\/\/magazineweb.com.ar\/wp-content\/uploads\/2024\/12\/herramientas-1200x800.jpg",1200,800,true],"ultp_layout_landscape":["https:\/\/magazineweb.com.ar\/wp-content\/uploads\/2024\/12\/herramientas-870x570.jpg",870,570,true],"ultp_layout_portrait":["https:\/\/magazineweb.com.ar\/wp-content\/uploads\/2024\/12\/herramientas-600x900.jpg",600,900,true],"ultp_layout_square":["https:\/\/magazineweb.com.ar\/wp-content\/uploads\/2024\/12\/herramientas-600x600.jpg",600,600,true]},"rttpg_author":{"display_name":"Redacci\u00f3n Magazine Web","author_link":"https:\/\/magazineweb.com.ar\/?author=3"},"rttpg_comment":0,"rttpg_category":"<a href=\"https:\/\/magazineweb.com.ar\/?cat=1\" rel=\"category\">Uncategorized<\/a>","rttpg_excerpt":"La Comuna entreg\u00f3 190 celulares a trabajadoras vecinales en la sede de la Secretar\u00eda de Desarrollo Social situada en Av. Calchaqu\u00ed y Sargento Cabral.\u00a0 Laura Vivas, responsable de la mencionada&hellip;","_links":{"self":[{"href":"https:\/\/magazineweb.com.ar\/index.php?rest_route=\/wp\/v2\/posts\/8001","targetHints":{"allow":["GET"]}}],"collection":[{"href":"https:\/\/magazineweb.com.ar\/index.php?rest_route=\/wp\/v2\/posts"}],"about":[{"href":"https:\/\/magazineweb.com.ar\/index.php?rest_route=\/wp\/v2\/types\/post"}],"author":[{"embeddable":true,"href":"https:\/\/magazineweb.com.ar\/index.php?rest_route=\/wp\/v2\/users\/3"}],"replies":[{"embeddable":true,"href":"https:\/\/magazineweb.com.ar\/index.php?rest_route=%2Fwp%2Fv2%2Fcomments&post=8001"}],"version-history":[{"count":1,"href":"https:\/\/magazineweb.com.ar\/index.php?rest_route=\/wp\/v2\/posts\/8001\/revisions"}],"predecessor-version":[{"id":8003,"href":"https:\/\/magazineweb.com.ar\/index.php?rest_route=\/wp\/v2\/posts\/8001\/revisions\/8003"}],"wp:featuredmedia":[{"embeddable":true,"href":"https:\/\/magazineweb.com.ar\/index.php?rest_route=\/wp\/v2\/media\/8002"}],"wp:attachment":[{"href":"https:\/\/magazineweb.com.ar\/index.php?rest_route=%2Fwp%2Fv2%2Fmedia&parent=8001"}],"wp:term":[{"taxonomy":"category","embeddable":true,"href":"https:\/\/magazineweb.com.ar\/index.php?rest_route=%2Fwp%2Fv2%2Fcategories&post=8001"},{"taxonomy":"post_tag","embeddable":true,"href":"https:\/\/magazineweb.com.ar\/index.php?rest_route=%2Fwp%2Fv2%2Ftags&post=8001"}],"curies":[{"name":"wp","href":"https:\/\/api.w.org\/{rel}","templated":true}]}}