{"id":8033,"date":"2025-01-01T01:05:00","date_gmt":"2025-01-01T04:05:00","guid":{"rendered":"https:\/\/magazineweb.com.ar\/?p=8033"},"modified":"2024-12-29T16:24:36","modified_gmt":"2024-12-29T19:24:36","slug":"sturzenegger-confirmo-que-cerca-de-36-000-empleados-publicos-perdieron-su-trabajo-desde-que-asumio-milei","status":"publish","type":"post","link":"https:\/\/magazineweb.com.ar\/?p=8033","title":{"rendered":"Sturzenegger confirm\u00f3 que cerca de 36.000 empleados p\u00fablicos perdieron su trabajo desde que asumi\u00f3 Milei"},"content":{"rendered":"\n<p>El ministro de Desregulaci\u00f3n y Transformaci\u00f3n del Estado, Federico Sturzenegger, comparti\u00f3 los datos actualizados de la reducci\u00f3n del empleo p\u00fablico que llev\u00f3 adelante la administraci\u00f3n de Javier Milei desde que asumi\u00f3 en diciembre pasado y exhibi\u00f3 que casi 36.000 trabajadores estatales fueron desvinculados.<\/p>\n\n\n\n<p>El funcionario nacional dio a conocer mediante su cuenta de X que, entre diciembre de 2023 y noviembre pasado, unos 35.936 empleados p\u00fablicos perdieron su trabajo en el Estado, como parte de la pol\u00edtica de recorte del gasto p\u00fablico que implement\u00f3 el gobierno en su primer a\u00f1o.<\/p>\n\n\n\n<p>El total del personal p\u00fablico desvinculado se compone de las reducciones en la Administraci\u00f3n centralizada y descentralizada (21.408), de las Empresas del Estado (11.951) y del Personal Militar y de Seguridad (2.577).<\/p>\n\n\n\n<p>Sturzenegger celebr\u00f3 el ajuste en el Estado se\u00f1alando que \u201crecordemos siempre que menos gasto p\u00fablico son menos impuestos y por ende m\u00e1s capacidad de gasto para el sector privado\u201d, y remarc\u00f3 que \u201cen otras palabras es devolverle el dinero a sus verdaderos due\u00f1os. VLLC!\u201d.<\/p>\n\n\n\n<p>La publicaci\u00f3n de los datos se da tras las declaraciones del secretario general de ATE, Rodolfo Aguiar, en Radio Splendid donde se\u00f1al\u00f3 que \u00ab2025 tiene que ser el a\u00f1o en que le robemos la motosierra y le cortemos la cabeza a ellos\u00bb, en referencia a los integrantes del Gobierno de Milei.<\/p>\n\n\n\n<p>Posteriormente, reafirm\u00f3 sus dichos mediante un pol\u00e9mico posteo en sus redes sociales donde subi\u00f3 una imagen generada por inteligencia artificial en el que se representa a cuatro trabajadores estatales, con pecheras de ATE y dos motosierras, prestos a cortarle la cabeza a un le\u00f3n, el animal con el que l\u00edder libertario se identifica a s\u00ed mismo.<\/p>\n\n\n\n<p>En dicho posteo, el sindicalista sostuvo que \u201cno vamos a tolerar nuevos despidos en el Estado!!\u201d y afirm\u00f3 que \u201cel Gobierno tiene que garantizar la continuidad laboral de los 57.513 contratos que vencen el 31 de diciembre y debe terminar con la precarizaci\u00f3n laboral en el Estado firmando los nuevos v\u00ednculos por el plazo m\u00ednimo de un a\u00f1o\u201d.<\/p>\n\n\n\n<p>En ese sentido, remarc\u00f3 que \u201cel pr\u00f3ximo a\u00f1o la estabilidad tiene que volver a ser un derecho en el empleo p\u00fablico\u201d, asegurando que \u201ctenemos que lograr que recuperen el poder adquisitivo los salarios y jubilaciones e impedir que se siga desguazando el Estado y rematando el patrimonio estatal\u201d.<\/p>\n\n\n\n<p>Adem\u00e1s, en la entrevista radial, Aguiar manifest\u00f3 que \u201cyo no quiero que le vaya bien a Javier Milei porque si le va bien a \u00e9l, nos va mal a todos\u201d y expres\u00f3 que \u201ceste Gobierno no es democr\u00e1tico. El nivel de autoritarismo es enorme\u00bb.<\/p>\n","protected":false},"excerpt":{"rendered":"<p>El ministro de Desregulaci\u00f3n y Transformaci\u00f3n del Estado, Federico Sturzenegger, comparti\u00f3 los datos actualizados de la reducci\u00f3n del empleo p\u00fablico que llev\u00f3 adelante la administraci\u00f3n de Javier Milei desde que&hellip;<\/p>\n","protected":false},"author":3,"featured_media":8034,"comment_status":"closed","ping_status":"closed","sticky":false,"template":"","format":"standard","meta":{"footnotes":""},"categories":[17,13],"tags":[],"class_list":["post-8033","post","type-post","status-publish","format-standard","has-post-thumbnail","hentry","category-nacional","category-politica"],"rttpg_featured_image_url":{"full":["https:\/\/magazineweb.com.ar\/wp-content\/uploads\/2024\/12\/720-24.webp",1204,720,false],"landscape":["https:\/\/magazineweb.com.ar\/wp-content\/uploads\/2024\/12\/720-24.webp",1204,720,false],"portraits":["https:\/\/magazineweb.com.ar\/wp-content\/uploads\/2024\/12\/720-24.webp",1204,720,false],"thumbnail":["https:\/\/magazineweb.com.ar\/wp-content\/uploads\/2024\/12\/720-24-150x150.webp",150,150,true],"medium":["https:\/\/magazineweb.com.ar\/wp-content\/uploads\/2024\/12\/720-24-300x179.webp",300,179,true],"large":["https:\/\/magazineweb.com.ar\/wp-content\/uploads\/2024\/12\/720-24-1024x612.webp",1024,612,true],"1536x1536":["https:\/\/magazineweb.com.ar\/wp-content\/uploads\/2024\/12\/720-24.webp",1204,720,false],"2048x2048":["https:\/\/magazineweb.com.ar\/wp-content\/uploads\/2024\/12\/720-24.webp",1204,720,false],"ultp_layout_landscape_large":["https:\/\/magazineweb.com.ar\/wp-content\/uploads\/2024\/12\/720-24-1200x720.webp",1200,720,true],"ultp_layout_landscape":["https:\/\/magazineweb.com.ar\/wp-content\/uploads\/2024\/12\/720-24-870x570.webp",870,570,true],"ultp_layout_portrait":["https:\/\/magazineweb.com.ar\/wp-content\/uploads\/2024\/12\/720-24-600x720.webp",600,720,true],"ultp_layout_square":["https:\/\/magazineweb.com.ar\/wp-content\/uploads\/2024\/12\/720-24-600x600.webp",600,600,true]},"rttpg_author":{"display_name":"Redacci\u00f3n Magazine Web","author_link":"https:\/\/magazineweb.com.ar\/?author=3"},"rttpg_comment":0,"rttpg_category":"<a href=\"https:\/\/magazineweb.com.ar\/?cat=17\" rel=\"category\">Nacional<\/a> <a href=\"https:\/\/magazineweb.com.ar\/?cat=13\" rel=\"category\">Pol\u00edtica<\/a>","rttpg_excerpt":"El ministro de Desregulaci\u00f3n y Transformaci\u00f3n del Estado, Federico Sturzenegger, comparti\u00f3 los datos actualizados de la reducci\u00f3n del empleo p\u00fablico que llev\u00f3 adelante la administraci\u00f3n de Javier Milei desde que&hellip;","_links":{"self":[{"href":"https:\/\/magazineweb.com.ar\/index.php?rest_route=\/wp\/v2\/posts\/8033","targetHints":{"allow":["GET"]}}],"collection":[{"href":"https:\/\/magazineweb.com.ar\/index.php?rest_route=\/wp\/v2\/posts"}],"about":[{"href":"https:\/\/magazineweb.com.ar\/index.php?rest_route=\/wp\/v2\/types\/post"}],"author":[{"embeddable":true,"href":"https:\/\/magazineweb.com.ar\/index.php?rest_route=\/wp\/v2\/users\/3"}],"replies":[{"embeddable":true,"href":"https:\/\/magazineweb.com.ar\/index.php?rest_route=%2Fwp%2Fv2%2Fcomments&post=8033"}],"version-history":[{"count":1,"href":"https:\/\/magazineweb.com.ar\/index.php?rest_route=\/wp\/v2\/posts\/8033\/revisions"}],"predecessor-version":[{"id":8035,"href":"https:\/\/magazineweb.com.ar\/index.php?rest_route=\/wp\/v2\/posts\/8033\/revisions\/8035"}],"wp:featuredmedia":[{"embeddable":true,"href":"https:\/\/magazineweb.com.ar\/index.php?rest_route=\/wp\/v2\/media\/8034"}],"wp:attachment":[{"href":"https:\/\/magazineweb.com.ar\/index.php?rest_route=%2Fwp%2Fv2%2Fmedia&parent=8033"}],"wp:term":[{"taxonomy":"category","embeddable":true,"href":"https:\/\/magazineweb.com.ar\/index.php?rest_route=%2Fwp%2Fv2%2Fcategories&post=8033"},{"taxonomy":"post_tag","embeddable":true,"href":"https:\/\/magazineweb.com.ar\/index.php?rest_route=%2Fwp%2Fv2%2Ftags&post=8033"}],"curies":[{"name":"wp","href":"https:\/\/api.w.org\/{rel}","templated":true}]}}