{"id":8044,"date":"2025-01-03T01:02:00","date_gmt":"2025-01-03T04:02:00","guid":{"rendered":"https:\/\/magazineweb.com.ar\/?p=8044"},"modified":"2025-01-03T21:24:07","modified_gmt":"2025-01-04T00:24:07","slug":"kicillof-repudio-el-cierre-del-centro-cultural-haroldo-conti-y-cuestiono-las-politicas-de-ajuste-del-gobierno-en-dd-hh","status":"publish","type":"post","link":"https:\/\/magazineweb.com.ar\/?p=8044","title":{"rendered":"Kicillof repudi\u00f3 el cierre del Centro Cultural Haroldo Conti y cuestion\u00f3 las \u00abpol\u00edticas de ajuste\u00bb del Gobierno en DD.HH"},"content":{"rendered":"\n<p>El gobernador bonaerense Axel Kicillof repudi\u00f3 hoy el cierre del Centro Cultural Haroldo Conti y cuestion\u00f3 las \u00abpol\u00edticas de ajuste\u00bb en derechos humanos que est\u00e1 implementado el Gobierno nacional.<\/p>\n\n\n\n<p>\u00abNo es \u2018reestructuraci\u00f3n\u2019, es pol\u00edtica de ajuste en derechos humanos\u00bb, asegur\u00f3 Kicillof este viernes en redes sociales.<\/p>\n\n\n\n<p>En esa l\u00ednea, el gobernador bonaerense sostuvo que la provincia de Buenos Aires expresa su \u00abrepudio frente al brutal ajuste del Gobierno nacional a las pol\u00edticas de derechos humanos\u00bb.<\/p>\n\n\n\n<p>Asimismo, record\u00f3 el episodio que vivieron los trabajadores del Centro Cultural Haroldo Conti, quienes en los \u00faltimos d\u00edas fueron notificados a trav\u00e9s de mensajes de WhatsApp de que no deb\u00edan concurrir a su lugar de trabajo hasta nuevo aviso por una \u00abreestructuraci\u00f3n interna\u00bb.<\/p>\n\n\n\n<p>\u00abDesde marzo de 2024, m\u00e1s de 250 trabajadores fueron despedidos y peligra el empleo de 300 en la Secretar\u00eda de Derechos Humanos de la Naci\u00f3n, que ayer amaneci\u00f3 con presencia policial en la puerta, decidiendo qui\u00e9n ingresa y qui\u00e9n no\u00bb, explic\u00f3 Kicillof.<\/p>\n\n\n\n<p>El mandatario provincial dijo tambi\u00e9n que el anuncio de \u00abnuevas cesant\u00edas\u00bb se produce luego de que el ministro de Justicia, Mariano C\u00faneo Libarona, \u00abdejara sin empleo a unos 2400 trabajadores contratados a trav\u00e9s de un convenio con el ente cooperador ACARA\u00bb.<\/p>\n\n\n\n<p>\u00abRepudiamos estas medidas que significan un atropello a los derechos humanos en un pa\u00eds que lleva 41 a\u00f1os de democracia a trav\u00e9s de un consenso social del Nunca M\u00e1s\u00bb, sentenci\u00f3 Kicillof.<\/p>\n","protected":false},"excerpt":{"rendered":"<p>El gobernador bonaerense Axel Kicillof repudi\u00f3 hoy el cierre del Centro Cultural Haroldo Conti y cuestion\u00f3 las \u00abpol\u00edticas de ajuste\u00bb en derechos humanos que est\u00e1 implementado el Gobierno nacional. \u00abNo&hellip;<\/p>\n","protected":false},"author":3,"featured_media":8045,"comment_status":"closed","ping_status":"closed","sticky":false,"template":"","format":"standard","meta":{"footnotes":""},"categories":[4,14],"tags":[],"class_list":["post-8044","post","type-post","status-publish","format-standard","has-post-thumbnail","hentry","category-destacados","category-provincial"],"rttpg_featured_image_url":{"full":["https:\/\/magazineweb.com.ar\/wp-content\/uploads\/2025\/01\/720-29.webp",1046,720,false],"landscape":["https:\/\/magazineweb.com.ar\/wp-content\/uploads\/2025\/01\/720-29.webp",1046,720,false],"portraits":["https:\/\/magazineweb.com.ar\/wp-content\/uploads\/2025\/01\/720-29.webp",1046,720,false],"thumbnail":["https:\/\/magazineweb.com.ar\/wp-content\/uploads\/2025\/01\/720-29-150x150.webp",150,150,true],"medium":["https:\/\/magazineweb.com.ar\/wp-content\/uploads\/2025\/01\/720-29-300x207.webp",300,207,true],"large":["https:\/\/magazineweb.com.ar\/wp-content\/uploads\/2025\/01\/720-29-1024x705.webp",1024,705,true],"1536x1536":["https:\/\/magazineweb.com.ar\/wp-content\/uploads\/2025\/01\/720-29.webp",1046,720,false],"2048x2048":["https:\/\/magazineweb.com.ar\/wp-content\/uploads\/2025\/01\/720-29.webp",1046,720,false],"ultp_layout_landscape_large":["https:\/\/magazineweb.com.ar\/wp-content\/uploads\/2025\/01\/720-29.webp",1046,720,false],"ultp_layout_landscape":["https:\/\/magazineweb.com.ar\/wp-content\/uploads\/2025\/01\/720-29-870x570.webp",870,570,true],"ultp_layout_portrait":["https:\/\/magazineweb.com.ar\/wp-content\/uploads\/2025\/01\/720-29-600x720.webp",600,720,true],"ultp_layout_square":["https:\/\/magazineweb.com.ar\/wp-content\/uploads\/2025\/01\/720-29-600x600.webp",600,600,true]},"rttpg_author":{"display_name":"Redacci\u00f3n Magazine Web","author_link":"https:\/\/magazineweb.com.ar\/?author=3"},"rttpg_comment":0,"rttpg_category":"<a href=\"https:\/\/magazineweb.com.ar\/?cat=4\" rel=\"category\">Destacados<\/a> <a href=\"https:\/\/magazineweb.com.ar\/?cat=14\" rel=\"category\">Provincial<\/a>","rttpg_excerpt":"El gobernador bonaerense Axel Kicillof repudi\u00f3 hoy el cierre del Centro Cultural Haroldo Conti y cuestion\u00f3 las \u00abpol\u00edticas de ajuste\u00bb en derechos humanos que est\u00e1 implementado el Gobierno nacional. \u00abNo&hellip;","_links":{"self":[{"href":"https:\/\/magazineweb.com.ar\/index.php?rest_route=\/wp\/v2\/posts\/8044","targetHints":{"allow":["GET"]}}],"collection":[{"href":"https:\/\/magazineweb.com.ar\/index.php?rest_route=\/wp\/v2\/posts"}],"about":[{"href":"https:\/\/magazineweb.com.ar\/index.php?rest_route=\/wp\/v2\/types\/post"}],"author":[{"embeddable":true,"href":"https:\/\/magazineweb.com.ar\/index.php?rest_route=\/wp\/v2\/users\/3"}],"replies":[{"embeddable":true,"href":"https:\/\/magazineweb.com.ar\/index.php?rest_route=%2Fwp%2Fv2%2Fcomments&post=8044"}],"version-history":[{"count":1,"href":"https:\/\/magazineweb.com.ar\/index.php?rest_route=\/wp\/v2\/posts\/8044\/revisions"}],"predecessor-version":[{"id":8046,"href":"https:\/\/magazineweb.com.ar\/index.php?rest_route=\/wp\/v2\/posts\/8044\/revisions\/8046"}],"wp:featuredmedia":[{"embeddable":true,"href":"https:\/\/magazineweb.com.ar\/index.php?rest_route=\/wp\/v2\/media\/8045"}],"wp:attachment":[{"href":"https:\/\/magazineweb.com.ar\/index.php?rest_route=%2Fwp%2Fv2%2Fmedia&parent=8044"}],"wp:term":[{"taxonomy":"category","embeddable":true,"href":"https:\/\/magazineweb.com.ar\/index.php?rest_route=%2Fwp%2Fv2%2Fcategories&post=8044"},{"taxonomy":"post_tag","embeddable":true,"href":"https:\/\/magazineweb.com.ar\/index.php?rest_route=%2Fwp%2Fv2%2Ftags&post=8044"}],"curies":[{"name":"wp","href":"https:\/\/api.w.org\/{rel}","templated":true}]}}