{"id":8056,"date":"2025-01-03T01:01:00","date_gmt":"2025-01-03T04:01:00","guid":{"rendered":"https:\/\/magazineweb.com.ar\/?p=8056"},"modified":"2025-01-03T21:49:12","modified_gmt":"2025-01-04T00:49:12","slug":"comenzo-el-programa-escuelas-abiertas-en-verano-en-quilmes","status":"publish","type":"post","link":"https:\/\/magazineweb.com.ar\/?p=8056","title":{"rendered":"Comenz\u00f3 el programa Escuelas Abiertas en Verano en Quilmes"},"content":{"rendered":"\n<p>El Municipio de Quilmes informa que, con una masiva participaci\u00f3n, comenz\u00f3 el programa Escuelas Abiertas en Verano 2025, que est\u00e1 destinado a estudiantes de escuelas de gesti\u00f3n p\u00fablica del distrito, de 3 a 18 a\u00f1os. La inscripci\u00f3n contin\u00faa abierta durante todo el mes, de 8.30 a 12.30, en las respectivas sedes y establecimientos educativos.<\/p>\n\n\n\n<p>Desde la organizaci\u00f3n, detallaron que la asistencia a cada espacio abierto puede hacerse por cercan\u00eda, y no tiene que corresponder necesariamente con la instituci\u00f3n en la que el\/la estudiante se encuentra matriculado\/a. Adem\u00e1s, el Municipio aportar\u00e1 materiales deportivos y de librer\u00eda para el funcionamiento del programa.<\/p>\n\n\n\n<p>Los equipos directivos y docentes destacaron la propuesta. Silvana Acu\u00f1a, directora de la Escuela Primaria N\u00ba 8 de Quilmes, coment\u00f3: \u201cLos chicos est\u00e1n felices porque es una verdadera colonia de vacaciones. Est\u00e1n organizados por franjas etarias, tenemos un cronograma de pileta y despu\u00e9s hay actividades y juegos que hacen los profes\u201d.<\/p>\n\n\n\n<p>Por su parte, Ivana Gonz\u00e1lez, directora de la Escuela Primaria N\u00ba 71, destac\u00f3 el trabajo del Municipio y afirm\u00f3: \u201cEst\u00e1 bueno que se piensen este tipo de propuestas para los nenes que no tienen la posibilidad de irse de vacaciones y que termina la escuela y queda un mes como a la deriva, garantiz\u00e1ndoles el tema del desayuno y el almuerzo a cada uno de ellos, que tambi\u00e9n es bastante importante hoy en d\u00eda\u201d.<\/p>\n\n\n\n<p>En tanto, Mart\u00edn Cisterna, profesor de Educaci\u00f3n F\u00edsica, asegur\u00f3: \u201cEs muy importante para los chicos que las escuelas est\u00e9n abiertas y que puedan acceder a estas actividades l\u00fadicas y acu\u00e1ticas que son tan refrescantes en el verano\u201d.<\/p>\n\n\n\n<p>Los chicos y chicas tambi\u00e9n expresaron su alegr\u00eda por formar parte de este programa. Mateo, de 11 a\u00f1os, se\u00f1al\u00f3: \u201cLa estoy pasando bien, excelente, porque me divierto con todos mis compa\u00f1eros, hago nuevos amigos y tambi\u00e9n me encuentro con gente que vive cerca de mi casa. Primero nos metimos a la pileta, despu\u00e9s nos fuimos a jugar al f\u00fatbol y al quemado, y ahora nos dieron un descanso para comer\u201d.<\/p>\n\n\n\n<p>Las sedes centralizadas son: el Polideportivo Municipal de Quilmes (avenida Vicente L\u00f3pez y Lafinur), la Escuela Agraria (Laprida y avenida La Plata), la sede de la UOM (Camino General Belgrano 3803) y el Club Argentino Quilmes (Cevallos 550). Y participan m\u00e1s de 20 establecimientos educativos: en Bernal Oeste, las Escuelas Primarias N\u00ba 25, N\u00ba 31, N\u00ba 33, N\u00ba 65, N\u00ba 72 y N\u00ba 78; en Don Bosco, las N\u00ba 42 y 61; en Ezepelta Este, las N\u00ba 49 y 67; en Quilmes Este, las N\u00ba 10 y N\u00ba 29; en La Ribera, la N\u00ba 79; en Ezpeleta Oeste, las N\u00ba 34, N\u00ba 39, N\u00ba 69, N\u00ba 74 y N\u00ba 85; en Quilmes Oeste, las N\u00ba 22, N\u00ba 26, N\u00ba 27, N\u00ba 35, N\u00ba 37, N\u00ba 68 y N\u00ba 87; en La Florida, la N\u00ba 51; en La Paz, la N\u00ba 76; en Los Eucaliptos, la N\u00ba 59; y en Solano, las N\u00ba 4, N\u00ba 32 y N\u00ba 80.<\/p>\n\n\n\n<p>El Programa Escuelas Abiertas en Verano es impulsado por la Direcci\u00f3n General de Cultura y Educaci\u00f3n de la provincia de Buenos Aires, e incluye actividades recreativas, deportivas y acu\u00e1ticas. La iniciativa tambi\u00e9n prev\u00e9 la continuidad del servicio alimentario escolar. En enero del a\u00f1o pasado en Quilmes m\u00e1s de 3 mil ni\u00f1os y j\u00f3venes participaron de esta propuesta.<\/p>\n","protected":false},"excerpt":{"rendered":"<p>El Municipio de Quilmes informa que, con una masiva participaci\u00f3n, comenz\u00f3 el programa Escuelas Abiertas en Verano 2025, que est\u00e1 destinado a estudiantes de escuelas de gesti\u00f3n p\u00fablica del distrito,&hellip;<\/p>\n","protected":false},"author":3,"featured_media":8057,"comment_status":"closed","ping_status":"closed","sticky":false,"template":"","format":"standard","meta":{"footnotes":""},"categories":[4,9],"tags":[],"class_list":["post-8056","post","type-post","status-publish","format-standard","has-post-thumbnail","hentry","category-destacados","category-informacion-general"],"rttpg_featured_image_url":{"full":["https:\/\/magazineweb.com.ar\/wp-content\/uploads\/2025\/01\/ESCUELAS-ABIERTAS-4-2.jpeg",1280,853,false],"landscape":["https:\/\/magazineweb.com.ar\/wp-content\/uploads\/2025\/01\/ESCUELAS-ABIERTAS-4-2.jpeg",1280,853,false],"portraits":["https:\/\/magazineweb.com.ar\/wp-content\/uploads\/2025\/01\/ESCUELAS-ABIERTAS-4-2.jpeg",1280,853,false],"thumbnail":["https:\/\/magazineweb.com.ar\/wp-content\/uploads\/2025\/01\/ESCUELAS-ABIERTAS-4-2-150x150.jpeg",150,150,true],"medium":["https:\/\/magazineweb.com.ar\/wp-content\/uploads\/2025\/01\/ESCUELAS-ABIERTAS-4-2-300x200.jpeg",300,200,true],"large":["https:\/\/magazineweb.com.ar\/wp-content\/uploads\/2025\/01\/ESCUELAS-ABIERTAS-4-2-1024x682.jpeg",1024,682,true],"1536x1536":["https:\/\/magazineweb.com.ar\/wp-content\/uploads\/2025\/01\/ESCUELAS-ABIERTAS-4-2.jpeg",1280,853,false],"2048x2048":["https:\/\/magazineweb.com.ar\/wp-content\/uploads\/2025\/01\/ESCUELAS-ABIERTAS-4-2.jpeg",1280,853,false],"ultp_layout_landscape_large":["https:\/\/magazineweb.com.ar\/wp-content\/uploads\/2025\/01\/ESCUELAS-ABIERTAS-4-2-1200x800.jpeg",1200,800,true],"ultp_layout_landscape":["https:\/\/magazineweb.com.ar\/wp-content\/uploads\/2025\/01\/ESCUELAS-ABIERTAS-4-2-870x570.jpeg",870,570,true],"ultp_layout_portrait":["https:\/\/magazineweb.com.ar\/wp-content\/uploads\/2025\/01\/ESCUELAS-ABIERTAS-4-2-600x853.jpeg",600,853,true],"ultp_layout_square":["https:\/\/magazineweb.com.ar\/wp-content\/uploads\/2025\/01\/ESCUELAS-ABIERTAS-4-2-600x600.jpeg",600,600,true]},"rttpg_author":{"display_name":"Redacci\u00f3n Magazine Web","author_link":"https:\/\/magazineweb.com.ar\/?author=3"},"rttpg_comment":0,"rttpg_category":"<a href=\"https:\/\/magazineweb.com.ar\/?cat=4\" rel=\"category\">Destacados<\/a> <a href=\"https:\/\/magazineweb.com.ar\/?cat=9\" rel=\"category\">Informaci\u00f3n General<\/a>","rttpg_excerpt":"El Municipio de Quilmes informa que, con una masiva participaci\u00f3n, comenz\u00f3 el programa Escuelas Abiertas en Verano 2025, que est\u00e1 destinado a estudiantes de escuelas de gesti\u00f3n p\u00fablica del distrito,&hellip;","_links":{"self":[{"href":"https:\/\/magazineweb.com.ar\/index.php?rest_route=\/wp\/v2\/posts\/8056","targetHints":{"allow":["GET"]}}],"collection":[{"href":"https:\/\/magazineweb.com.ar\/index.php?rest_route=\/wp\/v2\/posts"}],"about":[{"href":"https:\/\/magazineweb.com.ar\/index.php?rest_route=\/wp\/v2\/types\/post"}],"author":[{"embeddable":true,"href":"https:\/\/magazineweb.com.ar\/index.php?rest_route=\/wp\/v2\/users\/3"}],"replies":[{"embeddable":true,"href":"https:\/\/magazineweb.com.ar\/index.php?rest_route=%2Fwp%2Fv2%2Fcomments&post=8056"}],"version-history":[{"count":1,"href":"https:\/\/magazineweb.com.ar\/index.php?rest_route=\/wp\/v2\/posts\/8056\/revisions"}],"predecessor-version":[{"id":8058,"href":"https:\/\/magazineweb.com.ar\/index.php?rest_route=\/wp\/v2\/posts\/8056\/revisions\/8058"}],"wp:featuredmedia":[{"embeddable":true,"href":"https:\/\/magazineweb.com.ar\/index.php?rest_route=\/wp\/v2\/media\/8057"}],"wp:attachment":[{"href":"https:\/\/magazineweb.com.ar\/index.php?rest_route=%2Fwp%2Fv2%2Fmedia&parent=8056"}],"wp:term":[{"taxonomy":"category","embeddable":true,"href":"https:\/\/magazineweb.com.ar\/index.php?rest_route=%2Fwp%2Fv2%2Fcategories&post=8056"},{"taxonomy":"post_tag","embeddable":true,"href":"https:\/\/magazineweb.com.ar\/index.php?rest_route=%2Fwp%2Fv2%2Ftags&post=8056"}],"curies":[{"name":"wp","href":"https:\/\/api.w.org\/{rel}","templated":true}]}}