{"id":8087,"date":"2025-01-08T01:05:00","date_gmt":"2025-01-08T04:05:00","guid":{"rendered":"https:\/\/magazineweb.com.ar\/?p=8087"},"modified":"2025-01-07T17:55:06","modified_gmt":"2025-01-07T20:55:06","slug":"mas-de-3-mil-ninos-y-ninas-recibieron-regalos-de-los-reyes-magos-en-la-ciudad-de-los-deportes-de-san-francisco-solano","status":"publish","type":"post","link":"https:\/\/magazineweb.com.ar\/?p=8087","title":{"rendered":"M\u00e1s de 3 mil ni\u00f1os y ni\u00f1as recibieron regalos de los Reyes Magos en la Ciudad de los Deportes de San Francisco Solano"},"content":{"rendered":"\n<p>El Municipio de Quilmes informa que el lunes los Reyes Magos estuvieron visitando la Ciudad de los Deportes de San Francisco Solano, ubicada en calle 856 y avenida Ferrocarril Provincial, donde repartieron regalos a m\u00e1s de 3 mil ni\u00f1os y ni\u00f1as que se acercaron al lugar, en una jornada que cont\u00f3 tambi\u00e9n con actividades para toda la familia.<\/p>\n\n\n\n<p>En la jornada, que fue coordinada por la Secretar\u00eda de Ni\u00f1ez y Desarrollo Social, en conjunto con la Subsecretar\u00eda de Culturas, y la participaci\u00f3n de distintas \u00e1reas comunales con gazebos para atenci\u00f3n y asistencia a vecinas y vecinos, adem\u00e1s de los regalos para las y los peque\u00f1os, hubo tambi\u00e9n puestos en los que se realizaron diferentes actividades, como ajedrez, jenga, pintura y ping pong para diversi\u00f3n de la familia.<\/p>\n\n\n\n<p>Sobre el objetivo del encuentro, la subsecretaria de Gesti\u00f3n Cultural local, Evangelina Ram\u00edrez, expres\u00f3: \u201cEsto es una decisi\u00f3n y una definici\u00f3n tambi\u00e9n de nuestra intendenta Mayra Mendoza, de poder seguir garantizando lo que son las celebraciones y sobre todo los derechos que tienen nuestras infancias\u201d. Mientras que, la subsecretaria de Desarrollo Social, Judith Barchetta, asever\u00f3: \u201cLo de hoy tiene que ver tambi\u00e9n con las necesidades de todos y de cada uno, y que puedan jugar y disfrutar de un d\u00eda de Reyes y que se lleven su regalito. Es un esfuerzo grande que se hace como Municipio\u201d.<\/p>\n\n\n\n<p>A su vez, las vecinas y vecinos se mostraron contentas con la jornada. Viviana Dorado, que visit\u00f3 el lugar junto a sus nietas, destac\u00f3: \u201cEsto estuvo muy lindo, a mis nenas les regalaron un bebote y a otra un set de maquillaje, y tengo que decir que por la situaci\u00f3n econ\u00f3mica que tenemos, la ilusi\u00f3n de los Reyes Magos hoy estuvo ac\u00e1 en Solano\u201d. En esa l\u00ednea, Luj\u00e1n Uchoa, consider\u00f3: \u201cLa verdad que esto est\u00e1 muy bueno. El a\u00f1o pasado tambi\u00e9n vinimos, y por ellos, los m\u00e1s chicos, se disfruta mucho por la diversi\u00f3n y los juegos que hay\u201d.<\/p>\n\n\n\n<p>El cronograma de visitas de los Reyes Magos en la comuna continuar\u00e1 el mi\u00e9rcoles 8 de enero, cuando desde las 10, Melchor, Gaspar y Baltasar se presenten en el Parque Municipal de La Ribera, ubicado en las avenidas Otamendi y Cervantes. Tambi\u00e9n estuvieron presentes el subsecretario de Participaci\u00f3n Ciudadana, Facundo Rivero, y el director general de Ni\u00f1ez, Diego G\u00f3mez.<\/p>\n","protected":false},"excerpt":{"rendered":"<p>El Municipio de Quilmes informa que el lunes los Reyes Magos estuvieron visitando la Ciudad de los Deportes de San Francisco Solano, ubicada en calle 856 y avenida Ferrocarril Provincial,&hellip;<\/p>\n","protected":false},"author":3,"featured_media":8088,"comment_status":"closed","ping_status":"closed","sticky":false,"template":"","format":"standard","meta":{"footnotes":""},"categories":[9],"tags":[],"class_list":["post-8087","post","type-post","status-publish","format-standard","has-post-thumbnail","hentry","category-informacion-general"],"rttpg_featured_image_url":{"full":["https:\/\/magazineweb.com.ar\/wp-content\/uploads\/2025\/01\/MAS-DE-3-MIL-NINOS-Y-NINAS-RECIBIERON-REGALOS-DE-LOS-REYES-MAGOS-EN-LA-CIUDAD-DE-LOS-DEPORTES-DE-SAN-FRANCISCO-SOLANO-2.jpeg",1280,853,false],"landscape":["https:\/\/magazineweb.com.ar\/wp-content\/uploads\/2025\/01\/MAS-DE-3-MIL-NINOS-Y-NINAS-RECIBIERON-REGALOS-DE-LOS-REYES-MAGOS-EN-LA-CIUDAD-DE-LOS-DEPORTES-DE-SAN-FRANCISCO-SOLANO-2.jpeg",1280,853,false],"portraits":["https:\/\/magazineweb.com.ar\/wp-content\/uploads\/2025\/01\/MAS-DE-3-MIL-NINOS-Y-NINAS-RECIBIERON-REGALOS-DE-LOS-REYES-MAGOS-EN-LA-CIUDAD-DE-LOS-DEPORTES-DE-SAN-FRANCISCO-SOLANO-2.jpeg",1280,853,false],"thumbnail":["https:\/\/magazineweb.com.ar\/wp-content\/uploads\/2025\/01\/MAS-DE-3-MIL-NINOS-Y-NINAS-RECIBIERON-REGALOS-DE-LOS-REYES-MAGOS-EN-LA-CIUDAD-DE-LOS-DEPORTES-DE-SAN-FRANCISCO-SOLANO-2-150x150.jpeg",150,150,true],"medium":["https:\/\/magazineweb.com.ar\/wp-content\/uploads\/2025\/01\/MAS-DE-3-MIL-NINOS-Y-NINAS-RECIBIERON-REGALOS-DE-LOS-REYES-MAGOS-EN-LA-CIUDAD-DE-LOS-DEPORTES-DE-SAN-FRANCISCO-SOLANO-2-300x200.jpeg",300,200,true],"large":["https:\/\/magazineweb.com.ar\/wp-content\/uploads\/2025\/01\/MAS-DE-3-MIL-NINOS-Y-NINAS-RECIBIERON-REGALOS-DE-LOS-REYES-MAGOS-EN-LA-CIUDAD-DE-LOS-DEPORTES-DE-SAN-FRANCISCO-SOLANO-2-1024x682.jpeg",1024,682,true],"1536x1536":["https:\/\/magazineweb.com.ar\/wp-content\/uploads\/2025\/01\/MAS-DE-3-MIL-NINOS-Y-NINAS-RECIBIERON-REGALOS-DE-LOS-REYES-MAGOS-EN-LA-CIUDAD-DE-LOS-DEPORTES-DE-SAN-FRANCISCO-SOLANO-2.jpeg",1280,853,false],"2048x2048":["https:\/\/magazineweb.com.ar\/wp-content\/uploads\/2025\/01\/MAS-DE-3-MIL-NINOS-Y-NINAS-RECIBIERON-REGALOS-DE-LOS-REYES-MAGOS-EN-LA-CIUDAD-DE-LOS-DEPORTES-DE-SAN-FRANCISCO-SOLANO-2.jpeg",1280,853,false],"ultp_layout_landscape_large":["https:\/\/magazineweb.com.ar\/wp-content\/uploads\/2025\/01\/MAS-DE-3-MIL-NINOS-Y-NINAS-RECIBIERON-REGALOS-DE-LOS-REYES-MAGOS-EN-LA-CIUDAD-DE-LOS-DEPORTES-DE-SAN-FRANCISCO-SOLANO-2-1200x800.jpeg",1200,800,true],"ultp_layout_landscape":["https:\/\/magazineweb.com.ar\/wp-content\/uploads\/2025\/01\/MAS-DE-3-MIL-NINOS-Y-NINAS-RECIBIERON-REGALOS-DE-LOS-REYES-MAGOS-EN-LA-CIUDAD-DE-LOS-DEPORTES-DE-SAN-FRANCISCO-SOLANO-2-870x570.jpeg",870,570,true],"ultp_layout_portrait":["https:\/\/magazineweb.com.ar\/wp-content\/uploads\/2025\/01\/MAS-DE-3-MIL-NINOS-Y-NINAS-RECIBIERON-REGALOS-DE-LOS-REYES-MAGOS-EN-LA-CIUDAD-DE-LOS-DEPORTES-DE-SAN-FRANCISCO-SOLANO-2-600x853.jpeg",600,853,true],"ultp_layout_square":["https:\/\/magazineweb.com.ar\/wp-content\/uploads\/2025\/01\/MAS-DE-3-MIL-NINOS-Y-NINAS-RECIBIERON-REGALOS-DE-LOS-REYES-MAGOS-EN-LA-CIUDAD-DE-LOS-DEPORTES-DE-SAN-FRANCISCO-SOLANO-2-600x600.jpeg",600,600,true]},"rttpg_author":{"display_name":"Redacci\u00f3n Magazine Web","author_link":"https:\/\/magazineweb.com.ar\/?author=3"},"rttpg_comment":0,"rttpg_category":"<a href=\"https:\/\/magazineweb.com.ar\/?cat=9\" rel=\"category\">Informaci\u00f3n General<\/a>","rttpg_excerpt":"El Municipio de Quilmes informa que el lunes los Reyes Magos estuvieron visitando la Ciudad de los Deportes de San Francisco Solano, ubicada en calle 856 y avenida Ferrocarril Provincial,&hellip;","_links":{"self":[{"href":"https:\/\/magazineweb.com.ar\/index.php?rest_route=\/wp\/v2\/posts\/8087","targetHints":{"allow":["GET"]}}],"collection":[{"href":"https:\/\/magazineweb.com.ar\/index.php?rest_route=\/wp\/v2\/posts"}],"about":[{"href":"https:\/\/magazineweb.com.ar\/index.php?rest_route=\/wp\/v2\/types\/post"}],"author":[{"embeddable":true,"href":"https:\/\/magazineweb.com.ar\/index.php?rest_route=\/wp\/v2\/users\/3"}],"replies":[{"embeddable":true,"href":"https:\/\/magazineweb.com.ar\/index.php?rest_route=%2Fwp%2Fv2%2Fcomments&post=8087"}],"version-history":[{"count":1,"href":"https:\/\/magazineweb.com.ar\/index.php?rest_route=\/wp\/v2\/posts\/8087\/revisions"}],"predecessor-version":[{"id":8089,"href":"https:\/\/magazineweb.com.ar\/index.php?rest_route=\/wp\/v2\/posts\/8087\/revisions\/8089"}],"wp:featuredmedia":[{"embeddable":true,"href":"https:\/\/magazineweb.com.ar\/index.php?rest_route=\/wp\/v2\/media\/8088"}],"wp:attachment":[{"href":"https:\/\/magazineweb.com.ar\/index.php?rest_route=%2Fwp%2Fv2%2Fmedia&parent=8087"}],"wp:term":[{"taxonomy":"category","embeddable":true,"href":"https:\/\/magazineweb.com.ar\/index.php?rest_route=%2Fwp%2Fv2%2Fcategories&post=8087"},{"taxonomy":"post_tag","embeddable":true,"href":"https:\/\/magazineweb.com.ar\/index.php?rest_route=%2Fwp%2Fv2%2Ftags&post=8087"}],"curies":[{"name":"wp","href":"https:\/\/api.w.org\/{rel}","templated":true}]}}