{"id":8105,"date":"2025-01-08T01:03:00","date_gmt":"2025-01-08T04:03:00","guid":{"rendered":"https:\/\/magazineweb.com.ar\/?p=8105"},"modified":"2025-01-07T20:59:26","modified_gmt":"2025-01-07T23:59:26","slug":"8105","status":"publish","type":"post","link":"https:\/\/magazineweb.com.ar\/?p=8105","title":{"rendered":"Feria Emprender: bonito, bueno, barato y berazateguense"},"content":{"rendered":"\n<p>La Feria Municipal Emprender comenz\u00f3 en 2015 y forma parte de las pol\u00edticas p\u00fablicas impulsadas por el intendente Juan Jos\u00e9 Mussi, para el fortalecimiento y el fomento del consumo local. Esta iniciativa le brinda un espacio de visibilizaci\u00f3n y comercializaci\u00f3n a las y los emprendedores berazateguenses. En enero, la Feria se realizar\u00e1 los viernes y s\u00e1bados en el Polo Emprendedor Berazategui (calle 413 y 455, Guti\u00e9rrez), de 16.00 a 20.00.<\/p>\n\n\n\n<p>La Feria Municipal Emprender cumple con la regla de las cuatro B: bueno, bonito, barato y berazateguense. En cada una de sus ediciones, los vecinos y vecinas pueden encontrarse con las mejores artesan\u00edas de los rubros metal, textil, marroquiner\u00eda, vivero, cuero, tejido, decoraci\u00f3n, madera, calzado, velas, bijouterie, sublimaci\u00f3n, hierro, plata, vidrio, mosaiquismo y cester\u00eda, adem\u00e1s de productos reciclados.<\/p>\n\n\n\n<p>Al respecto, el secretario municipal de Trabajo, Juan Manuel Parra, indic\u00f3: \u201cDurante 2024 pudimos seguir avanzando con este Programa, que venimos llevando adelante con mucha satisfacci\u00f3n. Actualmente est\u00e1 compuesto por 150 emprendedores y este a\u00f1o inauguramos el Polo Emprendedor Berazategui, un espacio donde podemos realizar capacitaciones y otras actividades. Es un sector muy importante, que seguimos acompa\u00f1ando a trav\u00e9s de la gesti\u00f3n del intendente Mussi\u201d.<\/p>\n\n\n\n<p>En tanto, Yanet Amante -a cargo de Impresiones Amante- expres\u00f3: \u201cDesde hace dos a\u00f1os participo de &#8216;Emprender&#8217; con mi emprendimiento de sellos y encuadernaciones. Me ayud\u00f3 much\u00edsimo a expandirme y a que m\u00e1s gente conozca lo que hago. Adem\u00e1s, con los dem\u00e1s emprendedores formamos un grupo de trabajo muy lindo y nos acompa\u00f1amos siempre, en cada uno de nuestros proyectos\u201d.<\/p>\n\n\n\n<p>M\u00e1s informaci\u00f3n sobre el Programa y las pr\u00f3ximas jornadas en berazategui.gob.ar\/emprender.<\/p>\n","protected":false},"excerpt":{"rendered":"<p>La Feria Municipal Emprender comenz\u00f3 en 2015 y forma parte de las pol\u00edticas p\u00fablicas impulsadas por el intendente Juan Jos\u00e9 Mussi, para el fortalecimiento y el fomento del consumo local.&hellip;<\/p>\n","protected":false},"author":3,"featured_media":8106,"comment_status":"closed","ping_status":"closed","sticky":false,"template":"","format":"standard","meta":{"footnotes":""},"categories":[4,9],"tags":[],"class_list":["post-8105","post","type-post","status-publish","format-standard","has-post-thumbnail","hentry","category-destacados","category-informacion-general"],"rttpg_featured_image_url":{"full":["https:\/\/magazineweb.com.ar\/wp-content\/uploads\/2025\/01\/FERIA-EMPRENDER-BONITO-BUENO-BARATO-Y-BERAZATEGUENSE-2-1.jpg",1920,1280,false],"landscape":["https:\/\/magazineweb.com.ar\/wp-content\/uploads\/2025\/01\/FERIA-EMPRENDER-BONITO-BUENO-BARATO-Y-BERAZATEGUENSE-2-1.jpg",1920,1280,false],"portraits":["https:\/\/magazineweb.com.ar\/wp-content\/uploads\/2025\/01\/FERIA-EMPRENDER-BONITO-BUENO-BARATO-Y-BERAZATEGUENSE-2-1.jpg",1920,1280,false],"thumbnail":["https:\/\/magazineweb.com.ar\/wp-content\/uploads\/2025\/01\/FERIA-EMPRENDER-BONITO-BUENO-BARATO-Y-BERAZATEGUENSE-2-1-150x150.jpg",150,150,true],"medium":["https:\/\/magazineweb.com.ar\/wp-content\/uploads\/2025\/01\/FERIA-EMPRENDER-BONITO-BUENO-BARATO-Y-BERAZATEGUENSE-2-1-300x200.jpg",300,200,true],"large":["https:\/\/magazineweb.com.ar\/wp-content\/uploads\/2025\/01\/FERIA-EMPRENDER-BONITO-BUENO-BARATO-Y-BERAZATEGUENSE-2-1-1024x683.jpg",1024,683,true],"1536x1536":["https:\/\/magazineweb.com.ar\/wp-content\/uploads\/2025\/01\/FERIA-EMPRENDER-BONITO-BUENO-BARATO-Y-BERAZATEGUENSE-2-1-1536x1024.jpg",1536,1024,true],"2048x2048":["https:\/\/magazineweb.com.ar\/wp-content\/uploads\/2025\/01\/FERIA-EMPRENDER-BONITO-BUENO-BARATO-Y-BERAZATEGUENSE-2-1.jpg",1920,1280,false],"ultp_layout_landscape_large":["https:\/\/magazineweb.com.ar\/wp-content\/uploads\/2025\/01\/FERIA-EMPRENDER-BONITO-BUENO-BARATO-Y-BERAZATEGUENSE-2-1-1200x800.jpg",1200,800,true],"ultp_layout_landscape":["https:\/\/magazineweb.com.ar\/wp-content\/uploads\/2025\/01\/FERIA-EMPRENDER-BONITO-BUENO-BARATO-Y-BERAZATEGUENSE-2-1-870x570.jpg",870,570,true],"ultp_layout_portrait":["https:\/\/magazineweb.com.ar\/wp-content\/uploads\/2025\/01\/FERIA-EMPRENDER-BONITO-BUENO-BARATO-Y-BERAZATEGUENSE-2-1-600x900.jpg",600,900,true],"ultp_layout_square":["https:\/\/magazineweb.com.ar\/wp-content\/uploads\/2025\/01\/FERIA-EMPRENDER-BONITO-BUENO-BARATO-Y-BERAZATEGUENSE-2-1-600x600.jpg",600,600,true]},"rttpg_author":{"display_name":"Redacci\u00f3n Magazine Web","author_link":"https:\/\/magazineweb.com.ar\/?author=3"},"rttpg_comment":0,"rttpg_category":"<a href=\"https:\/\/magazineweb.com.ar\/?cat=4\" rel=\"category\">Destacados<\/a> <a href=\"https:\/\/magazineweb.com.ar\/?cat=9\" rel=\"category\">Informaci\u00f3n General<\/a>","rttpg_excerpt":"La Feria Municipal Emprender comenz\u00f3 en 2015 y forma parte de las pol\u00edticas p\u00fablicas impulsadas por el intendente Juan Jos\u00e9 Mussi, para el fortalecimiento y el fomento del consumo local.&hellip;","_links":{"self":[{"href":"https:\/\/magazineweb.com.ar\/index.php?rest_route=\/wp\/v2\/posts\/8105","targetHints":{"allow":["GET"]}}],"collection":[{"href":"https:\/\/magazineweb.com.ar\/index.php?rest_route=\/wp\/v2\/posts"}],"about":[{"href":"https:\/\/magazineweb.com.ar\/index.php?rest_route=\/wp\/v2\/types\/post"}],"author":[{"embeddable":true,"href":"https:\/\/magazineweb.com.ar\/index.php?rest_route=\/wp\/v2\/users\/3"}],"replies":[{"embeddable":true,"href":"https:\/\/magazineweb.com.ar\/index.php?rest_route=%2Fwp%2Fv2%2Fcomments&post=8105"}],"version-history":[{"count":2,"href":"https:\/\/magazineweb.com.ar\/index.php?rest_route=\/wp\/v2\/posts\/8105\/revisions"}],"predecessor-version":[{"id":8108,"href":"https:\/\/magazineweb.com.ar\/index.php?rest_route=\/wp\/v2\/posts\/8105\/revisions\/8108"}],"wp:featuredmedia":[{"embeddable":true,"href":"https:\/\/magazineweb.com.ar\/index.php?rest_route=\/wp\/v2\/media\/8106"}],"wp:attachment":[{"href":"https:\/\/magazineweb.com.ar\/index.php?rest_route=%2Fwp%2Fv2%2Fmedia&parent=8105"}],"wp:term":[{"taxonomy":"category","embeddable":true,"href":"https:\/\/magazineweb.com.ar\/index.php?rest_route=%2Fwp%2Fv2%2Fcategories&post=8105"},{"taxonomy":"post_tag","embeddable":true,"href":"https:\/\/magazineweb.com.ar\/index.php?rest_route=%2Fwp%2Fv2%2Ftags&post=8105"}],"curies":[{"name":"wp","href":"https:\/\/api.w.org\/{rel}","templated":true}]}}