{"id":8112,"date":"2025-01-08T01:07:00","date_gmt":"2025-01-08T04:07:00","guid":{"rendered":"https:\/\/magazineweb.com.ar\/?p=8112"},"modified":"2025-01-07T21:15:25","modified_gmt":"2025-01-08T00:15:25","slug":"una-jornada-de-chequeos-inmunizacion-y-prevencion-en-varela","status":"publish","type":"post","link":"https:\/\/magazineweb.com.ar\/?p=8112","title":{"rendered":"Una jornada de chequeos, inmunizaci\u00f3n y prevenci\u00f3n en Varela"},"content":{"rendered":"\n<p>La iniciativa municipal \u201cSalud en tu barrio\u201d fue dise\u00f1ada para proporcionar atenci\u00f3n gratuita en diferentes localidades del distrito: el martes por la ma\u00f1ana fue la oportunidad de los y las residentes en San Eduardo quienes convergieron en la plaza situada en la intersecci\u00f3n de las calles Rodr\u00edguez Pe\u00f1a con La Argentina.<\/p>\n\n\n\n<p>La titular en la cartera sanitaria, Adriana Alonso, subray\u00f3 \u201cla decisi\u00f3n de continuar en enero, por determinaci\u00f3n del intendente Andr\u00e9s Watson, con una propuesta en todos los barrios con inmunizaci\u00f3n, calendario, servicio veterinario, tr\u00e1iler de odontolog\u00eda, empadronamiento a historia de salud integrada, inscripci\u00f3n a telemedicina\u201d.<\/p>\n\n\n\n<p>En ese sentido, la funcionaria consider\u00f3 \u201cfundamental el apoyo del gobernador Axel Kicillof en un contexto donde la Provincia comenz\u00f3 a cubrir las prestaciones que abandon\u00f3 la Naci\u00f3n\u201d.<\/p>\n\n\n\n<p>Hugo -vecino- acudi\u00f3 con su perrito que luc\u00eda sus or\u00edgenes tibetanos con la impronta mediterr\u00e1nea y un halo futbol\u00edstico: una cruza de shih tzu con malt\u00e9s bautizado \u201cWanchope\u201d. \u201cMuy sociable\u201d, describi\u00f3 el hombre a la mascota.<\/p>\n\n\n\n<p>\u201cMe enter\u00e9 por WhatsApp. Vine y aprovech\u00e9 la campa\u00f1a. Si bien \u00e9l estaba desparasitado, esto me vino `al pelo\u00b4 para vacunarlo sin pagar gracias a la Municipalidad\u201d, narr\u00f3. Al concluir, opt\u00f3 por aproximarse a la mesa: consult\u00f3 sobre inoculaci\u00f3n contra el dengue.<\/p>\n\n\n\n<p>Marina asisti\u00f3 \u201ca llenar la libreta de mi nena, me recibieron 10 puntos\u201d. \u201cMe pareci\u00f3 excelente que realizaran esta jornada porque fue complicado encontrar pediatra\u201d, a\u00f1adi\u00f3.<\/p>\n\n\n\n<p>Mirta e Indira llegaron con \u201cPepper\u201d, una canina integrante de la familia durante 11 a\u00f1os, adoptada de la v\u00eda p\u00fablica. \u201cFue una ayuda enorme la gratuidad\u201d, destacaron tras evocar una experiencia anterior \u201ccon otros cachorros que estaban enfermos y el tema econ\u00f3mico fue determinante\u201d.<\/p>\n\n\n\n<p>El gobierno varelense estipul\u00f3 el pr\u00f3ximo operativo el jueves 9 del corriente mes sobre el empalme de 1550 con 1523 -La Capilla- de 10 a 14 hs.<\/p>\n","protected":false},"excerpt":{"rendered":"<p>La iniciativa municipal \u201cSalud en tu barrio\u201d fue dise\u00f1ada para proporcionar atenci\u00f3n gratuita en diferentes localidades del distrito: el martes por la ma\u00f1ana fue la oportunidad de los y las&hellip;<\/p>\n","protected":false},"author":3,"featured_media":8113,"comment_status":"closed","ping_status":"closed","sticky":false,"template":"","format":"standard","meta":{"footnotes":""},"categories":[16],"tags":[],"class_list":["post-8112","post","type-post","status-publish","format-standard","has-post-thumbnail","hentry","category-salud-y-medio-ambiente"],"rttpg_featured_image_url":{"full":["https:\/\/magazineweb.com.ar\/wp-content\/uploads\/2025\/01\/control-varela-scaled.jpg",2560,1707,false],"landscape":["https:\/\/magazineweb.com.ar\/wp-content\/uploads\/2025\/01\/control-varela-scaled.jpg",2560,1707,false],"portraits":["https:\/\/magazineweb.com.ar\/wp-content\/uploads\/2025\/01\/control-varela-scaled.jpg",2560,1707,false],"thumbnail":["https:\/\/magazineweb.com.ar\/wp-content\/uploads\/2025\/01\/control-varela-150x150.jpg",150,150,true],"medium":["https:\/\/magazineweb.com.ar\/wp-content\/uploads\/2025\/01\/control-varela-300x200.jpg",300,200,true],"large":["https:\/\/magazineweb.com.ar\/wp-content\/uploads\/2025\/01\/control-varela-1024x683.jpg",1024,683,true],"1536x1536":["https:\/\/magazineweb.com.ar\/wp-content\/uploads\/2025\/01\/control-varela-1536x1024.jpg",1536,1024,true],"2048x2048":["https:\/\/magazineweb.com.ar\/wp-content\/uploads\/2025\/01\/control-varela-2048x1365.jpg",2048,1365,true],"ultp_layout_landscape_large":["https:\/\/magazineweb.com.ar\/wp-content\/uploads\/2025\/01\/control-varela-1200x800.jpg",1200,800,true],"ultp_layout_landscape":["https:\/\/magazineweb.com.ar\/wp-content\/uploads\/2025\/01\/control-varela-870x570.jpg",870,570,true],"ultp_layout_portrait":["https:\/\/magazineweb.com.ar\/wp-content\/uploads\/2025\/01\/control-varela-600x900.jpg",600,900,true],"ultp_layout_square":["https:\/\/magazineweb.com.ar\/wp-content\/uploads\/2025\/01\/control-varela-600x600.jpg",600,600,true]},"rttpg_author":{"display_name":"Redacci\u00f3n Magazine Web","author_link":"https:\/\/magazineweb.com.ar\/?author=3"},"rttpg_comment":0,"rttpg_category":"<a href=\"https:\/\/magazineweb.com.ar\/?cat=16\" rel=\"category\">Salud y Medio Ambiente<\/a>","rttpg_excerpt":"La iniciativa municipal \u201cSalud en tu barrio\u201d fue dise\u00f1ada para proporcionar atenci\u00f3n gratuita en diferentes localidades del distrito: el martes por la ma\u00f1ana fue la oportunidad de los y las&hellip;","_links":{"self":[{"href":"https:\/\/magazineweb.com.ar\/index.php?rest_route=\/wp\/v2\/posts\/8112","targetHints":{"allow":["GET"]}}],"collection":[{"href":"https:\/\/magazineweb.com.ar\/index.php?rest_route=\/wp\/v2\/posts"}],"about":[{"href":"https:\/\/magazineweb.com.ar\/index.php?rest_route=\/wp\/v2\/types\/post"}],"author":[{"embeddable":true,"href":"https:\/\/magazineweb.com.ar\/index.php?rest_route=\/wp\/v2\/users\/3"}],"replies":[{"embeddable":true,"href":"https:\/\/magazineweb.com.ar\/index.php?rest_route=%2Fwp%2Fv2%2Fcomments&post=8112"}],"version-history":[{"count":1,"href":"https:\/\/magazineweb.com.ar\/index.php?rest_route=\/wp\/v2\/posts\/8112\/revisions"}],"predecessor-version":[{"id":8114,"href":"https:\/\/magazineweb.com.ar\/index.php?rest_route=\/wp\/v2\/posts\/8112\/revisions\/8114"}],"wp:featuredmedia":[{"embeddable":true,"href":"https:\/\/magazineweb.com.ar\/index.php?rest_route=\/wp\/v2\/media\/8113"}],"wp:attachment":[{"href":"https:\/\/magazineweb.com.ar\/index.php?rest_route=%2Fwp%2Fv2%2Fmedia&parent=8112"}],"wp:term":[{"taxonomy":"category","embeddable":true,"href":"https:\/\/magazineweb.com.ar\/index.php?rest_route=%2Fwp%2Fv2%2Fcategories&post=8112"},{"taxonomy":"post_tag","embeddable":true,"href":"https:\/\/magazineweb.com.ar\/index.php?rest_route=%2Fwp%2Fv2%2Ftags&post=8112"}],"curies":[{"name":"wp","href":"https:\/\/api.w.org\/{rel}","templated":true}]}}