{"id":8128,"date":"2025-01-10T01:05:00","date_gmt":"2025-01-10T04:05:00","guid":{"rendered":"https:\/\/magazineweb.com.ar\/?p=8128"},"modified":"2025-01-09T16:59:57","modified_gmt":"2025-01-09T19:59:57","slug":"independiente-y-un-ambicioso-proyecto-para-ampliar-y-techar-el-estadio","status":"publish","type":"post","link":"https:\/\/magazineweb.com.ar\/?p=8128","title":{"rendered":"Independiente y un ambicioso proyecto para ampliar y techar el estadio"},"content":{"rendered":"\n<p>Independiente tiene intenciones serias de ampliar su estadio e inici\u00f3 conversaciones con una empresa constructora, la cual estar\u00e1 financiada por un capital privado para poder llevar adelante el proyecto.<\/p>\n\n\n\n<p>El presidente del club, N\u00e9stor Grindetti, se reuni\u00f3 con un grupo inversor que propone la ampliaci\u00f3n del estadio Libertadores de Am\u00e9rica &#8211; Ricardo Bochini con 15.000 nuevos lugares m\u00e1s en un tercer anillo, el techado del mismo y el estacionamiento para 800 veh\u00edculos.<\/p>\n\n\n\n<p>Este proyecto demandar\u00eda un tiempo de 18 meses de trabajo, aunque esto no impedir\u00eda que Independiente pueda desempe\u00f1arse como local y con normalidad.<\/p>\n\n\n\n<p>La empresa que llevar\u00e1 adelante la ampliaci\u00f3n es BMA Estudio, que trabaj\u00f3 con River para la remodelaci\u00f3n del estadio Monumental, y tendr\u00e1 el financiamiento de Azura Partners, que se quedar\u00eda a cambio con los ingresos totales de las nuevas localidades por un per\u00edodo a definir.<\/p>\n\n\n\n<p>Luego de la reuni\u00f3n positiva de Grindetti y los inversores, se volver\u00e1n a encontrar la semana pr\u00f3xima para terminar de cerrar los \u00faltimos detalles del proyecto.<\/p>\n\n\n\n<p>Adem\u00e1s, si todo sigue sin inconvenientes, el plan podr\u00eda presentarse oficialmente a fines de febrero.<\/p>\n\n\n\n<p>Marcone renov\u00f3 contrato y Freire estamp\u00f3 su firma<br>El mediocampista Iv\u00e1n Marcone renov\u00f3 su contrato con Independiente, mientras que el club tambi\u00e9n oficializ\u00f3 la incorporaci\u00f3n a pr\u00e9stamo del ex compa\u00f1ero de Lionel Messi en el Inter Miami, Nicol\u00e1s Freire.<\/p>\n\n\n\n<p>El mediocampista de 34 a\u00f1os lleg\u00f3 al \u00abRojo\u00bb en 2022 y extendi\u00f3 el v\u00ednculo con la instituci\u00f3n por dos temporadas m\u00e1s hasta diciembre del 2026. Aunque fue el capit\u00e1n del equipo en los \u00faltimos dos a\u00f1os, para esta nueva temporada perder\u00eda la capitan\u00eda en manos de Rodrigo Rey.<\/p>\n\n\n\n<p>Por su parte, el marcador central de 30 a\u00f1os que comparti\u00f3 equipo con el astro argentino vestir\u00e1 el dorsal n\u00famero seis, aunque podr\u00e1 hacerlo con la temporada ya comenzada debido a que se<br>est\u00e1 recuperando de una rotura en el ligamento cruzado anterior de la rodilla derecha sufrida en mayo del a\u00f1o pasado.<\/p>\n\n\n\n<p>Freire lleg\u00f3 a pr\u00e9stamo a Independiente por doce meses con una opci\u00f3n de compra de 1,2 millones de d\u00f3lares por el 80% del pase, que pertenece al Pumas de M\u00e9xico.<\/p>\n","protected":false},"excerpt":{"rendered":"<p>Independiente tiene intenciones serias de ampliar su estadio e inici\u00f3 conversaciones con una empresa constructora, la cual estar\u00e1 financiada por un capital privado para poder llevar adelante el proyecto. El&hellip;<\/p>\n","protected":false},"author":3,"featured_media":8129,"comment_status":"closed","ping_status":"closed","sticky":false,"template":"","format":"standard","meta":{"footnotes":""},"categories":[3],"tags":[],"class_list":["post-8128","post","type-post","status-publish","format-standard","has-post-thumbnail","hentry","category-deportes"],"rttpg_featured_image_url":{"full":["https:\/\/magazineweb.com.ar\/wp-content\/uploads\/2025\/01\/estadio-independiente_862x485.webp",862,485,false],"landscape":["https:\/\/magazineweb.com.ar\/wp-content\/uploads\/2025\/01\/estadio-independiente_862x485.webp",862,485,false],"portraits":["https:\/\/magazineweb.com.ar\/wp-content\/uploads\/2025\/01\/estadio-independiente_862x485.webp",862,485,false],"thumbnail":["https:\/\/magazineweb.com.ar\/wp-content\/uploads\/2025\/01\/estadio-independiente_862x485-150x150.webp",150,150,true],"medium":["https:\/\/magazineweb.com.ar\/wp-content\/uploads\/2025\/01\/estadio-independiente_862x485-300x169.webp",300,169,true],"large":["https:\/\/magazineweb.com.ar\/wp-content\/uploads\/2025\/01\/estadio-independiente_862x485.webp",862,485,false],"1536x1536":["https:\/\/magazineweb.com.ar\/wp-content\/uploads\/2025\/01\/estadio-independiente_862x485.webp",862,485,false],"2048x2048":["https:\/\/magazineweb.com.ar\/wp-content\/uploads\/2025\/01\/estadio-independiente_862x485.webp",862,485,false],"ultp_layout_landscape_large":["https:\/\/magazineweb.com.ar\/wp-content\/uploads\/2025\/01\/estadio-independiente_862x485.webp",862,485,false],"ultp_layout_landscape":["https:\/\/magazineweb.com.ar\/wp-content\/uploads\/2025\/01\/estadio-independiente_862x485.webp",862,485,false],"ultp_layout_portrait":["https:\/\/magazineweb.com.ar\/wp-content\/uploads\/2025\/01\/estadio-independiente_862x485-600x485.webp",600,485,true],"ultp_layout_square":["https:\/\/magazineweb.com.ar\/wp-content\/uploads\/2025\/01\/estadio-independiente_862x485-600x485.webp",600,485,true]},"rttpg_author":{"display_name":"Redacci\u00f3n Magazine Web","author_link":"https:\/\/magazineweb.com.ar\/?author=3"},"rttpg_comment":0,"rttpg_category":"<a href=\"https:\/\/magazineweb.com.ar\/?cat=3\" rel=\"category\">Deportes<\/a>","rttpg_excerpt":"Independiente tiene intenciones serias de ampliar su estadio e inici\u00f3 conversaciones con una empresa constructora, la cual estar\u00e1 financiada por un capital privado para poder llevar adelante el proyecto. El&hellip;","_links":{"self":[{"href":"https:\/\/magazineweb.com.ar\/index.php?rest_route=\/wp\/v2\/posts\/8128","targetHints":{"allow":["GET"]}}],"collection":[{"href":"https:\/\/magazineweb.com.ar\/index.php?rest_route=\/wp\/v2\/posts"}],"about":[{"href":"https:\/\/magazineweb.com.ar\/index.php?rest_route=\/wp\/v2\/types\/post"}],"author":[{"embeddable":true,"href":"https:\/\/magazineweb.com.ar\/index.php?rest_route=\/wp\/v2\/users\/3"}],"replies":[{"embeddable":true,"href":"https:\/\/magazineweb.com.ar\/index.php?rest_route=%2Fwp%2Fv2%2Fcomments&post=8128"}],"version-history":[{"count":1,"href":"https:\/\/magazineweb.com.ar\/index.php?rest_route=\/wp\/v2\/posts\/8128\/revisions"}],"predecessor-version":[{"id":8130,"href":"https:\/\/magazineweb.com.ar\/index.php?rest_route=\/wp\/v2\/posts\/8128\/revisions\/8130"}],"wp:featuredmedia":[{"embeddable":true,"href":"https:\/\/magazineweb.com.ar\/index.php?rest_route=\/wp\/v2\/media\/8129"}],"wp:attachment":[{"href":"https:\/\/magazineweb.com.ar\/index.php?rest_route=%2Fwp%2Fv2%2Fmedia&parent=8128"}],"wp:term":[{"taxonomy":"category","embeddable":true,"href":"https:\/\/magazineweb.com.ar\/index.php?rest_route=%2Fwp%2Fv2%2Fcategories&post=8128"},{"taxonomy":"post_tag","embeddable":true,"href":"https:\/\/magazineweb.com.ar\/index.php?rest_route=%2Fwp%2Fv2%2Ftags&post=8128"}],"curies":[{"name":"wp","href":"https:\/\/api.w.org\/{rel}","templated":true}]}}