{"id":8140,"date":"2025-01-10T01:05:00","date_gmt":"2025-01-10T04:05:00","guid":{"rendered":"https:\/\/magazineweb.com.ar\/?p=8140"},"modified":"2025-01-09T18:32:01","modified_gmt":"2025-01-09T21:32:01","slug":"los-reyes-magos-recorrieron-berazategui","status":"publish","type":"post","link":"https:\/\/magazineweb.com.ar\/?p=8140","title":{"rendered":"Los Reyes Magos recorrieron Berazategui"},"content":{"rendered":"\n<p>Como todos los a\u00f1os, visitaron distintos puntos del distrito. Melchor, Gaspar y Baltasar compartieron una tarde de alegr\u00eda junto a vecinos y vecinas.<\/p>\n\n\n\n<p>En la tarde del domingo 5 de enero, los Reyes Magos recorrieron el play\u00f3n del Edificio Municipal, el Hospital Interzonal General de Agudos Evita Pueblo, Pl\u00e1tanos y los barrios Los Manzanos, Primavera y San Blas.<\/p>\n\n\n\n<p>Adem\u00e1s, el lunes 6 de enero visitaron a los chicos y chicas de las Colonias Municipales de Verano, que son impulsadas todos los a\u00f1os por el intendente Juan Jos\u00e9 Mussi, y se desarrollan en el Complejo Municipal Los Privilegiados.<\/p>\n\n\n\n<p>Una de las vecinas que se acerc\u00f3 a saludarlos, Mariana G\u00f3mez, expres\u00f3: \u201cEstamos muy contentos de recibirlos en Los Manzanos. Vine con mis tres hijos, quienes est\u00e1n disfrutando mucho de este d\u00eda\u201d.<\/p>\n\n\n\n<p>Durante su visita, Melchor, Gaspar y Baltasar saludaron a los m\u00e1s chicos, se sacaron fotos y les regalaron golosinas.<\/p>\n","protected":false},"excerpt":{"rendered":"<p>Como todos los a\u00f1os, visitaron distintos puntos del distrito. Melchor, Gaspar y Baltasar compartieron una tarde de alegr\u00eda junto a vecinos y vecinas. En la tarde del domingo 5 de&hellip;<\/p>\n","protected":false},"author":3,"featured_media":8141,"comment_status":"closed","ping_status":"closed","sticky":false,"template":"","format":"standard","meta":{"footnotes":""},"categories":[9],"tags":[],"class_list":["post-8140","post","type-post","status-publish","format-standard","has-post-thumbnail","hentry","category-informacion-general"],"rttpg_featured_image_url":{"full":["https:\/\/magazineweb.com.ar\/wp-content\/uploads\/2025\/01\/LOS-REYES-MAGOS-RECORRIERON-BERAZATEGUI-3.jpg",1920,1280,false],"landscape":["https:\/\/magazineweb.com.ar\/wp-content\/uploads\/2025\/01\/LOS-REYES-MAGOS-RECORRIERON-BERAZATEGUI-3.jpg",1920,1280,false],"portraits":["https:\/\/magazineweb.com.ar\/wp-content\/uploads\/2025\/01\/LOS-REYES-MAGOS-RECORRIERON-BERAZATEGUI-3.jpg",1920,1280,false],"thumbnail":["https:\/\/magazineweb.com.ar\/wp-content\/uploads\/2025\/01\/LOS-REYES-MAGOS-RECORRIERON-BERAZATEGUI-3-150x150.jpg",150,150,true],"medium":["https:\/\/magazineweb.com.ar\/wp-content\/uploads\/2025\/01\/LOS-REYES-MAGOS-RECORRIERON-BERAZATEGUI-3-300x200.jpg",300,200,true],"large":["https:\/\/magazineweb.com.ar\/wp-content\/uploads\/2025\/01\/LOS-REYES-MAGOS-RECORRIERON-BERAZATEGUI-3-1024x683.jpg",1024,683,true],"1536x1536":["https:\/\/magazineweb.com.ar\/wp-content\/uploads\/2025\/01\/LOS-REYES-MAGOS-RECORRIERON-BERAZATEGUI-3-1536x1024.jpg",1536,1024,true],"2048x2048":["https:\/\/magazineweb.com.ar\/wp-content\/uploads\/2025\/01\/LOS-REYES-MAGOS-RECORRIERON-BERAZATEGUI-3.jpg",1920,1280,false],"ultp_layout_landscape_large":["https:\/\/magazineweb.com.ar\/wp-content\/uploads\/2025\/01\/LOS-REYES-MAGOS-RECORRIERON-BERAZATEGUI-3-1200x800.jpg",1200,800,true],"ultp_layout_landscape":["https:\/\/magazineweb.com.ar\/wp-content\/uploads\/2025\/01\/LOS-REYES-MAGOS-RECORRIERON-BERAZATEGUI-3-870x570.jpg",870,570,true],"ultp_layout_portrait":["https:\/\/magazineweb.com.ar\/wp-content\/uploads\/2025\/01\/LOS-REYES-MAGOS-RECORRIERON-BERAZATEGUI-3-600x900.jpg",600,900,true],"ultp_layout_square":["https:\/\/magazineweb.com.ar\/wp-content\/uploads\/2025\/01\/LOS-REYES-MAGOS-RECORRIERON-BERAZATEGUI-3-600x600.jpg",600,600,true]},"rttpg_author":{"display_name":"Redacci\u00f3n Magazine Web","author_link":"https:\/\/magazineweb.com.ar\/?author=3"},"rttpg_comment":0,"rttpg_category":"<a href=\"https:\/\/magazineweb.com.ar\/?cat=9\" rel=\"category\">Informaci\u00f3n General<\/a>","rttpg_excerpt":"Como todos los a\u00f1os, visitaron distintos puntos del distrito. Melchor, Gaspar y Baltasar compartieron una tarde de alegr\u00eda junto a vecinos y vecinas. En la tarde del domingo 5 de&hellip;","_links":{"self":[{"href":"https:\/\/magazineweb.com.ar\/index.php?rest_route=\/wp\/v2\/posts\/8140","targetHints":{"allow":["GET"]}}],"collection":[{"href":"https:\/\/magazineweb.com.ar\/index.php?rest_route=\/wp\/v2\/posts"}],"about":[{"href":"https:\/\/magazineweb.com.ar\/index.php?rest_route=\/wp\/v2\/types\/post"}],"author":[{"embeddable":true,"href":"https:\/\/magazineweb.com.ar\/index.php?rest_route=\/wp\/v2\/users\/3"}],"replies":[{"embeddable":true,"href":"https:\/\/magazineweb.com.ar\/index.php?rest_route=%2Fwp%2Fv2%2Fcomments&post=8140"}],"version-history":[{"count":1,"href":"https:\/\/magazineweb.com.ar\/index.php?rest_route=\/wp\/v2\/posts\/8140\/revisions"}],"predecessor-version":[{"id":8142,"href":"https:\/\/magazineweb.com.ar\/index.php?rest_route=\/wp\/v2\/posts\/8140\/revisions\/8142"}],"wp:featuredmedia":[{"embeddable":true,"href":"https:\/\/magazineweb.com.ar\/index.php?rest_route=\/wp\/v2\/media\/8141"}],"wp:attachment":[{"href":"https:\/\/magazineweb.com.ar\/index.php?rest_route=%2Fwp%2Fv2%2Fmedia&parent=8140"}],"wp:term":[{"taxonomy":"category","embeddable":true,"href":"https:\/\/magazineweb.com.ar\/index.php?rest_route=%2Fwp%2Fv2%2Fcategories&post=8140"},{"taxonomy":"post_tag","embeddable":true,"href":"https:\/\/magazineweb.com.ar\/index.php?rest_route=%2Fwp%2Fv2%2Ftags&post=8140"}],"curies":[{"name":"wp","href":"https:\/\/api.w.org\/{rel}","templated":true}]}}