{"id":8149,"date":"2025-01-10T01:01:00","date_gmt":"2025-01-10T04:01:00","guid":{"rendered":"https:\/\/magazineweb.com.ar\/?p=8149"},"modified":"2025-01-09T18:57:49","modified_gmt":"2025-01-09T21:57:49","slug":"varela-inscripcion-para-talleres-culturales-gratuitos-de-febrero","status":"publish","type":"post","link":"https:\/\/magazineweb.com.ar\/?p=8149","title":{"rendered":"Varela: Inscripci\u00f3n para talleres culturales gratuitos de febrero"},"content":{"rendered":"\n<p>Desde el 13 al 17 de enero, de 9 a 16 hs., la Comuna comienza la matriculaci\u00f3n sin costo a las propuestas art\u00edsticas, recreativas y de formaci\u00f3n en la dependencia situada en calle Mitre N\u00ba149.<\/p>\n\n\n\n<p>Mariana Zunino, directora de Instrumentaci\u00f3n de Talleres, comenta: \u201cExtendemos la amplia variedad de opciones para capacitar a personas de todas las edades\u201d. \u201cAl igual que en el primer mes del a\u00f1o, contaremos con alternativas vinculadas a una posible salida laboral\u201d, agrega.<\/p>\n\n\n\n<p>Acerca de las clases, enumera: \u201cHabr\u00e1 seminarios de tango, zapateo, danza, carpinter\u00eda, tejido, sombrerer\u00eda y tocados, corte y confecci\u00f3n, bordado, dise\u00f1o de indumentaria, franc\u00e9s e ingl\u00e9s nivel principiante, automaquillaje, arte-terapia, canto, batucada, arpa, trompeta, bajo, teatro, dibujo, pintura, entre otros\u201d.<\/p>\n\n\n\n<p>Quienes deseen inscribirse, acercarse con DNI a los establecimientos municipales mencionados. Cada vecino o vecina tendr\u00e1 la oportunidad de reservar vacantes en dos cursos.<\/p>\n\n\n\n<p>Oferta disponible:<\/p>\n\n\n\n<p>Casa de la Cultura<br>M\u00fasica<\/p>\n\n\n\n<ul class=\"wp-block-list\">\n<li>Canto, mayores de 15 a\u00f1os, profesor German Benavides (mi\u00e9rcoles 18 a 22 hs.).<\/li>\n\n\n\n<li>Canto, mayores de 15 a\u00f1os, con Eliana Sosa (mi\u00e9rcoles 16 a 20 hs.).<\/li>\n\n\n\n<li>Canto, mayores de 15 a\u00f1os, con Judith Lezcano (viernes 18 a 22 hs.).<\/li>\n\n\n\n<li>Trompeta, mayores de 15 a\u00f1os, profesor Nahuel Becerra (jueves 14 a 18 hs.).<\/li>\n\n\n\n<li>La voz y su cuidado, mayores de 15 a\u00f1os, profesora Patricia Campos (mi\u00e9rcoles 16 a 18 hs.).<\/li>\n\n\n\n<li>Batucada inicial, ni\u00f1os de 8 a 12 a\u00f1os, profesor Jorge \u00c1lvarez (lunes de 16 a 18 hs. y jueves de 10 a 12 hs.) en CePLA, calle Necochea esquina Senzabello, barrio Presidente Sarmiento.<\/li>\n\n\n\n<li>Lenguaje musical, mayores de 12 a\u00f1os, profesor Fernando Liciotti (martes de 15 a 19 hs.) .<\/li>\n\n\n\n<li>Bajo el\u00e9ctrico, mayores de 12 a\u00f1os, profesor Hern\u00e1n Zavala (martes de 17.30 a 19.30 hs.) CePLA, calle Necochea esquina Senzabello, barrio Presidente Sarmiento.<\/li>\n\n\n\n<li>Bajo el\u00e9ctrico, mayores de 12 a\u00f1os, profesor Hern\u00e1n Zavala (martes de 20 a 22 hs.).<\/li>\n\n\n\n<li>Arpa avanzado, mayores de 12 a\u00f1os, profesora Silvina Portillo (martes y jueves 19.30 a 21.30 hs.).<\/li>\n\n\n\n<li>T\u00e9cnica arpa, mayores de 12 a\u00f1os, profesor Alfredo Portillo (mi\u00e9rcoles 17 a 21 hs.).<\/li>\n\n\n\n<li>Arpa inicial, mayores de 8 a\u00f1os, profesora Catalina N\u00fa\u00f1ez (viernes de 19 a 21 hs.).<\/li>\n\n\n\n<li>Piano infantil, de 7 a 12 a\u00f1os, profesor Federico Langaret (mi\u00e9rcoles 13 a 17 hs.).<\/li>\n\n\n\n<li>Bater\u00eda infantil, de 8 a 12 a\u00f1os, profesor David Rodas (mi\u00e9rcoles 18 a 19 hs.).<\/li>\n\n\n\n<li>Taller de m\u00fasica andina, mayores de 12 a\u00f1os, profesor Cristian Giulianetti (mi\u00e9rcoles de 18 a 22 hs.).<\/li>\n\n\n\n<li>Bater\u00eda adultos, mayores de 24 a\u00f1os, profesor David Rodas (mi\u00e9rcoles 19 a 21 hs.).<\/li>\n\n\n\n<li>Guitarra inicial, mayores de 8 a\u00f1os, profesora Victoria Frisz (s\u00e1bados de 9 a 13 hs.).<\/li>\n\n\n\n<li>Sonido experimental, mayores de 15 a\u00f1os, profesor Ariel Tremari (viernes 18 a 20 hs.).<\/li>\n\n\n\n<li>Viol\u00edn inicial, mayores de 8 a\u00f1os, profesor Mariano C\u00e9spedes (martes 16 a 18 hs.).<\/li>\n\n\n\n<li>Pr\u00e1ctica de chacarera para viol\u00edn, mayores de 12 a\u00f1os, profesor Mariano C\u00e9spedes (martes 18 a 20 hs.).<\/li>\n\n\n\n<li>Taller afro brasilero, de 12 a 24 a\u00f1os, profesor Nahuel Orellano (lunes y mi\u00e9rcoles de 17.30 a 19.30 hs.) CEPLA, calle Necochea esquina Senzabello, barrio Presidente Sarmiento.<\/li>\n<\/ul>\n\n\n\n<p>-Danzas<\/p>\n\n\n\n<ul class=\"wp-block-list\">\n<li>Danzas folcl\u00f3ricas, mayores de 10 a\u00f1os, profesor Facundo Oviedo (lunes de 18 a 19 hs. y s\u00e1bados de 18 a 20 hs.).<\/li>\n\n\n\n<li>Zapateo, mayores de 10 a\u00f1os, profesor Facundo Oviedo (lunes de 19 a 20 h hs.).<\/li>\n\n\n\n<li>Esferokinesis, mayores de 15 a\u00f1os, profesora Marilina Galv\u00e1n (viernes 10 a 11.30 hs.).<\/li>\n\n\n\n<li>Tango principiantes, mayores de 16 a\u00f1os, profesora Marilina Galv\u00e1n (jueves 18 a 19 hs.).<\/li>\n\n\n\n<li>Tango (conocimientos b\u00e1sicos), mayores de 16 a\u00f1os, profesora Marilina Galv\u00e1n (jueves 19 a 20 hs.).<\/li>\n\n\n\n<li>Danza cl\u00e1sica, profesora Patricia Nutti, de 8 a 12 a\u00f1os (viernes de 17 a 18 hs. y de 18 a 19 hs.).<\/li>\n\n\n\n<li>Folklore para mujeres, mayores de 16 a\u00f1os, profesora Magali Ledesma (martes 19 a 21 hs.).<\/li>\n\n\n\n<li>Danzas Folcl\u00f3ricas, mayores de 16 a\u00f1os, profesora Magali Ledesma (viernes 19 a 21 hs.).<\/li>\n\n\n\n<li>Danza cl\u00e1sica, mayores de 10 a\u00f1os, profesora Mariela Brianes (martes y jueves 9 a 11 hs.) Inicia el 18\/2.<\/li>\n\n\n\n<li>Danza jazz, de 5 a 8 a\u00f1os, profesora \u00c9rica Bravo (mi\u00e9rcoles 17 a 18 hs.).<\/li>\n\n\n\n<li>Danza jazz, de 9 a 14 a\u00f1os, profesora \u00c9rica Bravo (mi\u00e9rcoles 18 a 19 hs.).<\/li>\n\n\n\n<li>Danza \u00e1rabe, de 6 a 11 a\u00f1os, profesora Roc\u00edo Bentancor (mi\u00e9rcoles 10 a 11 hs.).<\/li>\n\n\n\n<li>Danza \u00e1rabe, mayores de 12 a\u00f1os, profesora Roc\u00edo Betancor (mi\u00e9rcoles 11 a 12 hs.).<\/li>\n<\/ul>\n\n\n\n<p>Manualidades<\/p>\n\n\n\n<ul class=\"wp-block-list\">\n<li>Tejido a dos agujas, mayores de 12 a\u00f1os, profesora Lily L\u00f3pez (lunes 8.30 a 10.30 hs.).<\/li>\n\n\n\n<li>Crochet, mayores de 12 a\u00f1os, profesora Elsa Vergara (lunes 8.30 a 10.30 hs.).<\/li>\n\n\n\n<li>T\u00e9cnicas mixtas\/manualidades, mayores de 18 a\u00f1os, profesora Teresa Medina G\u00f3mez (lunes y viernes 10 a 12 hs.).<\/li>\n\n\n\n<li>Carpinter\u00eda para ni\u00f1os, de 9 a 12 a\u00f1os, profesor V\u00edctor Silva (martes y jueves 9 a 11 hs.).<\/li>\n\n\n\n<li>Manualidades para ni\u00f1os, de 7 a 12 a\u00f1os, profesora Florencia V\u00edctor Silva (viernes 13 a 15 y 15 a 17 hs.).<\/li>\n\n\n\n<li>Sombrerer\u00eda y tocados, mayores de 18 a\u00f1os, profesor Alfredo Miranda (lunes de 10 a 12 hs.).<\/li>\n\n\n\n<li>Ilustraci\u00f3n de figurines, mayores de 16 a\u00f1os, profesor Alfredo Miranda (lunes de 10 a 12 hs.).<\/li>\n\n\n\n<li>Mosaiquismo, mayores de 16 a\u00f1os, profesor Gabriel Peralta (lunes de 8 a 10 hs.).<\/li>\n<\/ul>\n\n\n\n<p>Inform\u00e1tica<\/p>\n\n\n\n<ul class=\"wp-block-list\">\n<li>Excel para principiantes, mayores de 18 a\u00f1os, profesor Jos\u00e9 Ventura (martes y jueves 19 a 21 hs.).<\/li>\n\n\n\n<li>Manejo de celular, para adultos mayores, profesora Anal\u00eda Acevedo (martes 9 a 12 hs.).<\/li>\n<\/ul>\n\n\n\n<p>Idiomas<\/p>\n\n\n\n<ul class=\"wp-block-list\">\n<li>Ingl\u00e9s para principiantes, de 11 a 14 a\u00f1os, profesora Nadia Magliarelli (mi\u00e9rcoles 14 a 15.30 hs.).<\/li>\n\n\n\n<li>Ingl\u00e9s para principiantes, de 15 a 18 a\u00f1os, profesora Nadia Migliarelli (mi\u00e9rcoles 15.30 a 17 hs.).<\/li>\n\n\n\n<li>Ingl\u00e9s para adultos, mayores de 17 a\u00f1os, profesor Facundo Alga\u00f1araz (lunes y mi\u00e9rcoles 16 a 18 hs.).<\/li>\n\n\n\n<li>Franc\u00e9s, mayores de 15 a\u00f1os, profesor Jean Claude Lenouard (s\u00e1bado 8 a 9.30 hs.; 9.30 a 11 y 11 a 12.30 hs.).<\/li>\n<\/ul>\n\n\n\n<p>Teatro<\/p>\n\n\n\n<ul class=\"wp-block-list\">\n<li>Seminario de arte terapia, dirigido a profesionales de la salud, madres o padres con hijos o familiares con alguna discapacidad, acompa\u00f1antes terap\u00e9uticos, docentes, profesora Elizabeth Verdun (lunes de 14 a 16 hs.).<\/li>\n\n\n\n<li>Metacuerpxs, mayores de 18 a\u00f1os, profesores Aldana Gonz\u00e1lez y Javier P\u00e9rez (s\u00e1bados 18 a 20 hs.).<\/li>\n\n\n\n<li>Automaquillaje, mayores de 16 a\u00f1os, profesora Marlene Ferlaza (martes 17 a 18.30 hs.).<\/li>\n\n\n\n<li>Introducci\u00f3n a la t\u00e9cnica teatral LECOQ (intermedios\/avanzados), mayores de 16 a\u00f1os, profesores Camila Calvi y Franco Galv\u00e1n (mi\u00e9rcoles 19 y 26 de febrero de 19 a 22 hs.).<\/li>\n\n\n\n<li>Intensivo de Teatro musical, de 8 a 16 a\u00f1os, profesor Mauro Serrano (lunes 24 de febrero de 17 a 19 hs.).<\/li>\n\n\n\n<li>Intensivo de teatro musical, de 5 a 7 a\u00f1os, profesor Mauro Serrano (martes 25 de febrero de 17 a 18.30 hs.).<\/li>\n\n\n\n<li>Intensivo de teatro musical, de 14 a 45 a\u00f1os, profesor Mauro Serrano (martes 25 de febrero de 18.30 a 21 hs.).<\/li>\n\n\n\n<li>Hacer Shakespeare, mayores de 15 a\u00f1os, profesores Mar\u00eda Jos\u00e9 Mihaljevic y Franco Leicam (jueves 20 y 27 de febrero de 19 a 22 hs.).<\/li>\n\n\n\n<li>Taller de interpretaci\u00f3n vocal (canto), mayores de 15 a\u00f1os con o sin experiencia, profesora Lorena Fern\u00e1ndez (jueves 20 y 27 de febrero de 17 a 19 hs.).<\/li>\n<\/ul>\n\n\n\n<p>Oficios<\/p>\n\n\n\n<ul class=\"wp-block-list\">\n<li>Dise\u00f1o de indumentaria, mayores de 16 a\u00f1os, profesora Camila Dupont (viernes 11 a 13 hs.).<\/li>\n\n\n\n<li>Carpinter\u00eda, mayores de 16 a\u00f1os, profesor H\u00e9ctor Leiva (mi\u00e9rcoles y jueves 10 a 12 hs.).<\/li>\n\n\n\n<li>Peluquer\u00eda, mayores de 16 a\u00f1o, profesora Gabriel Idilli (jueves de 11 a 13 hs.).<\/li>\n\n\n\n<li>Corte y confecci\u00f3n, mayores de 14 a\u00f1os, profesora Cristina L\u00f3pez (mi\u00e9rcoles 13 a 15 hs.).<\/li>\n\n\n\n<li>Bordado, mayores de 14 a\u00f1os, profesora Cristina L\u00f3pez (mi\u00e9rcoles 15 a 17 hs.).<\/li>\n<\/ul>\n\n\n\n<p>Museo Comunitario de Artes Visuales e Hist\u00f3rico (25 de Mayo esquina Chacabuco)<br>Artes visuales<\/p>\n\n\n\n<ul class=\"wp-block-list\">\n<li>Dibujo de paisajes, mayores de 18 a\u00f1os, profesora In\u00e9s Cohelo (lunes 17 a 19 hs.).<\/li>\n\n\n\n<li>Dibujo y pintura, de 6 a 12 a\u00f1os, profesor Dar\u00edo Arga\u00f1araz (martes 16.30 a 18.30 hs.).<\/li>\n\n\n\n<li>Pintura de paisajes, mayores de 18 a\u00f1os, profesor Lic. Ezequiel Bar\u00f3 (jueves 10 a 12 hs.).<\/li>\n\n\n\n<li>Monaquismo por memoria, mayores de 18 a\u00f1os, profesor Diego Candia (jueves 18 a 20 hs.).<\/li>\n\n\n\n<li>Arte infantil, mayores de6 a 12 a\u00f1os, profesor Paulo Coronel (viernes 10 a 12 hs.).<\/li>\n\n\n\n<li>Armado de libro de autor con foto, mayores de 18 a\u00f1os, profesor Orlando Yba\u00f1ez (viernes 18 a 20 hs.).<\/li>\n<\/ul>\n","protected":false},"excerpt":{"rendered":"<p>Desde el 13 al 17 de enero, de 9 a 16 hs., la Comuna comienza la matriculaci\u00f3n sin costo a las propuestas art\u00edsticas, recreativas y de formaci\u00f3n en la dependencia&hellip;<\/p>\n","protected":false},"author":3,"featured_media":8150,"comment_status":"closed","ping_status":"closed","sticky":false,"template":"","format":"standard","meta":{"footnotes":""},"categories":[4,9],"tags":[],"class_list":["post-8149","post","type-post","status-publish","format-standard","has-post-thumbnail","hentry","category-destacados","category-informacion-general"],"rttpg_featured_image_url":{"full":["https:\/\/magazineweb.com.ar\/wp-content\/uploads\/2025\/01\/tallleres.jpg",1801,1801,false],"landscape":["https:\/\/magazineweb.com.ar\/wp-content\/uploads\/2025\/01\/tallleres.jpg",1801,1801,false],"portraits":["https:\/\/magazineweb.com.ar\/wp-content\/uploads\/2025\/01\/tallleres.jpg",1801,1801,false],"thumbnail":["https:\/\/magazineweb.com.ar\/wp-content\/uploads\/2025\/01\/tallleres-150x150.jpg",150,150,true],"medium":["https:\/\/magazineweb.com.ar\/wp-content\/uploads\/2025\/01\/tallleres-300x300.jpg",300,300,true],"large":["https:\/\/magazineweb.com.ar\/wp-content\/uploads\/2025\/01\/tallleres-1024x1024.jpg",1024,1024,true],"1536x1536":["https:\/\/magazineweb.com.ar\/wp-content\/uploads\/2025\/01\/tallleres-1536x1536.jpg",1536,1536,true],"2048x2048":["https:\/\/magazineweb.com.ar\/wp-content\/uploads\/2025\/01\/tallleres.jpg",1801,1801,false],"ultp_layout_landscape_large":["https:\/\/magazineweb.com.ar\/wp-content\/uploads\/2025\/01\/tallleres-1200x800.jpg",1200,800,true],"ultp_layout_landscape":["https:\/\/magazineweb.com.ar\/wp-content\/uploads\/2025\/01\/tallleres-870x570.jpg",870,570,true],"ultp_layout_portrait":["https:\/\/magazineweb.com.ar\/wp-content\/uploads\/2025\/01\/tallleres-600x900.jpg",600,900,true],"ultp_layout_square":["https:\/\/magazineweb.com.ar\/wp-content\/uploads\/2025\/01\/tallleres-600x600.jpg",600,600,true]},"rttpg_author":{"display_name":"Redacci\u00f3n Magazine Web","author_link":"https:\/\/magazineweb.com.ar\/?author=3"},"rttpg_comment":0,"rttpg_category":"<a href=\"https:\/\/magazineweb.com.ar\/?cat=4\" rel=\"category\">Destacados<\/a> <a href=\"https:\/\/magazineweb.com.ar\/?cat=9\" rel=\"category\">Informaci\u00f3n General<\/a>","rttpg_excerpt":"Desde el 13 al 17 de enero, de 9 a 16 hs., la Comuna comienza la matriculaci\u00f3n sin costo a las propuestas art\u00edsticas, recreativas y de formaci\u00f3n en la dependencia&hellip;","_links":{"self":[{"href":"https:\/\/magazineweb.com.ar\/index.php?rest_route=\/wp\/v2\/posts\/8149","targetHints":{"allow":["GET"]}}],"collection":[{"href":"https:\/\/magazineweb.com.ar\/index.php?rest_route=\/wp\/v2\/posts"}],"about":[{"href":"https:\/\/magazineweb.com.ar\/index.php?rest_route=\/wp\/v2\/types\/post"}],"author":[{"embeddable":true,"href":"https:\/\/magazineweb.com.ar\/index.php?rest_route=\/wp\/v2\/users\/3"}],"replies":[{"embeddable":true,"href":"https:\/\/magazineweb.com.ar\/index.php?rest_route=%2Fwp%2Fv2%2Fcomments&post=8149"}],"version-history":[{"count":1,"href":"https:\/\/magazineweb.com.ar\/index.php?rest_route=\/wp\/v2\/posts\/8149\/revisions"}],"predecessor-version":[{"id":8151,"href":"https:\/\/magazineweb.com.ar\/index.php?rest_route=\/wp\/v2\/posts\/8149\/revisions\/8151"}],"wp:featuredmedia":[{"embeddable":true,"href":"https:\/\/magazineweb.com.ar\/index.php?rest_route=\/wp\/v2\/media\/8150"}],"wp:attachment":[{"href":"https:\/\/magazineweb.com.ar\/index.php?rest_route=%2Fwp%2Fv2%2Fmedia&parent=8149"}],"wp:term":[{"taxonomy":"category","embeddable":true,"href":"https:\/\/magazineweb.com.ar\/index.php?rest_route=%2Fwp%2Fv2%2Fcategories&post=8149"},{"taxonomy":"post_tag","embeddable":true,"href":"https:\/\/magazineweb.com.ar\/index.php?rest_route=%2Fwp%2Fv2%2Ftags&post=8149"}],"curies":[{"name":"wp","href":"https:\/\/api.w.org\/{rel}","templated":true}]}}