{"id":8200,"date":"2025-01-17T01:05:00","date_gmt":"2025-01-17T04:05:00","guid":{"rendered":"https:\/\/magazineweb.com.ar\/?p=8200"},"modified":"2025-01-20T20:11:27","modified_gmt":"2025-01-20T23:11:27","slug":"comenzo-la-matriculacion-para-los-talleres-culturales-gratuitos-de-febrero","status":"publish","type":"post","link":"https:\/\/magazineweb.com.ar\/?p=8200","title":{"rendered":"Varela: Comenz\u00f3 la matriculaci\u00f3n para los talleres culturales gratuitos de febrero"},"content":{"rendered":"\n<p>El Ejecutivo varelense inici\u00f3 la inscripci\u00f3n sin costo a las propuestas art\u00edsticas, recreativas y formativas para todas las edades durante el segundo mes del a\u00f1o en la dependencia situada en calle Mitre N\u00ba149, disponible hasta este viernes 17 de enero de 9 a 16 hs.<\/p>\n\n\n\n<p>La secretaria de Cultura, Deportes y Recreaci\u00f3n, Estefan\u00eda Nieva, resalt\u00f3 \u00abla decisi\u00f3n de nuestro intendente -Andr\u00e9s Watson- por impulsar estas pol\u00edticas p\u00fablicas\u00bb. Remarc\u00f3 \u00abla variedad en los m\u00e1s de setenta cursos gratuitos para aprender, disfrutar y, en algunos casos, adquirir conocimientos de una posible salida laboral\u201d.<\/p>\n\n\n\n<p>Desde El Alpino lleg\u00f3 Cristian. Eligi\u00f3 los talleres de \u00abguitarra y canto para practicar\u00bb. \u00abMi meta fue mejorar como m\u00fasico\u201d, se\u00f1al\u00f3 el integrante de la Orquesta Escuela. Mencion\u00f3 que el primer mes del a\u00f1o curs\u00f3 globolog\u00eda, una asignatura que consider\u00f3 \u00abmuy curiosa\u00bb.<\/p>\n\n\n\n<p>Katherine -de La Esmeralda- coment\u00f3 que volvi\u00f3 a matricularse en viol\u00edn. \u00abEra dif\u00edcil encontrar profesores de este instrumento\u00bb, revel\u00f3.<\/p>\n\n\n\n<p>Lorena concurri\u00f3 temprano desde Villa Argentina. La muchacha anot\u00f3 a sus hijos de 8 y 12 a\u00f1os en dibujo de paisajes; a sus sobrinas de 6, 10 y 11 en danzas \u00e1rabes. \u00abMe apunt\u00e9 en Excel\u00bb, dijo la mujer. Destac\u00f3 \u00abla posibilidad de acceder a estos espacios sin pagar\u00bb.<\/p>\n\n\n\n<p>Cintia explic\u00f3 a su hija Yoko que, \u00abcuando era chica, estas oportunidades no exist\u00edan\u00bb. La mam\u00e1 consigui\u00f3 en el taller de interpretaci\u00f3n vocal; tampoco perdi\u00f3 ni un encuentro de teatro en los seminarios de la edici\u00f3n anterior.<\/p>\n\n\n\n<p>Sentadas en la entrada estaban Laura que acompa\u00f1\u00f3 a su nieta Jazm\u00edn, ambas de Villa Hudson. La joven quer\u00eda hacer corte y confecci\u00f3n m\u00e1s bordado con la misi\u00f3n de \u00abocupar el tiempo libre\u00bb. \u00abLa m\u00e1quina de coser ya cumpli\u00f3 dos a\u00f1os sin usarse\u00bb, agreg\u00f3 su abuela, de manera jocosa.<\/p>\n\n\n\n<p>Por su parte, Bel\u00e9n -de Villa Brown- cont\u00f3: \u00abTra\u00eda a mis ni\u00f1os, ahora me registr\u00e9 en franc\u00e9s, que era un pendiente que postergaba\u00bb.<\/p>\n\n\n\n<p>Julieta aguardaba para ser atendida. La adolescente de barrio Paran\u00e1 estaba interesada en tomar clases de bajo el\u00e9ctrico. La alternativa local result\u00f3 \u00abaccesible, cercana, aprovechable\u00bb.<\/p>\n\n\n\n<p>Fijaron como sedes de las capacitaciones la Casa de la Cultura, el Museo Comunitario de Artes Visuales e Hist\u00f3rico (25 de Mayo esquina Chacabuco) m\u00e1s el Centro Preventivo Local de Adicciones -CePLA- (Necochea y Senzabello, en Presidente Sarmiento).<\/p>\n","protected":false},"excerpt":{"rendered":"<p>El Ejecutivo varelense inici\u00f3 la inscripci\u00f3n sin costo a las propuestas art\u00edsticas, recreativas y formativas para todas las edades durante el segundo mes del a\u00f1o en la dependencia situada en&hellip;<\/p>\n","protected":false},"author":3,"featured_media":8197,"comment_status":"closed","ping_status":"closed","sticky":false,"template":"","format":"standard","meta":{"footnotes":""},"categories":[4,9],"tags":[],"class_list":["post-8200","post","type-post","status-publish","format-standard","has-post-thumbnail","hentry","category-destacados","category-informacion-general"],"rttpg_featured_image_url":{"full":["https:\/\/magazineweb.com.ar\/wp-content\/uploads\/2025\/01\/esmeralda-scaled.jpg",2560,1707,false],"landscape":["https:\/\/magazineweb.com.ar\/wp-content\/uploads\/2025\/01\/esmeralda-scaled.jpg",2560,1707,false],"portraits":["https:\/\/magazineweb.com.ar\/wp-content\/uploads\/2025\/01\/esmeralda-scaled.jpg",2560,1707,false],"thumbnail":["https:\/\/magazineweb.com.ar\/wp-content\/uploads\/2025\/01\/esmeralda-150x150.jpg",150,150,true],"medium":["https:\/\/magazineweb.com.ar\/wp-content\/uploads\/2025\/01\/esmeralda-300x200.jpg",300,200,true],"large":["https:\/\/magazineweb.com.ar\/wp-content\/uploads\/2025\/01\/esmeralda-1024x683.jpg",1024,683,true],"1536x1536":["https:\/\/magazineweb.com.ar\/wp-content\/uploads\/2025\/01\/esmeralda-1536x1024.jpg",1536,1024,true],"2048x2048":["https:\/\/magazineweb.com.ar\/wp-content\/uploads\/2025\/01\/esmeralda-2048x1365.jpg",2048,1365,true],"ultp_layout_landscape_large":["https:\/\/magazineweb.com.ar\/wp-content\/uploads\/2025\/01\/esmeralda-1200x800.jpg",1200,800,true],"ultp_layout_landscape":["https:\/\/magazineweb.com.ar\/wp-content\/uploads\/2025\/01\/esmeralda-870x570.jpg",870,570,true],"ultp_layout_portrait":["https:\/\/magazineweb.com.ar\/wp-content\/uploads\/2025\/01\/esmeralda-600x900.jpg",600,900,true],"ultp_layout_square":["https:\/\/magazineweb.com.ar\/wp-content\/uploads\/2025\/01\/esmeralda-600x600.jpg",600,600,true]},"rttpg_author":{"display_name":"Redacci\u00f3n Magazine Web","author_link":"https:\/\/magazineweb.com.ar\/?author=3"},"rttpg_comment":0,"rttpg_category":"<a href=\"https:\/\/magazineweb.com.ar\/?cat=4\" rel=\"category\">Destacados<\/a> <a href=\"https:\/\/magazineweb.com.ar\/?cat=9\" rel=\"category\">Informaci\u00f3n General<\/a>","rttpg_excerpt":"El Ejecutivo varelense inici\u00f3 la inscripci\u00f3n sin costo a las propuestas art\u00edsticas, recreativas y formativas para todas las edades durante el segundo mes del a\u00f1o en la dependencia situada en&hellip;","_links":{"self":[{"href":"https:\/\/magazineweb.com.ar\/index.php?rest_route=\/wp\/v2\/posts\/8200","targetHints":{"allow":["GET"]}}],"collection":[{"href":"https:\/\/magazineweb.com.ar\/index.php?rest_route=\/wp\/v2\/posts"}],"about":[{"href":"https:\/\/magazineweb.com.ar\/index.php?rest_route=\/wp\/v2\/types\/post"}],"author":[{"embeddable":true,"href":"https:\/\/magazineweb.com.ar\/index.php?rest_route=\/wp\/v2\/users\/3"}],"replies":[{"embeddable":true,"href":"https:\/\/magazineweb.com.ar\/index.php?rest_route=%2Fwp%2Fv2%2Fcomments&post=8200"}],"version-history":[{"count":2,"href":"https:\/\/magazineweb.com.ar\/index.php?rest_route=\/wp\/v2\/posts\/8200\/revisions"}],"predecessor-version":[{"id":8212,"href":"https:\/\/magazineweb.com.ar\/index.php?rest_route=\/wp\/v2\/posts\/8200\/revisions\/8212"}],"wp:featuredmedia":[{"embeddable":true,"href":"https:\/\/magazineweb.com.ar\/index.php?rest_route=\/wp\/v2\/media\/8197"}],"wp:attachment":[{"href":"https:\/\/magazineweb.com.ar\/index.php?rest_route=%2Fwp%2Fv2%2Fmedia&parent=8200"}],"wp:term":[{"taxonomy":"category","embeddable":true,"href":"https:\/\/magazineweb.com.ar\/index.php?rest_route=%2Fwp%2Fv2%2Fcategories&post=8200"},{"taxonomy":"post_tag","embeddable":true,"href":"https:\/\/magazineweb.com.ar\/index.php?rest_route=%2Fwp%2Fv2%2Ftags&post=8200"}],"curies":[{"name":"wp","href":"https:\/\/api.w.org\/{rel}","templated":true}]}}