{"id":8205,"date":"2025-01-16T01:05:00","date_gmt":"2025-01-16T04:05:00","guid":{"rendered":"https:\/\/magazineweb.com.ar\/?p=8205"},"modified":"2025-01-13T20:51:06","modified_gmt":"2025-01-13T23:51:06","slug":"tarde-de-capacitacion-en-el-genero-urbano-en-varela","status":"publish","type":"post","link":"https:\/\/magazineweb.com.ar\/?p=8205","title":{"rendered":"Tarde de capacitaci\u00f3n en el g\u00e9nero urbano en Varela"},"content":{"rendered":"\n<p>La Comuna invita al tercer Seminario de Rimas, Improvisaci\u00f3n y Flow destinado a varelenses de 13 a 21 a\u00f1os sin inscripci\u00f3n previa y de acceso gratuito, este jueves 16 de enero a las 19 hs. en la Casa de la Cultura -calle Mitre N\u00ba149-.<\/p>\n\n\n\n<p>La actividad ser\u00e1 dictada por Lautaro Lezcano junto a Gast\u00f3n Fig\u00fan quien sostiene: \u201cEl verano no nos detiene. Continuamos con la formaci\u00f3n para amantes del freestyle\u201d. El joven impulsa a seguidores y seguidoras del g\u00e9nero a sumarse con la premisa de \u201cmejorar sus presentaciones de rap o trap\u201d.<\/p>\n\n\n\n<p>\u201cTrabajaremos en potenciar el estilo de cada uno de los y las asistentes\u201d, afirma el coordinador. \u201cQueremos que los chicos y las chicas que incursionan en la m\u00fasica urbana obtengan herramientas para desenvolverse en las \u2018batallas de gallos\u2019 del distrito\u201d, a\u00f1ade.<\/p>\n","protected":false},"excerpt":{"rendered":"<p>La Comuna invita al tercer Seminario de Rimas, Improvisaci\u00f3n y Flow destinado a varelenses de 13 a 21 a\u00f1os sin inscripci\u00f3n previa y de acceso gratuito, este jueves 16 de&hellip;<\/p>\n","protected":false},"author":3,"featured_media":8207,"comment_status":"closed","ping_status":"closed","sticky":false,"template":"","format":"standard","meta":{"footnotes":""},"categories":[7],"tags":[],"class_list":["post-8205","post","type-post","status-publish","format-standard","has-post-thumbnail","hentry","category-espectaculos"],"rttpg_featured_image_url":{"full":["https:\/\/magazineweb.com.ar\/wp-content\/uploads\/2025\/01\/urbano.jpg",1080,1080,false],"landscape":["https:\/\/magazineweb.com.ar\/wp-content\/uploads\/2025\/01\/urbano.jpg",1080,1080,false],"portraits":["https:\/\/magazineweb.com.ar\/wp-content\/uploads\/2025\/01\/urbano.jpg",1080,1080,false],"thumbnail":["https:\/\/magazineweb.com.ar\/wp-content\/uploads\/2025\/01\/urbano-150x150.jpg",150,150,true],"medium":["https:\/\/magazineweb.com.ar\/wp-content\/uploads\/2025\/01\/urbano-300x300.jpg",300,300,true],"large":["https:\/\/magazineweb.com.ar\/wp-content\/uploads\/2025\/01\/urbano-1024x1024.jpg",1024,1024,true],"1536x1536":["https:\/\/magazineweb.com.ar\/wp-content\/uploads\/2025\/01\/urbano.jpg",1080,1080,false],"2048x2048":["https:\/\/magazineweb.com.ar\/wp-content\/uploads\/2025\/01\/urbano.jpg",1080,1080,false],"ultp_layout_landscape_large":["https:\/\/magazineweb.com.ar\/wp-content\/uploads\/2025\/01\/urbano-1080x800.jpg",1080,800,true],"ultp_layout_landscape":["https:\/\/magazineweb.com.ar\/wp-content\/uploads\/2025\/01\/urbano-870x570.jpg",870,570,true],"ultp_layout_portrait":["https:\/\/magazineweb.com.ar\/wp-content\/uploads\/2025\/01\/urbano-600x900.jpg",600,900,true],"ultp_layout_square":["https:\/\/magazineweb.com.ar\/wp-content\/uploads\/2025\/01\/urbano-600x600.jpg",600,600,true]},"rttpg_author":{"display_name":"Redacci\u00f3n Magazine Web","author_link":"https:\/\/magazineweb.com.ar\/?author=3"},"rttpg_comment":0,"rttpg_category":"<a href=\"https:\/\/magazineweb.com.ar\/?cat=7\" rel=\"category\">Espect\u00e1culos<\/a>","rttpg_excerpt":"La Comuna invita al tercer Seminario de Rimas, Improvisaci\u00f3n y Flow destinado a varelenses de 13 a 21 a\u00f1os sin inscripci\u00f3n previa y de acceso gratuito, este jueves 16 de&hellip;","_links":{"self":[{"href":"https:\/\/magazineweb.com.ar\/index.php?rest_route=\/wp\/v2\/posts\/8205","targetHints":{"allow":["GET"]}}],"collection":[{"href":"https:\/\/magazineweb.com.ar\/index.php?rest_route=\/wp\/v2\/posts"}],"about":[{"href":"https:\/\/magazineweb.com.ar\/index.php?rest_route=\/wp\/v2\/types\/post"}],"author":[{"embeddable":true,"href":"https:\/\/magazineweb.com.ar\/index.php?rest_route=\/wp\/v2\/users\/3"}],"replies":[{"embeddable":true,"href":"https:\/\/magazineweb.com.ar\/index.php?rest_route=%2Fwp%2Fv2%2Fcomments&post=8205"}],"version-history":[{"count":2,"href":"https:\/\/magazineweb.com.ar\/index.php?rest_route=\/wp\/v2\/posts\/8205\/revisions"}],"predecessor-version":[{"id":8222,"href":"https:\/\/magazineweb.com.ar\/index.php?rest_route=\/wp\/v2\/posts\/8205\/revisions\/8222"}],"wp:featuredmedia":[{"embeddable":true,"href":"https:\/\/magazineweb.com.ar\/index.php?rest_route=\/wp\/v2\/media\/8207"}],"wp:attachment":[{"href":"https:\/\/magazineweb.com.ar\/index.php?rest_route=%2Fwp%2Fv2%2Fmedia&parent=8205"}],"wp:term":[{"taxonomy":"category","embeddable":true,"href":"https:\/\/magazineweb.com.ar\/index.php?rest_route=%2Fwp%2Fv2%2Fcategories&post=8205"},{"taxonomy":"post_tag","embeddable":true,"href":"https:\/\/magazineweb.com.ar\/index.php?rest_route=%2Fwp%2Fv2%2Ftags&post=8205"}],"curies":[{"name":"wp","href":"https:\/\/api.w.org\/{rel}","templated":true}]}}