{"id":8256,"date":"2025-02-04T01:05:00","date_gmt":"2025-02-04T04:05:00","guid":{"rendered":"https:\/\/magazineweb.com.ar\/?p=8256"},"modified":"2025-02-08T08:10:50","modified_gmt":"2025-02-08T11:10:50","slug":"aumenta-el-precio-de-la-carne-en-todo-el-pais-por-reduccion-de-oferta","status":"publish","type":"post","link":"https:\/\/magazineweb.com.ar\/?p=8256","title":{"rendered":"Aumenta el precio de la carne en todo el pa\u00eds por reducci\u00f3n de oferta"},"content":{"rendered":"\n<p>Los cortes de carne vacuna registraron un aumento de 10% debido a una importante reducci\u00f3n de la oferta en el mercado de hacienda.<\/p>\n\n\n\n<p>Los precios de las carnicer\u00edas aumentaron 10% a partir de este lunes, un incremento que estaba previsto para fines de febrero pero se adelant\u00f3 luego de que los frigor\u00edficos aumentaran un 7% por una ca\u00edda de la hacienda en el Mercado Agroganadero de Ca\u00f1uelas (MAG).<\/p>\n\n\n\n<p>El precio de costo de una media res es de $6.000 el kilo, lo que lleva el kilo de asado a $12.000.<\/p>\n\n\n\n<p>En este contexto, el consumo de carne toc\u00f3 m\u00ednimos hist\u00f3ricos y por primera vez en Argentina se comi\u00f3 m\u00e1s pollo. El a\u00f1o pasado el pollo desplaz\u00f3 a la vaca: hubo una demanda de 49,3 kilos por habitante promedio de productos av\u00edcolas, frente a los 48,5 kilos de alimentos bovinos.<\/p>\n\n\n\n<p>Esta cifra representa el nivel m\u00e1s bajo de consumo de carne de vaca en los \u00faltimos 28 a\u00f1os, seg\u00fan las estad\u00edsticas de la C\u00e1mara de la Industria y Comercio de Carnes y Derivados de la Rep\u00fablica Argentina (Ciccra).<\/p>\n\n\n\n<p>A\u00fan as\u00ed, si se suma la demanda de carne vacuna, aviar y bovina, Argentina se ubica dentro de los primeros puestos de pa\u00edses en el mundo con mayor ingesta per c\u00e1pita. Ocupa el segundo puesto con 115 kilogramos por persona, detr\u00e1s de Estados Unidos, que tiene un promedio de 120 kilos, y delante de Australia, con 105.<\/p>\n","protected":false},"excerpt":{"rendered":"<p>Los cortes de carne vacuna registraron un aumento de 10% debido a una importante reducci\u00f3n de la oferta en el mercado de hacienda. Los precios de las carnicer\u00edas aumentaron 10%&hellip;<\/p>\n","protected":false},"author":3,"featured_media":8257,"comment_status":"closed","ping_status":"closed","sticky":false,"template":"","format":"standard","meta":{"footnotes":""},"categories":[4,5],"tags":[],"class_list":["post-8256","post","type-post","status-publish","format-standard","has-post-thumbnail","hentry","category-destacados","category-economia"],"rttpg_featured_image_url":{"full":["https:\/\/magazineweb.com.ar\/wp-content\/uploads\/2025\/02\/carne.webp",950,560,false],"landscape":["https:\/\/magazineweb.com.ar\/wp-content\/uploads\/2025\/02\/carne.webp",950,560,false],"portraits":["https:\/\/magazineweb.com.ar\/wp-content\/uploads\/2025\/02\/carne.webp",950,560,false],"thumbnail":["https:\/\/magazineweb.com.ar\/wp-content\/uploads\/2025\/02\/carne-150x150.webp",150,150,true],"medium":["https:\/\/magazineweb.com.ar\/wp-content\/uploads\/2025\/02\/carne-300x177.webp",300,177,true],"large":["https:\/\/magazineweb.com.ar\/wp-content\/uploads\/2025\/02\/carne.webp",950,560,false],"1536x1536":["https:\/\/magazineweb.com.ar\/wp-content\/uploads\/2025\/02\/carne.webp",950,560,false],"2048x2048":["https:\/\/magazineweb.com.ar\/wp-content\/uploads\/2025\/02\/carne.webp",950,560,false],"ultp_layout_landscape_large":["https:\/\/magazineweb.com.ar\/wp-content\/uploads\/2025\/02\/carne.webp",950,560,false],"ultp_layout_landscape":["https:\/\/magazineweb.com.ar\/wp-content\/uploads\/2025\/02\/carne-870x560.webp",870,560,true],"ultp_layout_portrait":["https:\/\/magazineweb.com.ar\/wp-content\/uploads\/2025\/02\/carne-600x560.webp",600,560,true],"ultp_layout_square":["https:\/\/magazineweb.com.ar\/wp-content\/uploads\/2025\/02\/carne-600x560.webp",600,560,true]},"rttpg_author":{"display_name":"Redacci\u00f3n Magazine Web","author_link":"https:\/\/magazineweb.com.ar\/?author=3"},"rttpg_comment":0,"rttpg_category":"<a href=\"https:\/\/magazineweb.com.ar\/?cat=4\" rel=\"category\">Destacados<\/a> <a href=\"https:\/\/magazineweb.com.ar\/?cat=5\" rel=\"category\">Econom\u00eda<\/a>","rttpg_excerpt":"Los cortes de carne vacuna registraron un aumento de 10% debido a una importante reducci\u00f3n de la oferta en el mercado de hacienda. Los precios de las carnicer\u00edas aumentaron 10%&hellip;","_links":{"self":[{"href":"https:\/\/magazineweb.com.ar\/index.php?rest_route=\/wp\/v2\/posts\/8256","targetHints":{"allow":["GET"]}}],"collection":[{"href":"https:\/\/magazineweb.com.ar\/index.php?rest_route=\/wp\/v2\/posts"}],"about":[{"href":"https:\/\/magazineweb.com.ar\/index.php?rest_route=\/wp\/v2\/types\/post"}],"author":[{"embeddable":true,"href":"https:\/\/magazineweb.com.ar\/index.php?rest_route=\/wp\/v2\/users\/3"}],"replies":[{"embeddable":true,"href":"https:\/\/magazineweb.com.ar\/index.php?rest_route=%2Fwp%2Fv2%2Fcomments&post=8256"}],"version-history":[{"count":1,"href":"https:\/\/magazineweb.com.ar\/index.php?rest_route=\/wp\/v2\/posts\/8256\/revisions"}],"predecessor-version":[{"id":8258,"href":"https:\/\/magazineweb.com.ar\/index.php?rest_route=\/wp\/v2\/posts\/8256\/revisions\/8258"}],"wp:featuredmedia":[{"embeddable":true,"href":"https:\/\/magazineweb.com.ar\/index.php?rest_route=\/wp\/v2\/media\/8257"}],"wp:attachment":[{"href":"https:\/\/magazineweb.com.ar\/index.php?rest_route=%2Fwp%2Fv2%2Fmedia&parent=8256"}],"wp:term":[{"taxonomy":"category","embeddable":true,"href":"https:\/\/magazineweb.com.ar\/index.php?rest_route=%2Fwp%2Fv2%2Fcategories&post=8256"},{"taxonomy":"post_tag","embeddable":true,"href":"https:\/\/magazineweb.com.ar\/index.php?rest_route=%2Fwp%2Fv2%2Ftags&post=8256"}],"curies":[{"name":"wp","href":"https:\/\/api.w.org\/{rel}","templated":true}]}}