{"id":8277,"date":"2025-02-04T01:05:00","date_gmt":"2025-02-04T04:05:00","guid":{"rendered":"https:\/\/magazineweb.com.ar\/?p=8277"},"modified":"2025-02-03T21:56:05","modified_gmt":"2025-02-04T00:56:05","slug":"verano-de-cultura-en-berazategui-el-ciclo-2025-sigue-adelante","status":"publish","type":"post","link":"https:\/\/magazineweb.com.ar\/?p=8277","title":{"rendered":"Verano de Cultura en Berazategui: el Ciclo 2025 sigue adelante"},"content":{"rendered":"\n<p><strong>Cientos de vecinos y vecinas disfrutan de las distintas opciones culturales gratuitas que ofrece el Ciclo de Verano de la Municipalidad de Berazategui, en distintos puntos de la ciudad.<\/strong><\/p>\n\n\n\n<p>De esta manera, el s\u00e1bado 25 de enero se realiz\u00f3 la primera fecha del Festival M\u00fasica del Mundo, en el Complejo Cultural Municipal El Patio, con una noche de tangos y boleros que contaron con las presentaciones de Paula Castignola y el Sindicato Argentino de Boleros.<\/p>\n\n\n\n<p>La vecina Victoria Garc\u00eda presenci\u00f3 el festival y cont\u00f3: \u201cVine con mis pap\u00e1s porque nos enteramos del evento. Realmente nos sorprendi\u00f3 la calidad de los artistas. Me parece genial que todos los veranos tengamos la posibilidad de disfrutar de espect\u00e1culos como este\u201d.<\/p>\n\n\n\n<p>A su vez, el domingo 26 fue el turno del Festival Popular en la Costa de Hudson, donde son\u00f3 la m\u00fasica de Canto Sagrado y Lo Bailas. Adem\u00e1s, estuvieron los juegos y talleres de Cultura Colectiva; y los ya tradicionales foodtrucks que durante los s\u00e1bados y domingos veraniegos est\u00e1n de 12.00 a 00.00.<\/p>\n\n\n\n<p>Asimismo, contin\u00faan desarroll\u00e1ndose los jueves de cine, los viernes de Patio de Tango y Folclore, los s\u00e1bados y domingos de talleres recreativos para infancias en la Casa de la Estaci\u00f3n, y los domingos de encuentro de escritores y lectura de poes\u00edas a cargo del Grupo Literario Almafuerte.<\/p>\n\n\n\n<p>El Ciclo de Verano es organizado por la Municipalidad de Berazategui, a cargo del intendente Juan Jos\u00e9 Mussi. Para conocer el cronograma de actividades, se puede ingresar a&nbsp;<a href=\"http:\/\/berazategui.gob.ar\/cultura\" target=\"_blank\" rel=\"noreferrer noopener\">berazategui.gob.ar\/cultura<\/a>; o a las redes sociales de la Secretar\u00eda de Cultura y Educaci\u00f3n (@culturabe) y del Municipio (@MuniBerazategui).<\/p>\n","protected":false},"excerpt":{"rendered":"<p>Cientos de vecinos y vecinas disfrutan de las distintas opciones culturales gratuitas que ofrece el Ciclo de Verano de la Municipalidad de Berazategui, en distintos puntos de la ciudad. De&hellip;<\/p>\n","protected":false},"author":3,"featured_media":8278,"comment_status":"closed","ping_status":"closed","sticky":false,"template":"","format":"standard","meta":{"footnotes":""},"categories":[7],"tags":[],"class_list":["post-8277","post","type-post","status-publish","format-standard","has-post-thumbnail","hentry","category-espectaculos"],"rttpg_featured_image_url":{"full":["https:\/\/magazineweb.com.ar\/wp-content\/uploads\/2025\/02\/VERANO-DE-CULTURA-EN-BERAZATEGUI-EL-CICLO-2025-SIGUE-ADELANTE-2.jpg",1920,1281,false],"landscape":["https:\/\/magazineweb.com.ar\/wp-content\/uploads\/2025\/02\/VERANO-DE-CULTURA-EN-BERAZATEGUI-EL-CICLO-2025-SIGUE-ADELANTE-2.jpg",1920,1281,false],"portraits":["https:\/\/magazineweb.com.ar\/wp-content\/uploads\/2025\/02\/VERANO-DE-CULTURA-EN-BERAZATEGUI-EL-CICLO-2025-SIGUE-ADELANTE-2.jpg",1920,1281,false],"thumbnail":["https:\/\/magazineweb.com.ar\/wp-content\/uploads\/2025\/02\/VERANO-DE-CULTURA-EN-BERAZATEGUI-EL-CICLO-2025-SIGUE-ADELANTE-2-150x150.jpg",150,150,true],"medium":["https:\/\/magazineweb.com.ar\/wp-content\/uploads\/2025\/02\/VERANO-DE-CULTURA-EN-BERAZATEGUI-EL-CICLO-2025-SIGUE-ADELANTE-2-300x200.jpg",300,200,true],"large":["https:\/\/magazineweb.com.ar\/wp-content\/uploads\/2025\/02\/VERANO-DE-CULTURA-EN-BERAZATEGUI-EL-CICLO-2025-SIGUE-ADELANTE-2-1024x683.jpg",1024,683,true],"1536x1536":["https:\/\/magazineweb.com.ar\/wp-content\/uploads\/2025\/02\/VERANO-DE-CULTURA-EN-BERAZATEGUI-EL-CICLO-2025-SIGUE-ADELANTE-2-1536x1025.jpg",1536,1025,true],"2048x2048":["https:\/\/magazineweb.com.ar\/wp-content\/uploads\/2025\/02\/VERANO-DE-CULTURA-EN-BERAZATEGUI-EL-CICLO-2025-SIGUE-ADELANTE-2.jpg",1920,1281,false],"ultp_layout_landscape_large":["https:\/\/magazineweb.com.ar\/wp-content\/uploads\/2025\/02\/VERANO-DE-CULTURA-EN-BERAZATEGUI-EL-CICLO-2025-SIGUE-ADELANTE-2-1200x800.jpg",1200,800,true],"ultp_layout_landscape":["https:\/\/magazineweb.com.ar\/wp-content\/uploads\/2025\/02\/VERANO-DE-CULTURA-EN-BERAZATEGUI-EL-CICLO-2025-SIGUE-ADELANTE-2-870x570.jpg",870,570,true],"ultp_layout_portrait":["https:\/\/magazineweb.com.ar\/wp-content\/uploads\/2025\/02\/VERANO-DE-CULTURA-EN-BERAZATEGUI-EL-CICLO-2025-SIGUE-ADELANTE-2-600x900.jpg",600,900,true],"ultp_layout_square":["https:\/\/magazineweb.com.ar\/wp-content\/uploads\/2025\/02\/VERANO-DE-CULTURA-EN-BERAZATEGUI-EL-CICLO-2025-SIGUE-ADELANTE-2-600x600.jpg",600,600,true]},"rttpg_author":{"display_name":"Redacci\u00f3n Magazine Web","author_link":"https:\/\/magazineweb.com.ar\/?author=3"},"rttpg_comment":0,"rttpg_category":"<a href=\"https:\/\/magazineweb.com.ar\/?cat=7\" rel=\"category\">Espect\u00e1culos<\/a>","rttpg_excerpt":"Cientos de vecinos y vecinas disfrutan de las distintas opciones culturales gratuitas que ofrece el Ciclo de Verano de la Municipalidad de Berazategui, en distintos puntos de la ciudad. De&hellip;","_links":{"self":[{"href":"https:\/\/magazineweb.com.ar\/index.php?rest_route=\/wp\/v2\/posts\/8277","targetHints":{"allow":["GET"]}}],"collection":[{"href":"https:\/\/magazineweb.com.ar\/index.php?rest_route=\/wp\/v2\/posts"}],"about":[{"href":"https:\/\/magazineweb.com.ar\/index.php?rest_route=\/wp\/v2\/types\/post"}],"author":[{"embeddable":true,"href":"https:\/\/magazineweb.com.ar\/index.php?rest_route=\/wp\/v2\/users\/3"}],"replies":[{"embeddable":true,"href":"https:\/\/magazineweb.com.ar\/index.php?rest_route=%2Fwp%2Fv2%2Fcomments&post=8277"}],"version-history":[{"count":1,"href":"https:\/\/magazineweb.com.ar\/index.php?rest_route=\/wp\/v2\/posts\/8277\/revisions"}],"predecessor-version":[{"id":8279,"href":"https:\/\/magazineweb.com.ar\/index.php?rest_route=\/wp\/v2\/posts\/8277\/revisions\/8279"}],"wp:featuredmedia":[{"embeddable":true,"href":"https:\/\/magazineweb.com.ar\/index.php?rest_route=\/wp\/v2\/media\/8278"}],"wp:attachment":[{"href":"https:\/\/magazineweb.com.ar\/index.php?rest_route=%2Fwp%2Fv2%2Fmedia&parent=8277"}],"wp:term":[{"taxonomy":"category","embeddable":true,"href":"https:\/\/magazineweb.com.ar\/index.php?rest_route=%2Fwp%2Fv2%2Fcategories&post=8277"},{"taxonomy":"post_tag","embeddable":true,"href":"https:\/\/magazineweb.com.ar\/index.php?rest_route=%2Fwp%2Fv2%2Ftags&post=8277"}],"curies":[{"name":"wp","href":"https:\/\/api.w.org\/{rel}","templated":true}]}}