{"id":8287,"date":"2025-02-04T01:03:00","date_gmt":"2025-02-04T04:03:00","guid":{"rendered":"https:\/\/magazineweb.com.ar\/?p=8287"},"modified":"2025-02-04T17:14:45","modified_gmt":"2025-02-04T20:14:45","slug":"febrero-se-disfruta-en-la-colonia-municipal-de-verano","status":"publish","type":"post","link":"https:\/\/magazineweb.com.ar\/?p=8287","title":{"rendered":"Febrero se disfruta en la Colonia Municipal de Verano"},"content":{"rendered":"\n<p><strong>\u00e1s de 2 mil vecinos y vecinas ya est\u00e1n participando en el tercer contingente de la edici\u00f3n 2025 de la Colonia Municipal de Verano en Berazategui. Esta iniciativa gratuita se desarrolla en el Complejo Municipal Los Privilegiados y promueve el bienestar y la participaci\u00f3n activa de la comunidad local en las piletas y espacios verdes.<\/strong><\/p>\n\n\n\n<p>La Colonia municipal de Verano es impulsada por el intendente de Berazategui, Juan Jos\u00e9 Mussi; y organizada por la Secretar\u00eda de Desarrollo Social, Recreaci\u00f3n, Turismo y Deportes. La Municipalidad, adem\u00e1s, brinda el servicio gratuito de micros que pasan a buscar a los vecinos y vecinas por los barrios y, al final del d\u00eda, los llevan de regreso.<\/p>\n\n\n\n<p>De esta manera, durante esta tercera etapa, est\u00e1n participando m\u00e1s de 2 mil vecinos y vecinas, entre ni\u00f1os, ni\u00f1as, adolescentes, personas con discapacidad y personas mayores.<\/p>\n\n\n\n<p>La secretaria de Desarrollo Social, Recreaci\u00f3n, Turismo y Deportes, Mar\u00eda Laura Lacava, coment\u00f3: \u201cCada verano el Complejo Municipal Los Privilegiados se llena de magia con los vecinos y vecinas que disfrutan de la Colonia. Hasta el 14 de febrero van a venir los del tercer contingente. Desde la gesti\u00f3n del intendente Juan Jos\u00e9 Mussi les agradecemos a las familias por confiar en nosotros\u00bb.<\/p>\n\n\n\n<p>Catalina G\u00f3mez, quien asisti\u00f3 a la colonia de personas mayores, expres\u00f3: \u201cAc\u00e1 la pasamos de 10. Muy bueno todo: los profesores, el Complejo, los micros. Estamos muy agradecidos por este gran servicio que nos brindan\u201d.<\/p>\n","protected":false},"excerpt":{"rendered":"<p>\u00e1s de 2 mil vecinos y vecinas ya est\u00e1n participando en el tercer contingente de la edici\u00f3n 2025 de la Colonia Municipal de Verano en Berazategui. Esta iniciativa gratuita se&hellip;<\/p>\n","protected":false},"author":3,"featured_media":8288,"comment_status":"closed","ping_status":"closed","sticky":false,"template":"","format":"standard","meta":{"footnotes":""},"categories":[4,9],"tags":[],"class_list":["post-8287","post","type-post","status-publish","format-standard","has-post-thumbnail","hentry","category-destacados","category-informacion-general"],"rttpg_featured_image_url":{"full":["https:\/\/magazineweb.com.ar\/wp-content\/uploads\/2025\/02\/FEBRERO-SE-DISFRUTA-EN-LA-COLONIA-MUNICIPAL-DE-VERANO-1.jpg",1920,1280,false],"landscape":["https:\/\/magazineweb.com.ar\/wp-content\/uploads\/2025\/02\/FEBRERO-SE-DISFRUTA-EN-LA-COLONIA-MUNICIPAL-DE-VERANO-1.jpg",1920,1280,false],"portraits":["https:\/\/magazineweb.com.ar\/wp-content\/uploads\/2025\/02\/FEBRERO-SE-DISFRUTA-EN-LA-COLONIA-MUNICIPAL-DE-VERANO-1.jpg",1920,1280,false],"thumbnail":["https:\/\/magazineweb.com.ar\/wp-content\/uploads\/2025\/02\/FEBRERO-SE-DISFRUTA-EN-LA-COLONIA-MUNICIPAL-DE-VERANO-1-150x150.jpg",150,150,true],"medium":["https:\/\/magazineweb.com.ar\/wp-content\/uploads\/2025\/02\/FEBRERO-SE-DISFRUTA-EN-LA-COLONIA-MUNICIPAL-DE-VERANO-1-300x200.jpg",300,200,true],"large":["https:\/\/magazineweb.com.ar\/wp-content\/uploads\/2025\/02\/FEBRERO-SE-DISFRUTA-EN-LA-COLONIA-MUNICIPAL-DE-VERANO-1-1024x683.jpg",1024,683,true],"1536x1536":["https:\/\/magazineweb.com.ar\/wp-content\/uploads\/2025\/02\/FEBRERO-SE-DISFRUTA-EN-LA-COLONIA-MUNICIPAL-DE-VERANO-1-1536x1024.jpg",1536,1024,true],"2048x2048":["https:\/\/magazineweb.com.ar\/wp-content\/uploads\/2025\/02\/FEBRERO-SE-DISFRUTA-EN-LA-COLONIA-MUNICIPAL-DE-VERANO-1.jpg",1920,1280,false],"ultp_layout_landscape_large":["https:\/\/magazineweb.com.ar\/wp-content\/uploads\/2025\/02\/FEBRERO-SE-DISFRUTA-EN-LA-COLONIA-MUNICIPAL-DE-VERANO-1-1200x800.jpg",1200,800,true],"ultp_layout_landscape":["https:\/\/magazineweb.com.ar\/wp-content\/uploads\/2025\/02\/FEBRERO-SE-DISFRUTA-EN-LA-COLONIA-MUNICIPAL-DE-VERANO-1-870x570.jpg",870,570,true],"ultp_layout_portrait":["https:\/\/magazineweb.com.ar\/wp-content\/uploads\/2025\/02\/FEBRERO-SE-DISFRUTA-EN-LA-COLONIA-MUNICIPAL-DE-VERANO-1-600x900.jpg",600,900,true],"ultp_layout_square":["https:\/\/magazineweb.com.ar\/wp-content\/uploads\/2025\/02\/FEBRERO-SE-DISFRUTA-EN-LA-COLONIA-MUNICIPAL-DE-VERANO-1-600x600.jpg",600,600,true]},"rttpg_author":{"display_name":"Redacci\u00f3n Magazine Web","author_link":"https:\/\/magazineweb.com.ar\/?author=3"},"rttpg_comment":0,"rttpg_category":"<a href=\"https:\/\/magazineweb.com.ar\/?cat=4\" rel=\"category\">Destacados<\/a> <a href=\"https:\/\/magazineweb.com.ar\/?cat=9\" rel=\"category\">Informaci\u00f3n General<\/a>","rttpg_excerpt":"\u00e1s de 2 mil vecinos y vecinas ya est\u00e1n participando en el tercer contingente de la edici\u00f3n 2025 de la Colonia Municipal de Verano en Berazategui. Esta iniciativa gratuita se&hellip;","_links":{"self":[{"href":"https:\/\/magazineweb.com.ar\/index.php?rest_route=\/wp\/v2\/posts\/8287","targetHints":{"allow":["GET"]}}],"collection":[{"href":"https:\/\/magazineweb.com.ar\/index.php?rest_route=\/wp\/v2\/posts"}],"about":[{"href":"https:\/\/magazineweb.com.ar\/index.php?rest_route=\/wp\/v2\/types\/post"}],"author":[{"embeddable":true,"href":"https:\/\/magazineweb.com.ar\/index.php?rest_route=\/wp\/v2\/users\/3"}],"replies":[{"embeddable":true,"href":"https:\/\/magazineweb.com.ar\/index.php?rest_route=%2Fwp%2Fv2%2Fcomments&post=8287"}],"version-history":[{"count":1,"href":"https:\/\/magazineweb.com.ar\/index.php?rest_route=\/wp\/v2\/posts\/8287\/revisions"}],"predecessor-version":[{"id":8289,"href":"https:\/\/magazineweb.com.ar\/index.php?rest_route=\/wp\/v2\/posts\/8287\/revisions\/8289"}],"wp:featuredmedia":[{"embeddable":true,"href":"https:\/\/magazineweb.com.ar\/index.php?rest_route=\/wp\/v2\/media\/8288"}],"wp:attachment":[{"href":"https:\/\/magazineweb.com.ar\/index.php?rest_route=%2Fwp%2Fv2%2Fmedia&parent=8287"}],"wp:term":[{"taxonomy":"category","embeddable":true,"href":"https:\/\/magazineweb.com.ar\/index.php?rest_route=%2Fwp%2Fv2%2Fcategories&post=8287"},{"taxonomy":"post_tag","embeddable":true,"href":"https:\/\/magazineweb.com.ar\/index.php?rest_route=%2Fwp%2Fv2%2Ftags&post=8287"}],"curies":[{"name":"wp","href":"https:\/\/api.w.org\/{rel}","templated":true}]}}