{"id":8339,"date":"2025-02-10T06:19:38","date_gmt":"2025-02-10T09:19:38","guid":{"rendered":"https:\/\/magazineweb.com.ar\/?p=8339"},"modified":"2025-02-10T06:19:38","modified_gmt":"2025-02-10T09:19:38","slug":"berazategui-lanza-nuevamente-la-campana-de-donacion-de-utiles-escolares","status":"publish","type":"post","link":"https:\/\/magazineweb.com.ar\/?p=8339","title":{"rendered":"Berazategui lanza nuevamente la campa\u00f1a de donaci\u00f3n de \u00fatiles escolares"},"content":{"rendered":"\n<p><strong>Vuelve Seamos \u00datiles, la tradicional campa\u00f1a organizada por la Municipalidad de Berazategui, que invita a la comunidad a donar elementos escolares y colaborar con las Escuelas P\u00fablicas del distrito. Todo lo recaudado ser\u00e1 destinado a chicos y chicas en situaci\u00f3n de vulnerabilidad.<br><\/strong><br>El principal objetivo de esta campa\u00f1a -impulsada desde 2018- es ayudar a quienes m\u00e1s lo necesitan, para que no abandonen sus estudios por carecer de los materiales necesarios. En este marco, se convoca a empresas locales, comercios, instituciones, vecinas y vecinos a donar \u00fatiles escolares, adem\u00e1s de telas para armar kits y confeccionar cartucheras. Forma parte de las iniciativas solidarias y de integraci\u00f3n de la comunidad impulsadas por la Municipalidad, a trav\u00e9s de la gesti\u00f3n del intendente Juan Jos\u00e9 Mussi.<\/p>\n\n\n\n<p>Las y los interesados en participar pueden llamar al 4356-9200 (Int. 1179), de lunes a viernes, de 9.00 a 15.00, o escribir a&nbsp;<a href=\"mailto:responsabilidadsocial@berazategui.gob.ar\">responsabilidadsocial@berazategui.gob.ar<\/a>. Tambi\u00e9n pueden acercarse a la Secretar\u00eda de Trabajo, ubicada en el 3\u00ba Piso del Edificio Municipal (Av. 14 e\/ 131 y 131 A).<\/p>\n","protected":false},"excerpt":{"rendered":"<p>Vuelve Seamos \u00datiles, la tradicional campa\u00f1a organizada por la Municipalidad de Berazategui, que invita a la comunidad a donar elementos escolares y colaborar con las Escuelas P\u00fablicas del distrito. Todo&hellip;<\/p>\n","protected":false},"author":3,"featured_media":8340,"comment_status":"closed","ping_status":"closed","sticky":false,"template":"","format":"standard","meta":{"footnotes":""},"categories":[9],"tags":[],"class_list":["post-8339","post","type-post","status-publish","format-standard","has-post-thumbnail","hentry","category-informacion-general"],"rttpg_featured_image_url":{"full":["https:\/\/magazineweb.com.ar\/wp-content\/uploads\/2025\/02\/thumbnail_BERAZATEGUI-LANZA-NUEVAMENTE-LA-CAMPANA-DE-DONACION-DE-UTILES-ESCOLARES_2.jpg",1600,1066,false],"landscape":["https:\/\/magazineweb.com.ar\/wp-content\/uploads\/2025\/02\/thumbnail_BERAZATEGUI-LANZA-NUEVAMENTE-LA-CAMPANA-DE-DONACION-DE-UTILES-ESCOLARES_2.jpg",1600,1066,false],"portraits":["https:\/\/magazineweb.com.ar\/wp-content\/uploads\/2025\/02\/thumbnail_BERAZATEGUI-LANZA-NUEVAMENTE-LA-CAMPANA-DE-DONACION-DE-UTILES-ESCOLARES_2.jpg",1600,1066,false],"thumbnail":["https:\/\/magazineweb.com.ar\/wp-content\/uploads\/2025\/02\/thumbnail_BERAZATEGUI-LANZA-NUEVAMENTE-LA-CAMPANA-DE-DONACION-DE-UTILES-ESCOLARES_2-150x150.jpg",150,150,true],"medium":["https:\/\/magazineweb.com.ar\/wp-content\/uploads\/2025\/02\/thumbnail_BERAZATEGUI-LANZA-NUEVAMENTE-LA-CAMPANA-DE-DONACION-DE-UTILES-ESCOLARES_2-300x200.jpg",300,200,true],"large":["https:\/\/magazineweb.com.ar\/wp-content\/uploads\/2025\/02\/thumbnail_BERAZATEGUI-LANZA-NUEVAMENTE-LA-CAMPANA-DE-DONACION-DE-UTILES-ESCOLARES_2-1024x682.jpg",1024,682,true],"1536x1536":["https:\/\/magazineweb.com.ar\/wp-content\/uploads\/2025\/02\/thumbnail_BERAZATEGUI-LANZA-NUEVAMENTE-LA-CAMPANA-DE-DONACION-DE-UTILES-ESCOLARES_2-1536x1023.jpg",1536,1023,true],"2048x2048":["https:\/\/magazineweb.com.ar\/wp-content\/uploads\/2025\/02\/thumbnail_BERAZATEGUI-LANZA-NUEVAMENTE-LA-CAMPANA-DE-DONACION-DE-UTILES-ESCOLARES_2.jpg",1600,1066,false],"ultp_layout_landscape_large":["https:\/\/magazineweb.com.ar\/wp-content\/uploads\/2025\/02\/thumbnail_BERAZATEGUI-LANZA-NUEVAMENTE-LA-CAMPANA-DE-DONACION-DE-UTILES-ESCOLARES_2-1200x800.jpg",1200,800,true],"ultp_layout_landscape":["https:\/\/magazineweb.com.ar\/wp-content\/uploads\/2025\/02\/thumbnail_BERAZATEGUI-LANZA-NUEVAMENTE-LA-CAMPANA-DE-DONACION-DE-UTILES-ESCOLARES_2-870x570.jpg",870,570,true],"ultp_layout_portrait":["https:\/\/magazineweb.com.ar\/wp-content\/uploads\/2025\/02\/thumbnail_BERAZATEGUI-LANZA-NUEVAMENTE-LA-CAMPANA-DE-DONACION-DE-UTILES-ESCOLARES_2-600x900.jpg",600,900,true],"ultp_layout_square":["https:\/\/magazineweb.com.ar\/wp-content\/uploads\/2025\/02\/thumbnail_BERAZATEGUI-LANZA-NUEVAMENTE-LA-CAMPANA-DE-DONACION-DE-UTILES-ESCOLARES_2-600x600.jpg",600,600,true]},"rttpg_author":{"display_name":"Redacci\u00f3n Magazine Web","author_link":"https:\/\/magazineweb.com.ar\/?author=3"},"rttpg_comment":0,"rttpg_category":"<a href=\"https:\/\/magazineweb.com.ar\/?cat=9\" rel=\"category\">Informaci\u00f3n General<\/a>","rttpg_excerpt":"Vuelve Seamos \u00datiles, la tradicional campa\u00f1a organizada por la Municipalidad de Berazategui, que invita a la comunidad a donar elementos escolares y colaborar con las Escuelas P\u00fablicas del distrito. Todo&hellip;","_links":{"self":[{"href":"https:\/\/magazineweb.com.ar\/index.php?rest_route=\/wp\/v2\/posts\/8339","targetHints":{"allow":["GET"]}}],"collection":[{"href":"https:\/\/magazineweb.com.ar\/index.php?rest_route=\/wp\/v2\/posts"}],"about":[{"href":"https:\/\/magazineweb.com.ar\/index.php?rest_route=\/wp\/v2\/types\/post"}],"author":[{"embeddable":true,"href":"https:\/\/magazineweb.com.ar\/index.php?rest_route=\/wp\/v2\/users\/3"}],"replies":[{"embeddable":true,"href":"https:\/\/magazineweb.com.ar\/index.php?rest_route=%2Fwp%2Fv2%2Fcomments&post=8339"}],"version-history":[{"count":1,"href":"https:\/\/magazineweb.com.ar\/index.php?rest_route=\/wp\/v2\/posts\/8339\/revisions"}],"predecessor-version":[{"id":8341,"href":"https:\/\/magazineweb.com.ar\/index.php?rest_route=\/wp\/v2\/posts\/8339\/revisions\/8341"}],"wp:featuredmedia":[{"embeddable":true,"href":"https:\/\/magazineweb.com.ar\/index.php?rest_route=\/wp\/v2\/media\/8340"}],"wp:attachment":[{"href":"https:\/\/magazineweb.com.ar\/index.php?rest_route=%2Fwp%2Fv2%2Fmedia&parent=8339"}],"wp:term":[{"taxonomy":"category","embeddable":true,"href":"https:\/\/magazineweb.com.ar\/index.php?rest_route=%2Fwp%2Fv2%2Fcategories&post=8339"},{"taxonomy":"post_tag","embeddable":true,"href":"https:\/\/magazineweb.com.ar\/index.php?rest_route=%2Fwp%2Fv2%2Ftags&post=8339"}],"curies":[{"name":"wp","href":"https:\/\/api.w.org\/{rel}","templated":true}]}}