{"id":8354,"date":"2025-02-10T12:13:29","date_gmt":"2025-02-10T15:13:29","guid":{"rendered":"https:\/\/magazineweb.com.ar\/?p=8354"},"modified":"2025-02-10T12:13:30","modified_gmt":"2025-02-10T15:13:30","slug":"suben-las-tarifas-de-luz-en-la-plata-y-el-interior-de-la-provincia-de-buenos-aires","status":"publish","type":"post","link":"https:\/\/magazineweb.com.ar\/?p=8354","title":{"rendered":"Suben las tarifas de luz en La Plata y el interior de la provincia de Buenos Aires"},"content":{"rendered":"\n<p>El Gobierno bonaerense autoriz\u00f3 hoy un aumento del 2 por ciento en las tarifas de electricidad para usuarios residenciales del interior provincial, con excepci\u00f3n del conurbano.<\/p>\n\n\n\n<p>Seg\u00fan se public\u00f3 en el Bolet\u00edn Oficial, el incremento de tarifas el\u00e9ctricas para la Provincia de Buenos Aires, que incluye un ajuste del valor agregado de distribuci\u00f3n (VAD), tendr\u00e1 un impacto promedio del 2% en la factura final para los usuarios residenciales.<\/p>\n\n\n\n<p>En ese sentido, por ejemplo, un usuario residencial N1 (ingresos altos) que pagaba $34.250\/mes pasar\u00e1 a pagar ante el mismo consumo $34.840\/mes.&nbsp;<\/p>\n\n\n\n<p>En el caso de un usuario N2 (ingresos bajos) que pagaba por ejemplo $21.000\/mes, ahora pagar\u00e1 $21.500.<\/p>\n\n\n\n<p>El incremento, que se traslada a partir de ma\u00f1ana a los cuadros tarifarios, se ver\u00e1 reflejado en los consumos del mes de febrero que impactar\u00e1 en las facturas de&nbsp;marzo&nbsp;y&nbsp;abril.<\/p>\n\n\n\n<p>Seg\u00fan lo dispuesto, la medida tendr\u00e1 un impacto inmediato y es que el Art\u00edculo N\u00b0 29 de la norma indica que \u00abla presente resoluci\u00f3n entrar\u00e1 en vigencia a partir del d\u00eda siguiente al de su publicaci\u00f3n en el Bolet\u00edn Oficial\u00bb.&nbsp;<\/p>\n\n\n\n<p>Es decir que las pr\u00f3ximas facturas de la empresa Edelap y de todas las prestatarias en territorio bonaerense llegar\u00e1n con el nuevo ajuste.<\/p>\n","protected":false},"excerpt":{"rendered":"<p>El Gobierno bonaerense autoriz\u00f3 hoy un aumento del 2 por ciento en las tarifas de electricidad para usuarios residenciales del interior provincial, con excepci\u00f3n del conurbano. Seg\u00fan se public\u00f3 en&hellip;<\/p>\n","protected":false},"author":3,"featured_media":8355,"comment_status":"closed","ping_status":"closed","sticky":false,"template":"","format":"standard","meta":{"footnotes":""},"categories":[5],"tags":[],"class_list":["post-8354","post","type-post","status-publish","format-standard","has-post-thumbnail","hentry","category-economia"],"rttpg_featured_image_url":{"full":["https:\/\/magazineweb.com.ar\/wp-content\/uploads\/2025\/02\/0000155525.jpg",1024,578,false],"landscape":["https:\/\/magazineweb.com.ar\/wp-content\/uploads\/2025\/02\/0000155525.jpg",1024,578,false],"portraits":["https:\/\/magazineweb.com.ar\/wp-content\/uploads\/2025\/02\/0000155525.jpg",1024,578,false],"thumbnail":["https:\/\/magazineweb.com.ar\/wp-content\/uploads\/2025\/02\/0000155525-150x150.jpg",150,150,true],"medium":["https:\/\/magazineweb.com.ar\/wp-content\/uploads\/2025\/02\/0000155525-300x169.jpg",300,169,true],"large":["https:\/\/magazineweb.com.ar\/wp-content\/uploads\/2025\/02\/0000155525.jpg",1024,578,false],"1536x1536":["https:\/\/magazineweb.com.ar\/wp-content\/uploads\/2025\/02\/0000155525.jpg",1024,578,false],"2048x2048":["https:\/\/magazineweb.com.ar\/wp-content\/uploads\/2025\/02\/0000155525.jpg",1024,578,false],"ultp_layout_landscape_large":["https:\/\/magazineweb.com.ar\/wp-content\/uploads\/2025\/02\/0000155525.jpg",1024,578,false],"ultp_layout_landscape":["https:\/\/magazineweb.com.ar\/wp-content\/uploads\/2025\/02\/0000155525-870x570.jpg",870,570,true],"ultp_layout_portrait":["https:\/\/magazineweb.com.ar\/wp-content\/uploads\/2025\/02\/0000155525-600x578.jpg",600,578,true],"ultp_layout_square":["https:\/\/magazineweb.com.ar\/wp-content\/uploads\/2025\/02\/0000155525-600x578.jpg",600,578,true]},"rttpg_author":{"display_name":"Redacci\u00f3n Magazine Web","author_link":"https:\/\/magazineweb.com.ar\/?author=3"},"rttpg_comment":0,"rttpg_category":"<a href=\"https:\/\/magazineweb.com.ar\/?cat=5\" rel=\"category\">Econom\u00eda<\/a>","rttpg_excerpt":"El Gobierno bonaerense autoriz\u00f3 hoy un aumento del 2 por ciento en las tarifas de electricidad para usuarios residenciales del interior provincial, con excepci\u00f3n del conurbano. Seg\u00fan se public\u00f3 en&hellip;","_links":{"self":[{"href":"https:\/\/magazineweb.com.ar\/index.php?rest_route=\/wp\/v2\/posts\/8354","targetHints":{"allow":["GET"]}}],"collection":[{"href":"https:\/\/magazineweb.com.ar\/index.php?rest_route=\/wp\/v2\/posts"}],"about":[{"href":"https:\/\/magazineweb.com.ar\/index.php?rest_route=\/wp\/v2\/types\/post"}],"author":[{"embeddable":true,"href":"https:\/\/magazineweb.com.ar\/index.php?rest_route=\/wp\/v2\/users\/3"}],"replies":[{"embeddable":true,"href":"https:\/\/magazineweb.com.ar\/index.php?rest_route=%2Fwp%2Fv2%2Fcomments&post=8354"}],"version-history":[{"count":1,"href":"https:\/\/magazineweb.com.ar\/index.php?rest_route=\/wp\/v2\/posts\/8354\/revisions"}],"predecessor-version":[{"id":8356,"href":"https:\/\/magazineweb.com.ar\/index.php?rest_route=\/wp\/v2\/posts\/8354\/revisions\/8356"}],"wp:featuredmedia":[{"embeddable":true,"href":"https:\/\/magazineweb.com.ar\/index.php?rest_route=\/wp\/v2\/media\/8355"}],"wp:attachment":[{"href":"https:\/\/magazineweb.com.ar\/index.php?rest_route=%2Fwp%2Fv2%2Fmedia&parent=8354"}],"wp:term":[{"taxonomy":"category","embeddable":true,"href":"https:\/\/magazineweb.com.ar\/index.php?rest_route=%2Fwp%2Fv2%2Fcategories&post=8354"},{"taxonomy":"post_tag","embeddable":true,"href":"https:\/\/magazineweb.com.ar\/index.php?rest_route=%2Fwp%2Fv2%2Ftags&post=8354"}],"curies":[{"name":"wp","href":"https:\/\/api.w.org\/{rel}","templated":true}]}}