{"id":8380,"date":"2025-02-14T01:09:00","date_gmt":"2025-02-14T04:09:00","guid":{"rendered":"https:\/\/magazineweb.com.ar\/?p=8380"},"modified":"2025-02-11T18:49:07","modified_gmt":"2025-02-11T21:49:07","slug":"recomendaciones-y-consejos-del-municipio-de-berazategui-antes-de-salir-a-la-ruta","status":"publish","type":"post","link":"https:\/\/magazineweb.com.ar\/?p=8380","title":{"rendered":"Recomendaciones y consejos del Municipio de Berazategui antes de salir a la ruta"},"content":{"rendered":"\n<p><strong>Durante las vacaciones de verano aumenta considerablemente el tr\u00e1nsito debido a que muchas personas se trasladan a destinos de descanso con sus veh\u00edculos particulares. Por esta raz\u00f3n, desde la Municipalidad de Berazategui -a trav\u00e9s de la gesti\u00f3n del intendente Juan Jos\u00e9 Mussi- se brinda una serie de recomendaciones para tener un viaje seguro y sin complicaciones.<\/strong><\/p>\n\n\n\n<p>Axel Van Mechelen, capacitador en seguridad vial de la Secretar\u00eda de Control Urbano, informa: \u201cEn cuanto a la documentaci\u00f3n para autom\u00f3viles, hay que llevar Documento Nacional de Identidad (DNI), licencia de conducir original vigente, p\u00f3liza de seguro vigente, VTV al d\u00eda (oblea y papel) y c\u00e9dula verde\u201d.<\/p>\n\n\n\n<p>Adem\u00e1s, agrega: \u201cCon respecto a la parte t\u00e9cnica, hay que tener la patente bien visible y legible, adelante y atr\u00e1s del veh\u00edculo; matafuego de 1kg con carga y al d\u00eda; chaleco reflectivo a mano; cinturones en condiciones; baliza reflectiva; ruedas de auxilio preparada; y llevar encendidas las luces bajas en rutas nacionales. Por otro lado, es recomendable chequear el aire de los neum\u00e1ticos antes de emprender el viaje\u201d.<\/p>\n\n\n\n<p>En relaci\u00f3n a las motos, Van Mechelen ampl\u00eda: \u201cLos motociclistas deben llevar casco homologado y chaleco reflectivo, que debe estar siempre colocado para que el resto de los conductores puedan verlo correctamente. Adem\u00e1s, hay que tener la documentaci\u00f3n de la moto y licencia habilitante, ya que es distinta a la de autos. En este caso, tambi\u00e9n hay que chequear las cubiertas y se suma la lubricaci\u00f3n de las cadenas, ya que hacen a la seguridad del veh\u00edculo\u201d.<\/p>\n\n\n\n<p>Otras medidas importantes a tener en cuenta son descansar bien, conducir en forma defensiva, estar alerta a todo lo que est\u00e1 pasando alrededor y centrarse \u00fanicamente en manejar, sin usar el tel\u00e9fono celular. Los menores de 12 a\u00f1os deben ir en la parte trasera, protegidos mediante un Sistema de Retenci\u00f3n Infantil (SRI) certificado y adecuado a su edad; y los espejos retrovisores deben estar en buenas condiciones. Por \u00faltimo, est\u00e1 prohibido consumir alcohol u otras sustancias t\u00f3xicas si se va a conducir.<\/p>\n","protected":false},"excerpt":{"rendered":"<p>Durante las vacaciones de verano aumenta considerablemente el tr\u00e1nsito debido a que muchas personas se trasladan a destinos de descanso con sus veh\u00edculos particulares. Por esta raz\u00f3n, desde la Municipalidad&hellip;<\/p>\n","protected":false},"author":3,"featured_media":8381,"comment_status":"closed","ping_status":"closed","sticky":false,"template":"","format":"standard","meta":{"footnotes":""},"categories":[9],"tags":[],"class_list":["post-8380","post","type-post","status-publish","format-standard","has-post-thumbnail","hentry","category-informacion-general"],"rttpg_featured_image_url":{"full":["https:\/\/magazineweb.com.ar\/wp-content\/uploads\/2025\/02\/RECOMENDACIONES-Y-CONSEJOS-ANTES-DE-SALIR-A-LA-RUTA-1.jpg",1833,1223,false],"landscape":["https:\/\/magazineweb.com.ar\/wp-content\/uploads\/2025\/02\/RECOMENDACIONES-Y-CONSEJOS-ANTES-DE-SALIR-A-LA-RUTA-1.jpg",1833,1223,false],"portraits":["https:\/\/magazineweb.com.ar\/wp-content\/uploads\/2025\/02\/RECOMENDACIONES-Y-CONSEJOS-ANTES-DE-SALIR-A-LA-RUTA-1.jpg",1833,1223,false],"thumbnail":["https:\/\/magazineweb.com.ar\/wp-content\/uploads\/2025\/02\/RECOMENDACIONES-Y-CONSEJOS-ANTES-DE-SALIR-A-LA-RUTA-1-150x150.jpg",150,150,true],"medium":["https:\/\/magazineweb.com.ar\/wp-content\/uploads\/2025\/02\/RECOMENDACIONES-Y-CONSEJOS-ANTES-DE-SALIR-A-LA-RUTA-1-300x200.jpg",300,200,true],"large":["https:\/\/magazineweb.com.ar\/wp-content\/uploads\/2025\/02\/RECOMENDACIONES-Y-CONSEJOS-ANTES-DE-SALIR-A-LA-RUTA-1-1024x683.jpg",1024,683,true],"1536x1536":["https:\/\/magazineweb.com.ar\/wp-content\/uploads\/2025\/02\/RECOMENDACIONES-Y-CONSEJOS-ANTES-DE-SALIR-A-LA-RUTA-1-1536x1025.jpg",1536,1025,true],"2048x2048":["https:\/\/magazineweb.com.ar\/wp-content\/uploads\/2025\/02\/RECOMENDACIONES-Y-CONSEJOS-ANTES-DE-SALIR-A-LA-RUTA-1.jpg",1833,1223,false],"ultp_layout_landscape_large":["https:\/\/magazineweb.com.ar\/wp-content\/uploads\/2025\/02\/RECOMENDACIONES-Y-CONSEJOS-ANTES-DE-SALIR-A-LA-RUTA-1-1200x800.jpg",1200,800,true],"ultp_layout_landscape":["https:\/\/magazineweb.com.ar\/wp-content\/uploads\/2025\/02\/RECOMENDACIONES-Y-CONSEJOS-ANTES-DE-SALIR-A-LA-RUTA-1-870x570.jpg",870,570,true],"ultp_layout_portrait":["https:\/\/magazineweb.com.ar\/wp-content\/uploads\/2025\/02\/RECOMENDACIONES-Y-CONSEJOS-ANTES-DE-SALIR-A-LA-RUTA-1-600x900.jpg",600,900,true],"ultp_layout_square":["https:\/\/magazineweb.com.ar\/wp-content\/uploads\/2025\/02\/RECOMENDACIONES-Y-CONSEJOS-ANTES-DE-SALIR-A-LA-RUTA-1-600x600.jpg",600,600,true]},"rttpg_author":{"display_name":"Redacci\u00f3n Magazine Web","author_link":"https:\/\/magazineweb.com.ar\/?author=3"},"rttpg_comment":0,"rttpg_category":"<a href=\"https:\/\/magazineweb.com.ar\/?cat=9\" rel=\"category\">Informaci\u00f3n General<\/a>","rttpg_excerpt":"Durante las vacaciones de verano aumenta considerablemente el tr\u00e1nsito debido a que muchas personas se trasladan a destinos de descanso con sus veh\u00edculos particulares. Por esta raz\u00f3n, desde la Municipalidad&hellip;","_links":{"self":[{"href":"https:\/\/magazineweb.com.ar\/index.php?rest_route=\/wp\/v2\/posts\/8380","targetHints":{"allow":["GET"]}}],"collection":[{"href":"https:\/\/magazineweb.com.ar\/index.php?rest_route=\/wp\/v2\/posts"}],"about":[{"href":"https:\/\/magazineweb.com.ar\/index.php?rest_route=\/wp\/v2\/types\/post"}],"author":[{"embeddable":true,"href":"https:\/\/magazineweb.com.ar\/index.php?rest_route=\/wp\/v2\/users\/3"}],"replies":[{"embeddable":true,"href":"https:\/\/magazineweb.com.ar\/index.php?rest_route=%2Fwp%2Fv2%2Fcomments&post=8380"}],"version-history":[{"count":1,"href":"https:\/\/magazineweb.com.ar\/index.php?rest_route=\/wp\/v2\/posts\/8380\/revisions"}],"predecessor-version":[{"id":8382,"href":"https:\/\/magazineweb.com.ar\/index.php?rest_route=\/wp\/v2\/posts\/8380\/revisions\/8382"}],"wp:featuredmedia":[{"embeddable":true,"href":"https:\/\/magazineweb.com.ar\/index.php?rest_route=\/wp\/v2\/media\/8381"}],"wp:attachment":[{"href":"https:\/\/magazineweb.com.ar\/index.php?rest_route=%2Fwp%2Fv2%2Fmedia&parent=8380"}],"wp:term":[{"taxonomy":"category","embeddable":true,"href":"https:\/\/magazineweb.com.ar\/index.php?rest_route=%2Fwp%2Fv2%2Fcategories&post=8380"},{"taxonomy":"post_tag","embeddable":true,"href":"https:\/\/magazineweb.com.ar\/index.php?rest_route=%2Fwp%2Fv2%2Ftags&post=8380"}],"curies":[{"name":"wp","href":"https:\/\/api.w.org\/{rel}","templated":true}]}}