{"id":8429,"date":"2025-02-14T01:09:00","date_gmt":"2025-02-14T04:09:00","guid":{"rendered":"https:\/\/magazineweb.com.ar\/?p=8429"},"modified":"2025-02-13T17:26:19","modified_gmt":"2025-02-13T20:26:19","slug":"productos-frescos-y-de-calidad-en-el-pato","status":"publish","type":"post","link":"https:\/\/magazineweb.com.ar\/?p=8429","title":{"rendered":"Productos frescos y de calidad en El Pato"},"content":{"rendered":"\n<p><strong>Mercado Vecino, la Feria municipal de Berazategui, est\u00e1 en la localidad de El Pato todos los s\u00e1bados de 8.00 a 13.00 en la Plaza Pato Ganso (529 y 630). All\u00ed, los vecinos y vecinas encuentran frutas y verduras de estaci\u00f3n a precios accesibles.<\/strong><\/p>\n\n\n\n<p>\u201cMe gusta mucho venir porque puedo acceder a frutas y verduras de calidad a muy buenos precios. Hoy compramos lechuga, papa, algunas plantas y fruta\u201d, afirm\u00f3 la vecina Mar\u00eda Carrizo.<\/p>\n\n\n\n<p>Mercado Vecino es una propuesta impulsada por el intendente municipal, Juan Jos\u00e9 Mussi, que representa una oportunidad tanto para productores locales, que ofrecen sus productos sin intermediarios; como para los berazateguenses, que adquieren mercader\u00eda saludable y econ\u00f3mica.<\/p>\n\n\n\n<p>Adem\u00e1s de El Pato, Mercado Vecino tambi\u00e9n est\u00e1 los lunes en la Plaza Rigolleau (Av. 14 y Lisandro de la Torre), de 8.00 a 13.00.<\/p>\n\n\n\n<p>Se puede obtener m\u00e1s informaci\u00f3n en&nbsp;<a rel=\"noreferrer noopener\" target=\"_blank\" href=\"http:\/\/berazategui.gob.ar\/mercadovecino\">berazategui.gob.ar\/mercadovecino<\/a>.<\/p>\n","protected":false},"excerpt":{"rendered":"<p>Mercado Vecino, la Feria municipal de Berazategui, est\u00e1 en la localidad de El Pato todos los s\u00e1bados de 8.00 a 13.00 en la Plaza Pato Ganso (529 y 630). All\u00ed,&hellip;<\/p>\n","protected":false},"author":3,"featured_media":8430,"comment_status":"closed","ping_status":"closed","sticky":false,"template":"","format":"standard","meta":{"footnotes":""},"categories":[9],"tags":[],"class_list":["post-8429","post","type-post","status-publish","format-standard","has-post-thumbnail","hentry","category-informacion-general"],"rttpg_featured_image_url":{"full":["https:\/\/magazineweb.com.ar\/wp-content\/uploads\/2025\/02\/el-pato.jpg",1920,1280,false],"landscape":["https:\/\/magazineweb.com.ar\/wp-content\/uploads\/2025\/02\/el-pato.jpg",1920,1280,false],"portraits":["https:\/\/magazineweb.com.ar\/wp-content\/uploads\/2025\/02\/el-pato.jpg",1920,1280,false],"thumbnail":["https:\/\/magazineweb.com.ar\/wp-content\/uploads\/2025\/02\/el-pato-150x150.jpg",150,150,true],"medium":["https:\/\/magazineweb.com.ar\/wp-content\/uploads\/2025\/02\/el-pato-300x200.jpg",300,200,true],"large":["https:\/\/magazineweb.com.ar\/wp-content\/uploads\/2025\/02\/el-pato-1024x683.jpg",1024,683,true],"1536x1536":["https:\/\/magazineweb.com.ar\/wp-content\/uploads\/2025\/02\/el-pato-1536x1024.jpg",1536,1024,true],"2048x2048":["https:\/\/magazineweb.com.ar\/wp-content\/uploads\/2025\/02\/el-pato.jpg",1920,1280,false],"ultp_layout_landscape_large":["https:\/\/magazineweb.com.ar\/wp-content\/uploads\/2025\/02\/el-pato-1200x800.jpg",1200,800,true],"ultp_layout_landscape":["https:\/\/magazineweb.com.ar\/wp-content\/uploads\/2025\/02\/el-pato-870x570.jpg",870,570,true],"ultp_layout_portrait":["https:\/\/magazineweb.com.ar\/wp-content\/uploads\/2025\/02\/el-pato-600x900.jpg",600,900,true],"ultp_layout_square":["https:\/\/magazineweb.com.ar\/wp-content\/uploads\/2025\/02\/el-pato-600x600.jpg",600,600,true]},"rttpg_author":{"display_name":"Redacci\u00f3n Magazine Web","author_link":"https:\/\/magazineweb.com.ar\/?author=3"},"rttpg_comment":0,"rttpg_category":"<a href=\"https:\/\/magazineweb.com.ar\/?cat=9\" rel=\"category\">Informaci\u00f3n General<\/a>","rttpg_excerpt":"Mercado Vecino, la Feria municipal de Berazategui, est\u00e1 en la localidad de El Pato todos los s\u00e1bados de 8.00 a 13.00 en la Plaza Pato Ganso (529 y 630). All\u00ed,&hellip;","_links":{"self":[{"href":"https:\/\/magazineweb.com.ar\/index.php?rest_route=\/wp\/v2\/posts\/8429","targetHints":{"allow":["GET"]}}],"collection":[{"href":"https:\/\/magazineweb.com.ar\/index.php?rest_route=\/wp\/v2\/posts"}],"about":[{"href":"https:\/\/magazineweb.com.ar\/index.php?rest_route=\/wp\/v2\/types\/post"}],"author":[{"embeddable":true,"href":"https:\/\/magazineweb.com.ar\/index.php?rest_route=\/wp\/v2\/users\/3"}],"replies":[{"embeddable":true,"href":"https:\/\/magazineweb.com.ar\/index.php?rest_route=%2Fwp%2Fv2%2Fcomments&post=8429"}],"version-history":[{"count":1,"href":"https:\/\/magazineweb.com.ar\/index.php?rest_route=\/wp\/v2\/posts\/8429\/revisions"}],"predecessor-version":[{"id":8431,"href":"https:\/\/magazineweb.com.ar\/index.php?rest_route=\/wp\/v2\/posts\/8429\/revisions\/8431"}],"wp:featuredmedia":[{"embeddable":true,"href":"https:\/\/magazineweb.com.ar\/index.php?rest_route=\/wp\/v2\/media\/8430"}],"wp:attachment":[{"href":"https:\/\/magazineweb.com.ar\/index.php?rest_route=%2Fwp%2Fv2%2Fmedia&parent=8429"}],"wp:term":[{"taxonomy":"category","embeddable":true,"href":"https:\/\/magazineweb.com.ar\/index.php?rest_route=%2Fwp%2Fv2%2Fcategories&post=8429"},{"taxonomy":"post_tag","embeddable":true,"href":"https:\/\/magazineweb.com.ar\/index.php?rest_route=%2Fwp%2Fv2%2Ftags&post=8429"}],"curies":[{"name":"wp","href":"https:\/\/api.w.org\/{rel}","templated":true}]}}