{"id":8450,"date":"2025-02-14T01:09:00","date_gmt":"2025-02-14T04:09:00","guid":{"rendered":"https:\/\/magazineweb.com.ar\/?p=8450"},"modified":"2025-02-13T18:13:31","modified_gmt":"2025-02-13T21:13:31","slug":"progresan-las-obras-del-centro-civico-municipal-villa-espana-platanos","status":"publish","type":"post","link":"https:\/\/magazineweb.com.ar\/?p=8450","title":{"rendered":"Progresan las obras del Centro C\u00edvico Municipal Villa Espa\u00f1a &#8211; Pl\u00e1tanos"},"content":{"rendered":"\n<p><strong>Este espacio funcionar\u00e1 en un sector importante cedido por el emblem\u00e1tico C\u00edrculo Italiano. El avance actual de las obras es del 60% y se prev\u00e9 que finalicen en marzo. Son impulsadas por el intendente Juan Jos\u00e9 Mussi, con financiamiento 100% municipal. El objetivo es mejorar los servicios para los vecinos de Villa Espa\u00f1a y Pl\u00e1tanos.<\/strong><\/p>\n\n\n\n<p>Los trabajos contemplan la edificaci\u00f3n de un Centro Cultural Municipal (con cinco aulas y un sal\u00f3n auditorio), la Delegaci\u00f3n Municipal Villa Espa\u00f1a &#8211; Pl\u00e1tanos, un Registro Provincial de las Personas y oficinas de atenci\u00f3n al p\u00fablico.<\/p>\n\n\n\n<p>Al respecto, Juan Glerean, arquitecto a cargo de la obra, subray\u00f3: \u201cLas tareas que ya se realizaron son las de obra gruesa: contrapisos, carpetas, muros y algunas terminaciones, como pintura, emplacado y pisos. En el Sal\u00f3n de Usos M\u00faltiples se est\u00e1n haciendo trabajos de enduido y ya se refaccion\u00f3 el escenario hist\u00f3rico. En las aulas se est\u00e1 pintando y estamos con las finalizaciones del patio interno y del cielo raso de la planta alta\u201d.<\/p>\n\n\n\n<p>En este caso, la articulaci\u00f3n entre el sector p\u00fablico y el privado comenz\u00f3 en 2023, cuando se firm\u00f3 un comodato para que la Municipalidad de Berazategui se hiciera cargo de un sector de la sede del establecimiento. El acuerdo fue concretado por el intendente Mussi e integrantes de la Comisi\u00f3n Directiva de la instituci\u00f3n.<\/p>\n","protected":false},"excerpt":{"rendered":"<p>Este espacio funcionar\u00e1 en un sector importante cedido por el emblem\u00e1tico C\u00edrculo Italiano. El avance actual de las obras es del 60% y se prev\u00e9 que finalicen en marzo. Son&hellip;<\/p>\n","protected":false},"author":3,"featured_media":8451,"comment_status":"closed","ping_status":"closed","sticky":false,"template":"","format":"standard","meta":{"footnotes":""},"categories":[9],"tags":[],"class_list":["post-8450","post","type-post","status-publish","format-standard","has-post-thumbnail","hentry","category-informacion-general"],"rttpg_featured_image_url":{"full":["https:\/\/magazineweb.com.ar\/wp-content\/uploads\/2025\/02\/CENTRO-CIVICO-MUNICIPAL-VILLA-ESPANA-PLATANOS-2.jpg",1920,1280,false],"landscape":["https:\/\/magazineweb.com.ar\/wp-content\/uploads\/2025\/02\/CENTRO-CIVICO-MUNICIPAL-VILLA-ESPANA-PLATANOS-2.jpg",1920,1280,false],"portraits":["https:\/\/magazineweb.com.ar\/wp-content\/uploads\/2025\/02\/CENTRO-CIVICO-MUNICIPAL-VILLA-ESPANA-PLATANOS-2.jpg",1920,1280,false],"thumbnail":["https:\/\/magazineweb.com.ar\/wp-content\/uploads\/2025\/02\/CENTRO-CIVICO-MUNICIPAL-VILLA-ESPANA-PLATANOS-2-150x150.jpg",150,150,true],"medium":["https:\/\/magazineweb.com.ar\/wp-content\/uploads\/2025\/02\/CENTRO-CIVICO-MUNICIPAL-VILLA-ESPANA-PLATANOS-2-300x200.jpg",300,200,true],"large":["https:\/\/magazineweb.com.ar\/wp-content\/uploads\/2025\/02\/CENTRO-CIVICO-MUNICIPAL-VILLA-ESPANA-PLATANOS-2-1024x683.jpg",1024,683,true],"1536x1536":["https:\/\/magazineweb.com.ar\/wp-content\/uploads\/2025\/02\/CENTRO-CIVICO-MUNICIPAL-VILLA-ESPANA-PLATANOS-2-1536x1024.jpg",1536,1024,true],"2048x2048":["https:\/\/magazineweb.com.ar\/wp-content\/uploads\/2025\/02\/CENTRO-CIVICO-MUNICIPAL-VILLA-ESPANA-PLATANOS-2.jpg",1920,1280,false],"ultp_layout_landscape_large":["https:\/\/magazineweb.com.ar\/wp-content\/uploads\/2025\/02\/CENTRO-CIVICO-MUNICIPAL-VILLA-ESPANA-PLATANOS-2-1200x800.jpg",1200,800,true],"ultp_layout_landscape":["https:\/\/magazineweb.com.ar\/wp-content\/uploads\/2025\/02\/CENTRO-CIVICO-MUNICIPAL-VILLA-ESPANA-PLATANOS-2-870x570.jpg",870,570,true],"ultp_layout_portrait":["https:\/\/magazineweb.com.ar\/wp-content\/uploads\/2025\/02\/CENTRO-CIVICO-MUNICIPAL-VILLA-ESPANA-PLATANOS-2-600x900.jpg",600,900,true],"ultp_layout_square":["https:\/\/magazineweb.com.ar\/wp-content\/uploads\/2025\/02\/CENTRO-CIVICO-MUNICIPAL-VILLA-ESPANA-PLATANOS-2-600x600.jpg",600,600,true]},"rttpg_author":{"display_name":"Redacci\u00f3n Magazine Web","author_link":"https:\/\/magazineweb.com.ar\/?author=3"},"rttpg_comment":0,"rttpg_category":"<a href=\"https:\/\/magazineweb.com.ar\/?cat=9\" rel=\"category\">Informaci\u00f3n General<\/a>","rttpg_excerpt":"Este espacio funcionar\u00e1 en un sector importante cedido por el emblem\u00e1tico C\u00edrculo Italiano. El avance actual de las obras es del 60% y se prev\u00e9 que finalicen en marzo. Son&hellip;","_links":{"self":[{"href":"https:\/\/magazineweb.com.ar\/index.php?rest_route=\/wp\/v2\/posts\/8450","targetHints":{"allow":["GET"]}}],"collection":[{"href":"https:\/\/magazineweb.com.ar\/index.php?rest_route=\/wp\/v2\/posts"}],"about":[{"href":"https:\/\/magazineweb.com.ar\/index.php?rest_route=\/wp\/v2\/types\/post"}],"author":[{"embeddable":true,"href":"https:\/\/magazineweb.com.ar\/index.php?rest_route=\/wp\/v2\/users\/3"}],"replies":[{"embeddable":true,"href":"https:\/\/magazineweb.com.ar\/index.php?rest_route=%2Fwp%2Fv2%2Fcomments&post=8450"}],"version-history":[{"count":1,"href":"https:\/\/magazineweb.com.ar\/index.php?rest_route=\/wp\/v2\/posts\/8450\/revisions"}],"predecessor-version":[{"id":8452,"href":"https:\/\/magazineweb.com.ar\/index.php?rest_route=\/wp\/v2\/posts\/8450\/revisions\/8452"}],"wp:featuredmedia":[{"embeddable":true,"href":"https:\/\/magazineweb.com.ar\/index.php?rest_route=\/wp\/v2\/media\/8451"}],"wp:attachment":[{"href":"https:\/\/magazineweb.com.ar\/index.php?rest_route=%2Fwp%2Fv2%2Fmedia&parent=8450"}],"wp:term":[{"taxonomy":"category","embeddable":true,"href":"https:\/\/magazineweb.com.ar\/index.php?rest_route=%2Fwp%2Fv2%2Fcategories&post=8450"},{"taxonomy":"post_tag","embeddable":true,"href":"https:\/\/magazineweb.com.ar\/index.php?rest_route=%2Fwp%2Fv2%2Ftags&post=8450"}],"curies":[{"name":"wp","href":"https:\/\/api.w.org\/{rel}","templated":true}]}}