{"id":8488,"date":"2025-02-21T01:08:00","date_gmt":"2025-02-21T04:08:00","guid":{"rendered":"https:\/\/magazineweb.com.ar\/?p=8488"},"modified":"2025-02-17T20:22:47","modified_gmt":"2025-02-17T23:22:47","slug":"varelenses-cruzan-la-cordillera-de-los-andes-y-recrean-el-itinerario-del-libertador-de-america","status":"publish","type":"post","link":"https:\/\/magazineweb.com.ar\/?p=8488","title":{"rendered":"Varelenses cruzan la Cordillera de Los Andes y recrean el itinerario del Libertador de Am\u00e9rica"},"content":{"rendered":"\n<p>Diez expedicionarios de Florencio Varela reviven la gesta patri\u00f3tica del Santo de la Espada. Van a caballo, llevan en alto la bandera blanquiceleste, cuentan con apoyo de una entidad que mantiene vigente los pensamientos, las acciones y palabras de Jos\u00e9 de San Mart\u00edn.<\/p>\n\n\n\n<p>Gonzalo Ferreira con 15 a\u00f1os -oriundo de la zona del Cruce, concurre al colegio \u201cSan Juan Bautista\u201d- integra el periplo. Asegura que es \u201cuna experiencia \u00fanica\u201d y reconoce: \u201cMi fanatismo e inter\u00e9s es por la figura del estratega que nos une como argentinos. No tiene comparaci\u00f3n en el mundo\u201d.<\/p>\n\n\n\n<p>Federico Farrace -de 29 a\u00f1os-, residente en Zeballos, destaca: \u201cLo repetir\u00eda. Recomiendo el viaje, majestuoso en su totalidad, inclusive el estar all\u00ed e imaginar a soldados y vaqueanos en aquel momento por las monta\u00f1as\u201d.<\/p>\n\n\n\n<p>La Asociaci\u00f3n Cultural Sanmartiniana \u201cGral. Don \u00c1ngel Pacheco\u201d nace en mayo de 2021, cuenta con 48 integrantes, trabaja en la difusi\u00f3n del legado y los valores del h\u00e9roe trascendental en las guerras de independencia hispanoamericanas. Realiza encuentros virtuales por Zoom, dado que las personas que participan son de diferentes y distantes lugares.<\/p>\n\n\n\n<p>El cruce de Los Andes es una de las actividades que ofrece, adem\u00e1s de charlas sobre la biograf\u00eda del prohombre en escuelas o instituciones interesadas y hace \u00abtours sanmartinianos\u00bb, como por ejemplo en CABA donde recorre de manera gratuita, con gu\u00edas, el museo donde est\u00e1 expuesto el sable del Padre de la Patria, la Catedral Metropolitana con el mausoleo del pr\u00f3cer, el Cabildo, entre otros puntos relevantes.<\/p>\n\n\n\n<p>Yapey\u00fa, Corrientes, es otro destino donde van con contingentes para conocer la casa y el pueblo natal del Libertador.<\/p>\n\n\n\n<p>Comenta Ra\u00fal Pizarro, el vicepresidente de la agrupaci\u00f3n, que el nombre es por \u201cuno de los oficiales formados por el Gran Capit\u00e1n, incluso tenemos un descendiente que de modo anual efect\u00faa una recreaci\u00f3n hist\u00f3rica en Capit\u00e1n Sarmiento\u201d.<\/p>\n\n\n\n<p>El contacto es v\u00eda <a href=\"https:\/\/www.instagram.com\/lapachecosanmartiniana?igsh=cnVsaGdocmVlZ3Jk\">Instagram<\/a> y\/o <a href=\"https:\/\/www.facebook.com\/people\/La-Pacheco-Sanmartiniana-P%C3%A1gina\/100083061442357\/\">Facebook<\/a>.<\/p>\n","protected":false},"excerpt":{"rendered":"<p>Diez expedicionarios de Florencio Varela reviven la gesta patri\u00f3tica del Santo de la Espada. Van a caballo, llevan en alto la bandera blanquiceleste, cuentan con apoyo de una entidad que&hellip;<\/p>\n","protected":false},"author":3,"featured_media":8489,"comment_status":"closed","ping_status":"closed","sticky":false,"template":"","format":"standard","meta":{"footnotes":""},"categories":[9],"tags":[],"class_list":["post-8488","post","type-post","status-publish","format-standard","has-post-thumbnail","hentry","category-informacion-general"],"rttpg_featured_image_url":{"full":["https:\/\/magazineweb.com.ar\/wp-content\/uploads\/2025\/02\/cordillera.jpeg",1204,1600,false],"landscape":["https:\/\/magazineweb.com.ar\/wp-content\/uploads\/2025\/02\/cordillera.jpeg",1204,1600,false],"portraits":["https:\/\/magazineweb.com.ar\/wp-content\/uploads\/2025\/02\/cordillera.jpeg",1204,1600,false],"thumbnail":["https:\/\/magazineweb.com.ar\/wp-content\/uploads\/2025\/02\/cordillera-150x150.jpeg",150,150,true],"medium":["https:\/\/magazineweb.com.ar\/wp-content\/uploads\/2025\/02\/cordillera-226x300.jpeg",226,300,true],"large":["https:\/\/magazineweb.com.ar\/wp-content\/uploads\/2025\/02\/cordillera-771x1024.jpeg",771,1024,true],"1536x1536":["https:\/\/magazineweb.com.ar\/wp-content\/uploads\/2025\/02\/cordillera-1156x1536.jpeg",1156,1536,true],"2048x2048":["https:\/\/magazineweb.com.ar\/wp-content\/uploads\/2025\/02\/cordillera.jpeg",1204,1600,false],"ultp_layout_landscape_large":["https:\/\/magazineweb.com.ar\/wp-content\/uploads\/2025\/02\/cordillera-1200x800.jpeg",1200,800,true],"ultp_layout_landscape":["https:\/\/magazineweb.com.ar\/wp-content\/uploads\/2025\/02\/cordillera-870x570.jpeg",870,570,true],"ultp_layout_portrait":["https:\/\/magazineweb.com.ar\/wp-content\/uploads\/2025\/02\/cordillera-600x900.jpeg",600,900,true],"ultp_layout_square":["https:\/\/magazineweb.com.ar\/wp-content\/uploads\/2025\/02\/cordillera-600x600.jpeg",600,600,true]},"rttpg_author":{"display_name":"Redacci\u00f3n Magazine Web","author_link":"https:\/\/magazineweb.com.ar\/?author=3"},"rttpg_comment":0,"rttpg_category":"<a href=\"https:\/\/magazineweb.com.ar\/?cat=9\" rel=\"category\">Informaci\u00f3n General<\/a>","rttpg_excerpt":"Diez expedicionarios de Florencio Varela reviven la gesta patri\u00f3tica del Santo de la Espada. Van a caballo, llevan en alto la bandera blanquiceleste, cuentan con apoyo de una entidad que&hellip;","_links":{"self":[{"href":"https:\/\/magazineweb.com.ar\/index.php?rest_route=\/wp\/v2\/posts\/8488","targetHints":{"allow":["GET"]}}],"collection":[{"href":"https:\/\/magazineweb.com.ar\/index.php?rest_route=\/wp\/v2\/posts"}],"about":[{"href":"https:\/\/magazineweb.com.ar\/index.php?rest_route=\/wp\/v2\/types\/post"}],"author":[{"embeddable":true,"href":"https:\/\/magazineweb.com.ar\/index.php?rest_route=\/wp\/v2\/users\/3"}],"replies":[{"embeddable":true,"href":"https:\/\/magazineweb.com.ar\/index.php?rest_route=%2Fwp%2Fv2%2Fcomments&post=8488"}],"version-history":[{"count":1,"href":"https:\/\/magazineweb.com.ar\/index.php?rest_route=\/wp\/v2\/posts\/8488\/revisions"}],"predecessor-version":[{"id":8490,"href":"https:\/\/magazineweb.com.ar\/index.php?rest_route=\/wp\/v2\/posts\/8488\/revisions\/8490"}],"wp:featuredmedia":[{"embeddable":true,"href":"https:\/\/magazineweb.com.ar\/index.php?rest_route=\/wp\/v2\/media\/8489"}],"wp:attachment":[{"href":"https:\/\/magazineweb.com.ar\/index.php?rest_route=%2Fwp%2Fv2%2Fmedia&parent=8488"}],"wp:term":[{"taxonomy":"category","embeddable":true,"href":"https:\/\/magazineweb.com.ar\/index.php?rest_route=%2Fwp%2Fv2%2Fcategories&post=8488"},{"taxonomy":"post_tag","embeddable":true,"href":"https:\/\/magazineweb.com.ar\/index.php?rest_route=%2Fwp%2Fv2%2Ftags&post=8488"}],"curies":[{"name":"wp","href":"https:\/\/api.w.org\/{rel}","templated":true}]}}