{"id":8518,"date":"2025-02-21T01:07:00","date_gmt":"2025-02-21T04:07:00","guid":{"rendered":"https:\/\/magazineweb.com.ar\/?p=8518"},"modified":"2025-02-18T18:18:19","modified_gmt":"2025-02-18T21:18:19","slug":"antonella-restucci-y-su-banda-se-presentaran-el-sabado-en-el-cpa-leonardo-favio-con-entrada-libre-y-gratuita","status":"publish","type":"post","link":"https:\/\/magazineweb.com.ar\/?p=8518","title":{"rendered":"Antonella Restucci y su banda se presentar\u00e1n el s\u00e1bado en el CPA Leonardo Favio con entrada libre y gratuita"},"content":{"rendered":"\n<p>El Municipio de Quilmes informa que el s\u00e1bado 22, a las 20, en el marco de \u00abM\u00fasica de Verano\u00bb, &nbsp;se presentar\u00e1 la cantante y compositora quilme\u00f1a, Antonella Restucci junto a toda su banda, en un evento que se desarrollar\u00e1 en el Centro de Producci\u00f3n Audiovisual (CPA) Leonardo Favio, sito en Chacabuco 600, en Bernal, con entrada libre y gratuita.<\/p>\n\n\n\n<p>En \u00e9sta oportunidad la artista estar\u00e1 presentando su nueva producci\u00f3n \u00abSentido al tiempo\u00bb, un disco que recorre emociones intensas con letras profundas y arreglos que potencian su fuerza expresiva.<\/p>\n\n\n\n<p>Adem\u00e1s, durante la jornada, los artistas locales Luciana Stasi y Luciano Maiorana compartir\u00e1n m\u00fasica del cancionero popular junto al ensamble de alumnos y alumnas de los Talleres Barriales \u00abCanto y guitarra popular\u00bb. Tambi\u00e9n acompa\u00f1ar\u00e1 la velada \u00abTembi\u00fa\u00bb, cocina argento-guaran\u00ed, con venta de comidas y bebidas.<\/p>\n","protected":false},"excerpt":{"rendered":"<p>El Municipio de Quilmes informa que el s\u00e1bado 22, a las 20, en el marco de \u00abM\u00fasica de Verano\u00bb, &nbsp;se presentar\u00e1 la cantante y compositora quilme\u00f1a, Antonella Restucci junto a&hellip;<\/p>\n","protected":false},"author":3,"featured_media":8519,"comment_status":"closed","ping_status":"closed","sticky":false,"template":"","format":"standard","meta":{"footnotes":""},"categories":[7],"tags":[],"class_list":["post-8518","post","type-post","status-publish","format-standard","has-post-thumbnail","hentry","category-espectaculos"],"rttpg_featured_image_url":{"full":["https:\/\/magazineweb.com.ar\/wp-content\/uploads\/2025\/02\/anto.jpeg",1100,1100,false],"landscape":["https:\/\/magazineweb.com.ar\/wp-content\/uploads\/2025\/02\/anto.jpeg",1100,1100,false],"portraits":["https:\/\/magazineweb.com.ar\/wp-content\/uploads\/2025\/02\/anto.jpeg",1100,1100,false],"thumbnail":["https:\/\/magazineweb.com.ar\/wp-content\/uploads\/2025\/02\/anto-150x150.jpeg",150,150,true],"medium":["https:\/\/magazineweb.com.ar\/wp-content\/uploads\/2025\/02\/anto-300x300.jpeg",300,300,true],"large":["https:\/\/magazineweb.com.ar\/wp-content\/uploads\/2025\/02\/anto-1024x1024.jpeg",1024,1024,true],"1536x1536":["https:\/\/magazineweb.com.ar\/wp-content\/uploads\/2025\/02\/anto.jpeg",1100,1100,false],"2048x2048":["https:\/\/magazineweb.com.ar\/wp-content\/uploads\/2025\/02\/anto.jpeg",1100,1100,false],"ultp_layout_landscape_large":["https:\/\/magazineweb.com.ar\/wp-content\/uploads\/2025\/02\/anto-1100x800.jpeg",1100,800,true],"ultp_layout_landscape":["https:\/\/magazineweb.com.ar\/wp-content\/uploads\/2025\/02\/anto-870x570.jpeg",870,570,true],"ultp_layout_portrait":["https:\/\/magazineweb.com.ar\/wp-content\/uploads\/2025\/02\/anto-600x900.jpeg",600,900,true],"ultp_layout_square":["https:\/\/magazineweb.com.ar\/wp-content\/uploads\/2025\/02\/anto-600x600.jpeg",600,600,true]},"rttpg_author":{"display_name":"Redacci\u00f3n Magazine Web","author_link":"https:\/\/magazineweb.com.ar\/?author=3"},"rttpg_comment":0,"rttpg_category":"<a href=\"https:\/\/magazineweb.com.ar\/?cat=7\" rel=\"category\">Espect\u00e1culos<\/a>","rttpg_excerpt":"El Municipio de Quilmes informa que el s\u00e1bado 22, a las 20, en el marco de \u00abM\u00fasica de Verano\u00bb, &nbsp;se presentar\u00e1 la cantante y compositora quilme\u00f1a, Antonella Restucci junto a&hellip;","_links":{"self":[{"href":"https:\/\/magazineweb.com.ar\/index.php?rest_route=\/wp\/v2\/posts\/8518","targetHints":{"allow":["GET"]}}],"collection":[{"href":"https:\/\/magazineweb.com.ar\/index.php?rest_route=\/wp\/v2\/posts"}],"about":[{"href":"https:\/\/magazineweb.com.ar\/index.php?rest_route=\/wp\/v2\/types\/post"}],"author":[{"embeddable":true,"href":"https:\/\/magazineweb.com.ar\/index.php?rest_route=\/wp\/v2\/users\/3"}],"replies":[{"embeddable":true,"href":"https:\/\/magazineweb.com.ar\/index.php?rest_route=%2Fwp%2Fv2%2Fcomments&post=8518"}],"version-history":[{"count":1,"href":"https:\/\/magazineweb.com.ar\/index.php?rest_route=\/wp\/v2\/posts\/8518\/revisions"}],"predecessor-version":[{"id":8520,"href":"https:\/\/magazineweb.com.ar\/index.php?rest_route=\/wp\/v2\/posts\/8518\/revisions\/8520"}],"wp:featuredmedia":[{"embeddable":true,"href":"https:\/\/magazineweb.com.ar\/index.php?rest_route=\/wp\/v2\/media\/8519"}],"wp:attachment":[{"href":"https:\/\/magazineweb.com.ar\/index.php?rest_route=%2Fwp%2Fv2%2Fmedia&parent=8518"}],"wp:term":[{"taxonomy":"category","embeddable":true,"href":"https:\/\/magazineweb.com.ar\/index.php?rest_route=%2Fwp%2Fv2%2Fcategories&post=8518"},{"taxonomy":"post_tag","embeddable":true,"href":"https:\/\/magazineweb.com.ar\/index.php?rest_route=%2Fwp%2Fv2%2Ftags&post=8518"}],"curies":[{"name":"wp","href":"https:\/\/api.w.org\/{rel}","templated":true}]}}