{"id":8528,"date":"2025-02-21T01:08:00","date_gmt":"2025-02-21T04:08:00","guid":{"rendered":"https:\/\/magazineweb.com.ar\/?p=8528"},"modified":"2025-02-18T18:47:21","modified_gmt":"2025-02-18T21:47:21","slug":"las-mejores-artesanias-estan-en-la-feria-emprender","status":"publish","type":"post","link":"https:\/\/magazineweb.com.ar\/?p=8528","title":{"rendered":"Las mejores artesan\u00edas est\u00e1n en la Feria Emprender"},"content":{"rendered":"\n<p><strong>Cada vez son m\u00e1s los vecinos y vecinas que eligen la Feria Municipal Emprender para adquirir diversos productos artesanales berazateguenses. En lo que resta de febrero, las ediciones ser\u00e1n este viernes 21 y s\u00e1bado 22, tanto en la Plaza Rigolleau (Av. 14 y Lisandro de la Torre, de 11.00 a 20.00) como en el Polo Emprendedor de Guti\u00e9rrez (calle 413 y 455, de 16.00 a 20.00).<\/strong><\/p>\n\n\n\n<p>Ornella Garaffa participa de Emprender con sus macetas decorativas. \u201cHace poco me sum\u00e9 con mi emprendimiento \u00abEl Balconcito Verde\u00bb. Hago macetas de yeso y cemento, que decoro con plantitas y pinto a mano con colores as\u00ed est\u00e1n m\u00e1s lindas y llaman m\u00e1s la atenci\u00f3n. Los invito a seguirme en Instagram para que conozcan mi trabajo: @el.balconcito.verde\u201d, se\u00f1al\u00f3 Ornella.<\/p>\n\n\n\n<p>Esta Feria municipal comenz\u00f3 en 2015, con el objetivo de visibilizar y comercializar los productos de las y los emprendedores de Berazategui. Ese a\u00f1o se dict\u00f3 la Ordenanza Municipal N\u00b0 5336 para darle fuerza institucionalmente a la iniciativa que tiene como fin promover el desarrollo de la producci\u00f3n local. Es impulsada por el intendente Juan Jos\u00e9 Mussi y organizada por la Secretar\u00eda de Trabajo.<\/p>\n\n\n\n<p>En Emprender se encuentran artesanos y artesanas que exponen sus creaciones textiles, de cer\u00e1mica, plata, madera, vidrio, marroquiner\u00eda, cuero, tejido, decoraci\u00f3n, sublimaci\u00f3n, mosaiquismo; productos reciclados y cester\u00eda.<\/p>\n\n\n\n<p>Para conocer m\u00e1s, se puede ingresar en&nbsp;<a rel=\"noreferrer noopener\" target=\"_blank\" href=\"http:\/\/berazategui.gob.ar\/emprender\">berazategui.gob.ar\/emprender<\/a>.<\/p>\n","protected":false},"excerpt":{"rendered":"<p>Cada vez son m\u00e1s los vecinos y vecinas que eligen la Feria Municipal Emprender para adquirir diversos productos artesanales berazateguenses. En lo que resta de febrero, las ediciones ser\u00e1n este&hellip;<\/p>\n","protected":false},"author":3,"featured_media":8529,"comment_status":"closed","ping_status":"closed","sticky":false,"template":"","format":"standard","meta":{"footnotes":""},"categories":[9],"tags":[],"class_list":["post-8528","post","type-post","status-publish","format-standard","has-post-thumbnail","hentry","category-informacion-general"],"rttpg_featured_image_url":{"full":["https:\/\/magazineweb.com.ar\/wp-content\/uploads\/2025\/02\/FERIA-EMPRENDER-4.jpg",1920,1280,false],"landscape":["https:\/\/magazineweb.com.ar\/wp-content\/uploads\/2025\/02\/FERIA-EMPRENDER-4.jpg",1920,1280,false],"portraits":["https:\/\/magazineweb.com.ar\/wp-content\/uploads\/2025\/02\/FERIA-EMPRENDER-4.jpg",1920,1280,false],"thumbnail":["https:\/\/magazineweb.com.ar\/wp-content\/uploads\/2025\/02\/FERIA-EMPRENDER-4-150x150.jpg",150,150,true],"medium":["https:\/\/magazineweb.com.ar\/wp-content\/uploads\/2025\/02\/FERIA-EMPRENDER-4-300x200.jpg",300,200,true],"large":["https:\/\/magazineweb.com.ar\/wp-content\/uploads\/2025\/02\/FERIA-EMPRENDER-4-1024x683.jpg",1024,683,true],"1536x1536":["https:\/\/magazineweb.com.ar\/wp-content\/uploads\/2025\/02\/FERIA-EMPRENDER-4-1536x1024.jpg",1536,1024,true],"2048x2048":["https:\/\/magazineweb.com.ar\/wp-content\/uploads\/2025\/02\/FERIA-EMPRENDER-4.jpg",1920,1280,false],"ultp_layout_landscape_large":["https:\/\/magazineweb.com.ar\/wp-content\/uploads\/2025\/02\/FERIA-EMPRENDER-4-1200x800.jpg",1200,800,true],"ultp_layout_landscape":["https:\/\/magazineweb.com.ar\/wp-content\/uploads\/2025\/02\/FERIA-EMPRENDER-4-870x570.jpg",870,570,true],"ultp_layout_portrait":["https:\/\/magazineweb.com.ar\/wp-content\/uploads\/2025\/02\/FERIA-EMPRENDER-4-600x900.jpg",600,900,true],"ultp_layout_square":["https:\/\/magazineweb.com.ar\/wp-content\/uploads\/2025\/02\/FERIA-EMPRENDER-4-600x600.jpg",600,600,true]},"rttpg_author":{"display_name":"Redacci\u00f3n Magazine Web","author_link":"https:\/\/magazineweb.com.ar\/?author=3"},"rttpg_comment":0,"rttpg_category":"<a href=\"https:\/\/magazineweb.com.ar\/?cat=9\" rel=\"category\">Informaci\u00f3n General<\/a>","rttpg_excerpt":"Cada vez son m\u00e1s los vecinos y vecinas que eligen la Feria Municipal Emprender para adquirir diversos productos artesanales berazateguenses. En lo que resta de febrero, las ediciones ser\u00e1n este&hellip;","_links":{"self":[{"href":"https:\/\/magazineweb.com.ar\/index.php?rest_route=\/wp\/v2\/posts\/8528","targetHints":{"allow":["GET"]}}],"collection":[{"href":"https:\/\/magazineweb.com.ar\/index.php?rest_route=\/wp\/v2\/posts"}],"about":[{"href":"https:\/\/magazineweb.com.ar\/index.php?rest_route=\/wp\/v2\/types\/post"}],"author":[{"embeddable":true,"href":"https:\/\/magazineweb.com.ar\/index.php?rest_route=\/wp\/v2\/users\/3"}],"replies":[{"embeddable":true,"href":"https:\/\/magazineweb.com.ar\/index.php?rest_route=%2Fwp%2Fv2%2Fcomments&post=8528"}],"version-history":[{"count":1,"href":"https:\/\/magazineweb.com.ar\/index.php?rest_route=\/wp\/v2\/posts\/8528\/revisions"}],"predecessor-version":[{"id":8530,"href":"https:\/\/magazineweb.com.ar\/index.php?rest_route=\/wp\/v2\/posts\/8528\/revisions\/8530"}],"wp:featuredmedia":[{"embeddable":true,"href":"https:\/\/magazineweb.com.ar\/index.php?rest_route=\/wp\/v2\/media\/8529"}],"wp:attachment":[{"href":"https:\/\/magazineweb.com.ar\/index.php?rest_route=%2Fwp%2Fv2%2Fmedia&parent=8528"}],"wp:term":[{"taxonomy":"category","embeddable":true,"href":"https:\/\/magazineweb.com.ar\/index.php?rest_route=%2Fwp%2Fv2%2Fcategories&post=8528"},{"taxonomy":"post_tag","embeddable":true,"href":"https:\/\/magazineweb.com.ar\/index.php?rest_route=%2Fwp%2Fv2%2Ftags&post=8528"}],"curies":[{"name":"wp","href":"https:\/\/api.w.org\/{rel}","templated":true}]}}