{"id":8582,"date":"2025-02-26T20:51:26","date_gmt":"2025-02-26T23:51:26","guid":{"rendered":"https:\/\/magazineweb.com.ar\/?p=8582"},"modified":"2025-02-26T20:51:27","modified_gmt":"2025-02-26T23:51:27","slug":"hernan-crespo-podria-ser-dt-de-un-equipo-que-enfrentara-en-breve-a-uno-de-los-grandes-de-argentina","status":"publish","type":"post","link":"https:\/\/magazineweb.com.ar\/?p=8582","title":{"rendered":"Hern\u00e1n Crespo podr\u00eda ser DT de un equipo que enfrentar\u00e1 en breve a uno de los grandes de Argentina"},"content":{"rendered":"\n<p>El entrenador Hern\u00e1n Crespo podr\u00eda convertirse en el nuevo director t\u00e9cnico de Botafogo de Brasil.<\/p>\n\n\n\n<p>La instituci\u00f3n campeona de la \u00faltima edici\u00f3n de la Copa Libertadores de Am\u00e9rica encamin\u00f3 un di\u00e1logo formal para cerrar la llegada del vicentelopense.<\/p>\n\n\n\n<p>Hoy, el due\u00f1o de la instituci\u00f3n deportiva brasile\u00f1a, John Charles Textor, tuvo una reuni\u00f3n formal con el exentrenador de Defensa y Justicia. En la misma, Crespo plante\u00f3 un proyecto deportivo que impresion\u00f3 al due\u00f1o del club. Por este motivo, ambas partes se encuentran dispuestas a cerrar un acuerdo formal.<\/p>\n\n\n\n<p>El exfutbolista llega luego de un paso irregular por el Al Ain de Emiratos \u00c1rabes Unidos. En total, el D.T. argentino estuvo en el banco de suplentes del equipo del Medio Oriente en 48 oportunidades diferentes, gan\u00f3 en 24 ocasiones, empat\u00f3 en 6 encuentros y perdi\u00f3 en 18 compromisos diferentes.<\/p>\n\n\n\n<p>Adem\u00e1s, debido al irregular nivel deportivo que demostr\u00f3 su equipo durante toda la temporada futbol\u00edstica. El seis de noviembre del 2024, Hern\u00e1n Crespo dej\u00f3 de ser el director t\u00e9cnico del Al Ain, desde ese momento se encuentra sin club.<\/p>\n\n\n\n<p>Por otra parte, el club que el a\u00f1o pasado levant\u00f3 la Copa Libertadores por primera vez en su historia se encuentra en una situaci\u00f3n desesperante. El 2024 fue una temporada impresionante, pero este a\u00f1o, el plantel profesional atraviesa un dif\u00edcil momento con el cuerpo t\u00e9cnico de turno, el mismo se encuentra liderado por el entrenador interino Cl\u00e1udio Ca\u00e7apa. Quien asumi\u00f3 el cargo luego de la salida de Artur Jorge, el entrenador que sali\u00f3 campe\u00f3n de la Copa Libertadores y el Brasileir\u00e3o.<\/p>\n\n\n\n<p>Crespo tiene una oportunidad clara para reestructurar a una instituci\u00f3n que obtuvo dos logros importantes en tan solo un a\u00f1o. El antecedente m\u00e1s cercano que posee es su etapa en Defensa y Justicia, en donde elev\u00f3 el nivel del \u201cHalc\u00f3n\u201d de Florencio Varela y levant\u00f3 la Copa Sudamericana.<\/p>\n","protected":false},"excerpt":{"rendered":"<p>El entrenador Hern\u00e1n Crespo podr\u00eda convertirse en el nuevo director t\u00e9cnico de Botafogo de Brasil. La instituci\u00f3n campeona de la \u00faltima edici\u00f3n de la Copa Libertadores de Am\u00e9rica encamin\u00f3 un&hellip;<\/p>\n","protected":false},"author":3,"featured_media":8583,"comment_status":"closed","ping_status":"closed","sticky":false,"template":"","format":"standard","meta":{"footnotes":""},"categories":[3],"tags":[],"class_list":["post-8582","post","type-post","status-publish","format-standard","has-post-thumbnail","hentry","category-deportes"],"rttpg_featured_image_url":{"full":["https:\/\/magazineweb.com.ar\/wp-content\/uploads\/2025\/02\/crespo.jpg",1024,736,false],"landscape":["https:\/\/magazineweb.com.ar\/wp-content\/uploads\/2025\/02\/crespo.jpg",1024,736,false],"portraits":["https:\/\/magazineweb.com.ar\/wp-content\/uploads\/2025\/02\/crespo.jpg",1024,736,false],"thumbnail":["https:\/\/magazineweb.com.ar\/wp-content\/uploads\/2025\/02\/crespo-150x150.jpg",150,150,true],"medium":["https:\/\/magazineweb.com.ar\/wp-content\/uploads\/2025\/02\/crespo-300x216.jpg",300,216,true],"large":["https:\/\/magazineweb.com.ar\/wp-content\/uploads\/2025\/02\/crespo.jpg",1024,736,false],"1536x1536":["https:\/\/magazineweb.com.ar\/wp-content\/uploads\/2025\/02\/crespo.jpg",1024,736,false],"2048x2048":["https:\/\/magazineweb.com.ar\/wp-content\/uploads\/2025\/02\/crespo.jpg",1024,736,false],"ultp_layout_landscape_large":["https:\/\/magazineweb.com.ar\/wp-content\/uploads\/2025\/02\/crespo.jpg",1024,736,false],"ultp_layout_landscape":["https:\/\/magazineweb.com.ar\/wp-content\/uploads\/2025\/02\/crespo-870x570.jpg",870,570,true],"ultp_layout_portrait":["https:\/\/magazineweb.com.ar\/wp-content\/uploads\/2025\/02\/crespo-600x736.jpg",600,736,true],"ultp_layout_square":["https:\/\/magazineweb.com.ar\/wp-content\/uploads\/2025\/02\/crespo-600x600.jpg",600,600,true]},"rttpg_author":{"display_name":"Redacci\u00f3n Magazine Web","author_link":"https:\/\/magazineweb.com.ar\/?author=3"},"rttpg_comment":0,"rttpg_category":"<a href=\"https:\/\/magazineweb.com.ar\/?cat=3\" rel=\"category\">Deportes<\/a>","rttpg_excerpt":"El entrenador Hern\u00e1n Crespo podr\u00eda convertirse en el nuevo director t\u00e9cnico de Botafogo de Brasil. La instituci\u00f3n campeona de la \u00faltima edici\u00f3n de la Copa Libertadores de Am\u00e9rica encamin\u00f3 un&hellip;","_links":{"self":[{"href":"https:\/\/magazineweb.com.ar\/index.php?rest_route=\/wp\/v2\/posts\/8582","targetHints":{"allow":["GET"]}}],"collection":[{"href":"https:\/\/magazineweb.com.ar\/index.php?rest_route=\/wp\/v2\/posts"}],"about":[{"href":"https:\/\/magazineweb.com.ar\/index.php?rest_route=\/wp\/v2\/types\/post"}],"author":[{"embeddable":true,"href":"https:\/\/magazineweb.com.ar\/index.php?rest_route=\/wp\/v2\/users\/3"}],"replies":[{"embeddable":true,"href":"https:\/\/magazineweb.com.ar\/index.php?rest_route=%2Fwp%2Fv2%2Fcomments&post=8582"}],"version-history":[{"count":1,"href":"https:\/\/magazineweb.com.ar\/index.php?rest_route=\/wp\/v2\/posts\/8582\/revisions"}],"predecessor-version":[{"id":8584,"href":"https:\/\/magazineweb.com.ar\/index.php?rest_route=\/wp\/v2\/posts\/8582\/revisions\/8584"}],"wp:featuredmedia":[{"embeddable":true,"href":"https:\/\/magazineweb.com.ar\/index.php?rest_route=\/wp\/v2\/media\/8583"}],"wp:attachment":[{"href":"https:\/\/magazineweb.com.ar\/index.php?rest_route=%2Fwp%2Fv2%2Fmedia&parent=8582"}],"wp:term":[{"taxonomy":"category","embeddable":true,"href":"https:\/\/magazineweb.com.ar\/index.php?rest_route=%2Fwp%2Fv2%2Fcategories&post=8582"},{"taxonomy":"post_tag","embeddable":true,"href":"https:\/\/magazineweb.com.ar\/index.php?rest_route=%2Fwp%2Fv2%2Ftags&post=8582"}],"curies":[{"name":"wp","href":"https:\/\/api.w.org\/{rel}","templated":true}]}}