{"id":8600,"date":"2025-02-26T01:03:00","date_gmt":"2025-02-26T04:03:00","guid":{"rendered":"https:\/\/magazineweb.com.ar\/?p=8600"},"modified":"2025-02-26T21:36:18","modified_gmt":"2025-02-27T00:36:18","slug":"berazategui-se-prepara-para-los-carnavales","status":"publish","type":"post","link":"https:\/\/magazineweb.com.ar\/?p=8600","title":{"rendered":"Berazategui se prepara para los Carnavales"},"content":{"rendered":"\n<p>Del domingo 2 al martes 4 de marzo se festejar\u00e1n los emblem\u00e1ticos Carnavales de Verano de Berazategui, con un gran desfile de murgas y comparsas. La cita ser\u00e1 en las inmediaciones de la Plaza San Mart\u00edn, a partir de las 19.00, con acceso libre y gratuito. Se suspender\u00e1 en caso de malas condiciones clim\u00e1ticas.<\/p>\n\n\n\n<p>Organizado por la Municipalidad -a trav\u00e9s de la gesti\u00f3n del intendente Juan Jos\u00e9 Mussi-, este evento contar\u00e1 con la exhibici\u00f3n de agrupaciones locales de carnaval -de diferentes estilos y g\u00e9neros-, que recorrer\u00e1n la Av. Mitre entre las calles 5 y 8. Algunas de ellas son Los Calabera, Ra\u00edces del Sur, Los Sultanes del Desierto, Ultra Instinto y Batuque de Santa.<\/p>\n\n\n\n<p>Adem\u00e1s, habr\u00e1 foodtrucks que ampliar\u00e1n la oferta del polo gastron\u00f3mico del lugar y puestos de venta de espuma en espacios de la Secretar\u00eda de Cultura y Educaci\u00f3n municipal, que estar\u00e1 a cargo de la organizaci\u00f3n de los carnavales.<\/p>\n\n\n\n<p>DESV\u00cdOS DE TR\u00c1NSITO<\/p>\n\n\n\n<p>Con el objetivo de que las y los vecinos puedan disfrutar del evento de manera tranquila y organizada, desde el domingo 2 -a partir de las 10.00- y hasta el martes 4 a la medianoche -finalizaci\u00f3n del evento- se desviar\u00e1 el tr\u00e1nsito en la zona comprendida por las calles 5 a 8 y desde 147 hasta Av. Mitre.<\/p>\n","protected":false},"excerpt":{"rendered":"<p>Del domingo 2 al martes 4 de marzo se festejar\u00e1n los emblem\u00e1ticos Carnavales de Verano de Berazategui, con un gran desfile de murgas y comparsas. La cita ser\u00e1 en las&hellip;<\/p>\n","protected":false},"author":3,"featured_media":8601,"comment_status":"closed","ping_status":"closed","sticky":false,"template":"","format":"standard","meta":{"footnotes":""},"categories":[4,9],"tags":[],"class_list":["post-8600","post","type-post","status-publish","format-standard","has-post-thumbnail","hentry","category-destacados","category-informacion-general"],"rttpg_featured_image_url":{"full":["https:\/\/magazineweb.com.ar\/wp-content\/uploads\/2025\/02\/BERAZATEGUI-SE-PREPARA-PARA-LOS-CARNAVALES-2.jpg",1600,1066,false],"landscape":["https:\/\/magazineweb.com.ar\/wp-content\/uploads\/2025\/02\/BERAZATEGUI-SE-PREPARA-PARA-LOS-CARNAVALES-2.jpg",1600,1066,false],"portraits":["https:\/\/magazineweb.com.ar\/wp-content\/uploads\/2025\/02\/BERAZATEGUI-SE-PREPARA-PARA-LOS-CARNAVALES-2.jpg",1600,1066,false],"thumbnail":["https:\/\/magazineweb.com.ar\/wp-content\/uploads\/2025\/02\/BERAZATEGUI-SE-PREPARA-PARA-LOS-CARNAVALES-2-150x150.jpg",150,150,true],"medium":["https:\/\/magazineweb.com.ar\/wp-content\/uploads\/2025\/02\/BERAZATEGUI-SE-PREPARA-PARA-LOS-CARNAVALES-2-300x200.jpg",300,200,true],"large":["https:\/\/magazineweb.com.ar\/wp-content\/uploads\/2025\/02\/BERAZATEGUI-SE-PREPARA-PARA-LOS-CARNAVALES-2-1024x682.jpg",1024,682,true],"1536x1536":["https:\/\/magazineweb.com.ar\/wp-content\/uploads\/2025\/02\/BERAZATEGUI-SE-PREPARA-PARA-LOS-CARNAVALES-2-1536x1023.jpg",1536,1023,true],"2048x2048":["https:\/\/magazineweb.com.ar\/wp-content\/uploads\/2025\/02\/BERAZATEGUI-SE-PREPARA-PARA-LOS-CARNAVALES-2.jpg",1600,1066,false],"ultp_layout_landscape_large":["https:\/\/magazineweb.com.ar\/wp-content\/uploads\/2025\/02\/BERAZATEGUI-SE-PREPARA-PARA-LOS-CARNAVALES-2-1200x800.jpg",1200,800,true],"ultp_layout_landscape":["https:\/\/magazineweb.com.ar\/wp-content\/uploads\/2025\/02\/BERAZATEGUI-SE-PREPARA-PARA-LOS-CARNAVALES-2-870x570.jpg",870,570,true],"ultp_layout_portrait":["https:\/\/magazineweb.com.ar\/wp-content\/uploads\/2025\/02\/BERAZATEGUI-SE-PREPARA-PARA-LOS-CARNAVALES-2-600x900.jpg",600,900,true],"ultp_layout_square":["https:\/\/magazineweb.com.ar\/wp-content\/uploads\/2025\/02\/BERAZATEGUI-SE-PREPARA-PARA-LOS-CARNAVALES-2-600x600.jpg",600,600,true]},"rttpg_author":{"display_name":"Redacci\u00f3n Magazine Web","author_link":"https:\/\/magazineweb.com.ar\/?author=3"},"rttpg_comment":0,"rttpg_category":"<a href=\"https:\/\/magazineweb.com.ar\/?cat=4\" rel=\"category\">Destacados<\/a> <a href=\"https:\/\/magazineweb.com.ar\/?cat=9\" rel=\"category\">Informaci\u00f3n General<\/a>","rttpg_excerpt":"Del domingo 2 al martes 4 de marzo se festejar\u00e1n los emblem\u00e1ticos Carnavales de Verano de Berazategui, con un gran desfile de murgas y comparsas. La cita ser\u00e1 en las&hellip;","_links":{"self":[{"href":"https:\/\/magazineweb.com.ar\/index.php?rest_route=\/wp\/v2\/posts\/8600","targetHints":{"allow":["GET"]}}],"collection":[{"href":"https:\/\/magazineweb.com.ar\/index.php?rest_route=\/wp\/v2\/posts"}],"about":[{"href":"https:\/\/magazineweb.com.ar\/index.php?rest_route=\/wp\/v2\/types\/post"}],"author":[{"embeddable":true,"href":"https:\/\/magazineweb.com.ar\/index.php?rest_route=\/wp\/v2\/users\/3"}],"replies":[{"embeddable":true,"href":"https:\/\/magazineweb.com.ar\/index.php?rest_route=%2Fwp%2Fv2%2Fcomments&post=8600"}],"version-history":[{"count":1,"href":"https:\/\/magazineweb.com.ar\/index.php?rest_route=\/wp\/v2\/posts\/8600\/revisions"}],"predecessor-version":[{"id":8602,"href":"https:\/\/magazineweb.com.ar\/index.php?rest_route=\/wp\/v2\/posts\/8600\/revisions\/8602"}],"wp:featuredmedia":[{"embeddable":true,"href":"https:\/\/magazineweb.com.ar\/index.php?rest_route=\/wp\/v2\/media\/8601"}],"wp:attachment":[{"href":"https:\/\/magazineweb.com.ar\/index.php?rest_route=%2Fwp%2Fv2%2Fmedia&parent=8600"}],"wp:term":[{"taxonomy":"category","embeddable":true,"href":"https:\/\/magazineweb.com.ar\/index.php?rest_route=%2Fwp%2Fv2%2Fcategories&post=8600"},{"taxonomy":"post_tag","embeddable":true,"href":"https:\/\/magazineweb.com.ar\/index.php?rest_route=%2Fwp%2Fv2%2Ftags&post=8600"}],"curies":[{"name":"wp","href":"https:\/\/api.w.org\/{rel}","templated":true}]}}