{"id":8619,"date":"2025-02-26T01:01:00","date_gmt":"2025-02-26T04:01:00","guid":{"rendered":"https:\/\/magazineweb.com.ar\/?p=8619"},"modified":"2025-02-26T22:37:25","modified_gmt":"2025-02-27T01:37:25","slug":"el-municipio-de-quilmes-refuerza-los-trabajos-de-limpieza-de-sumideros-y-desobstruccion-de-los-arroyos","status":"publish","type":"post","link":"https:\/\/magazineweb.com.ar\/?p=8619","title":{"rendered":"El Municipio de Quilmes refuerza los trabajos de limpieza de sumideros y desobstrucci\u00f3n de los arroyos"},"content":{"rendered":"\n<p>El Municipio de Quilmes informa que ante el pron\u00f3stico de lluvias que rige para toda la semana, trabaja fuertemente en la prevenci\u00f3n de anegamientos, con especial foco en la limpieza de las c\u00e1maras pluviales y los sumideros en puntos cr\u00edticos del distrito.<\/p>\n\n\n\n<p>Desde la Secretar\u00eda de Servicios P\u00fablicos, con tres camiones cisterna municipales, uno contratado y 20 trabajadores, se desplegaron las tareas en distintos tramos de la avenida Tom\u00e1s Flores (ex Pasco) y Camino General Belgrano; las avenidas 844, 850, 835 y San Mart\u00edn; en Triunvirato y Mosconi; y en Iriarte desde la autopista hasta la costa ribere\u00f1a. Las cuadrillas tambi\u00e9n estuvieron en Rodolfo L\u00f3pez, Oliveri y el barrio La Colonia.<\/p>\n\n\n\n<p>Adem\u00e1s, se realizaron tareas de mantenimiento en la cuenca de los arroyos Las Piedras-San Francisco para evitar obstrucciones. Durante el lunes y lo que va del martes, los equipos de Agua y Cloacas no han registrado grandes complicaciones.<\/p>\n\n\n\n<p>Por su parte, las bases operativas y regionales refuerzan los trabajos habituales de limpieza de sumideros, desmalezado, recolecci\u00f3n de ramas y barrido en las calles y avenidas de la ciudad.<\/p>\n\n\n\n<p>\u201cComo nos pide nuestra intendenta Mayra Mendoza, trabajamos por un Estado presente y eficiente, que atienda a las necesidades de la comunidad, y por eso, ante un pron\u00f3stico como el que tenemos, redoblamos esfuerzos para prevenir inconvenientes en los barrios\u201d, asegur\u00f3 el secretario de Servicios P\u00fablicos local, Sebasti\u00e1n Garc\u00eda.<\/p>\n\n\n\n<p>Se recuerda a los vecinos que ante cualquier consulta o emergencia pueden comunicarse a alguno de estos tel\u00e9fonos: 103 (Defensa Civil), 107 (SAME), 911 (Polic\u00eda), 147 (Seguridad Ciudadana), 100 (Bomberos), 0800-321-2842 (AySA) y 0800-222-0450 (Edesur).<\/p>\n","protected":false},"excerpt":{"rendered":"<p>El Municipio de Quilmes informa que ante el pron\u00f3stico de lluvias que rige para toda la semana, trabaja fuertemente en la prevenci\u00f3n de anegamientos, con especial foco en la limpieza&hellip;<\/p>\n","protected":false},"author":3,"featured_media":8620,"comment_status":"closed","ping_status":"closed","sticky":false,"template":"","format":"standard","meta":{"footnotes":""},"categories":[4,9],"tags":[],"class_list":["post-8619","post","type-post","status-publish","format-standard","has-post-thumbnail","hentry","category-destacados","category-informacion-general"],"rttpg_featured_image_url":{"full":["https:\/\/magazineweb.com.ar\/wp-content\/uploads\/2025\/02\/ARROYOS.jpg",1280,851,false],"landscape":["https:\/\/magazineweb.com.ar\/wp-content\/uploads\/2025\/02\/ARROYOS.jpg",1280,851,false],"portraits":["https:\/\/magazineweb.com.ar\/wp-content\/uploads\/2025\/02\/ARROYOS.jpg",1280,851,false],"thumbnail":["https:\/\/magazineweb.com.ar\/wp-content\/uploads\/2025\/02\/ARROYOS-150x150.jpg",150,150,true],"medium":["https:\/\/magazineweb.com.ar\/wp-content\/uploads\/2025\/02\/ARROYOS-300x199.jpg",300,199,true],"large":["https:\/\/magazineweb.com.ar\/wp-content\/uploads\/2025\/02\/ARROYOS-1024x681.jpg",1024,681,true],"1536x1536":["https:\/\/magazineweb.com.ar\/wp-content\/uploads\/2025\/02\/ARROYOS.jpg",1280,851,false],"2048x2048":["https:\/\/magazineweb.com.ar\/wp-content\/uploads\/2025\/02\/ARROYOS.jpg",1280,851,false],"ultp_layout_landscape_large":["https:\/\/magazineweb.com.ar\/wp-content\/uploads\/2025\/02\/ARROYOS-1200x800.jpg",1200,800,true],"ultp_layout_landscape":["https:\/\/magazineweb.com.ar\/wp-content\/uploads\/2025\/02\/ARROYOS-870x570.jpg",870,570,true],"ultp_layout_portrait":["https:\/\/magazineweb.com.ar\/wp-content\/uploads\/2025\/02\/ARROYOS-600x851.jpg",600,851,true],"ultp_layout_square":["https:\/\/magazineweb.com.ar\/wp-content\/uploads\/2025\/02\/ARROYOS-600x600.jpg",600,600,true]},"rttpg_author":{"display_name":"Redacci\u00f3n Magazine Web","author_link":"https:\/\/magazineweb.com.ar\/?author=3"},"rttpg_comment":0,"rttpg_category":"<a href=\"https:\/\/magazineweb.com.ar\/?cat=4\" rel=\"category\">Destacados<\/a> <a href=\"https:\/\/magazineweb.com.ar\/?cat=9\" rel=\"category\">Informaci\u00f3n General<\/a>","rttpg_excerpt":"El Municipio de Quilmes informa que ante el pron\u00f3stico de lluvias que rige para toda la semana, trabaja fuertemente en la prevenci\u00f3n de anegamientos, con especial foco en la limpieza&hellip;","_links":{"self":[{"href":"https:\/\/magazineweb.com.ar\/index.php?rest_route=\/wp\/v2\/posts\/8619","targetHints":{"allow":["GET"]}}],"collection":[{"href":"https:\/\/magazineweb.com.ar\/index.php?rest_route=\/wp\/v2\/posts"}],"about":[{"href":"https:\/\/magazineweb.com.ar\/index.php?rest_route=\/wp\/v2\/types\/post"}],"author":[{"embeddable":true,"href":"https:\/\/magazineweb.com.ar\/index.php?rest_route=\/wp\/v2\/users\/3"}],"replies":[{"embeddable":true,"href":"https:\/\/magazineweb.com.ar\/index.php?rest_route=%2Fwp%2Fv2%2Fcomments&post=8619"}],"version-history":[{"count":1,"href":"https:\/\/magazineweb.com.ar\/index.php?rest_route=\/wp\/v2\/posts\/8619\/revisions"}],"predecessor-version":[{"id":8621,"href":"https:\/\/magazineweb.com.ar\/index.php?rest_route=\/wp\/v2\/posts\/8619\/revisions\/8621"}],"wp:featuredmedia":[{"embeddable":true,"href":"https:\/\/magazineweb.com.ar\/index.php?rest_route=\/wp\/v2\/media\/8620"}],"wp:attachment":[{"href":"https:\/\/magazineweb.com.ar\/index.php?rest_route=%2Fwp%2Fv2%2Fmedia&parent=8619"}],"wp:term":[{"taxonomy":"category","embeddable":true,"href":"https:\/\/magazineweb.com.ar\/index.php?rest_route=%2Fwp%2Fv2%2Fcategories&post=8619"},{"taxonomy":"post_tag","embeddable":true,"href":"https:\/\/magazineweb.com.ar\/index.php?rest_route=%2Fwp%2Fv2%2Ftags&post=8619"}],"curies":[{"name":"wp","href":"https:\/\/api.w.org\/{rel}","templated":true}]}}