{"id":8624,"date":"2025-02-28T01:06:00","date_gmt":"2025-02-28T04:06:00","guid":{"rendered":"https:\/\/magazineweb.com.ar\/?p=8624"},"modified":"2025-02-27T18:02:10","modified_gmt":"2025-02-27T21:02:10","slug":"convocatoria-a-propietarios-y-propietarias-varelenses-de-food-trucks","status":"publish","type":"post","link":"https:\/\/magazineweb.com.ar\/?p=8624","title":{"rendered":"Convocatoria a propietarios y propietarias varelenses de food trucks"},"content":{"rendered":"\n<p>La Comuna invita a responsables de emprendimientos gastron\u00f3micos a participar en eventos y festivales del distrito con sus tr\u00e1ilers de comidas.<\/p>\n\n\n\n<p>Anal\u00eda Aguirre Luro, subsecretaria de Industria, Inversiones y Competitividad PyME, destaca \u201cel compromiso del intendente Andr\u00e9s Watson en impulsar constantemente a los y las varelenses con proyectos autogestivos, proporcionarles herramientas, capacitaciones, para su expansi\u00f3n\u00bb.<\/p>\n\n\n\n<p>\u201cRecibiremos propuestas para men\u00fas de almuerzos o cenas hasta opciones de desayuno o merienda\u201d, detalla la funcionaria. Agrega: \u201cEl objetivo es fortalecer el rubro, as\u00ed como brindar a los vecinos y las vecinas alternativas para disfrutar con amigos o en familia\u201d.<\/p>\n\n\n\n<p>Interesados e interesadas, deber\u00e1n contar con certificado de Manipulaci\u00f3n de Alimentos y enviar sus datos al correo: emprendedores@florenciovarela.gov.ar.<\/p>\n","protected":false},"excerpt":{"rendered":"<p>La Comuna invita a responsables de emprendimientos gastron\u00f3micos a participar en eventos y festivales del distrito con sus tr\u00e1ilers de comidas. Anal\u00eda Aguirre Luro, subsecretaria de Industria, Inversiones y Competitividad&hellip;<\/p>\n","protected":false},"author":3,"featured_media":8625,"comment_status":"closed","ping_status":"closed","sticky":false,"template":"","format":"standard","meta":{"footnotes":""},"categories":[9],"tags":[],"class_list":["post-8624","post","type-post","status-publish","format-standard","has-post-thumbnail","hentry","category-informacion-general"],"rttpg_featured_image_url":{"full":["https:\/\/magazineweb.com.ar\/wp-content\/uploads\/2025\/02\/FOOD.jpg",1667,1668,false],"landscape":["https:\/\/magazineweb.com.ar\/wp-content\/uploads\/2025\/02\/FOOD.jpg",1667,1668,false],"portraits":["https:\/\/magazineweb.com.ar\/wp-content\/uploads\/2025\/02\/FOOD.jpg",1667,1668,false],"thumbnail":["https:\/\/magazineweb.com.ar\/wp-content\/uploads\/2025\/02\/FOOD-150x150.jpg",150,150,true],"medium":["https:\/\/magazineweb.com.ar\/wp-content\/uploads\/2025\/02\/FOOD-300x300.jpg",300,300,true],"large":["https:\/\/magazineweb.com.ar\/wp-content\/uploads\/2025\/02\/FOOD-1024x1024.jpg",1024,1024,true],"1536x1536":["https:\/\/magazineweb.com.ar\/wp-content\/uploads\/2025\/02\/FOOD-1536x1536.jpg",1536,1536,true],"2048x2048":["https:\/\/magazineweb.com.ar\/wp-content\/uploads\/2025\/02\/FOOD.jpg",1667,1668,false],"ultp_layout_landscape_large":["https:\/\/magazineweb.com.ar\/wp-content\/uploads\/2025\/02\/FOOD-1200x800.jpg",1200,800,true],"ultp_layout_landscape":["https:\/\/magazineweb.com.ar\/wp-content\/uploads\/2025\/02\/FOOD-870x570.jpg",870,570,true],"ultp_layout_portrait":["https:\/\/magazineweb.com.ar\/wp-content\/uploads\/2025\/02\/FOOD-600x900.jpg",600,900,true],"ultp_layout_square":["https:\/\/magazineweb.com.ar\/wp-content\/uploads\/2025\/02\/FOOD-600x600.jpg",600,600,true]},"rttpg_author":{"display_name":"Redacci\u00f3n Magazine Web","author_link":"https:\/\/magazineweb.com.ar\/?author=3"},"rttpg_comment":0,"rttpg_category":"<a href=\"https:\/\/magazineweb.com.ar\/?cat=9\" rel=\"category\">Informaci\u00f3n General<\/a>","rttpg_excerpt":"La Comuna invita a responsables de emprendimientos gastron\u00f3micos a participar en eventos y festivales del distrito con sus tr\u00e1ilers de comidas. Anal\u00eda Aguirre Luro, subsecretaria de Industria, Inversiones y Competitividad&hellip;","_links":{"self":[{"href":"https:\/\/magazineweb.com.ar\/index.php?rest_route=\/wp\/v2\/posts\/8624","targetHints":{"allow":["GET"]}}],"collection":[{"href":"https:\/\/magazineweb.com.ar\/index.php?rest_route=\/wp\/v2\/posts"}],"about":[{"href":"https:\/\/magazineweb.com.ar\/index.php?rest_route=\/wp\/v2\/types\/post"}],"author":[{"embeddable":true,"href":"https:\/\/magazineweb.com.ar\/index.php?rest_route=\/wp\/v2\/users\/3"}],"replies":[{"embeddable":true,"href":"https:\/\/magazineweb.com.ar\/index.php?rest_route=%2Fwp%2Fv2%2Fcomments&post=8624"}],"version-history":[{"count":1,"href":"https:\/\/magazineweb.com.ar\/index.php?rest_route=\/wp\/v2\/posts\/8624\/revisions"}],"predecessor-version":[{"id":8626,"href":"https:\/\/magazineweb.com.ar\/index.php?rest_route=\/wp\/v2\/posts\/8624\/revisions\/8626"}],"wp:featuredmedia":[{"embeddable":true,"href":"https:\/\/magazineweb.com.ar\/index.php?rest_route=\/wp\/v2\/media\/8625"}],"wp:attachment":[{"href":"https:\/\/magazineweb.com.ar\/index.php?rest_route=%2Fwp%2Fv2%2Fmedia&parent=8624"}],"wp:term":[{"taxonomy":"category","embeddable":true,"href":"https:\/\/magazineweb.com.ar\/index.php?rest_route=%2Fwp%2Fv2%2Fcategories&post=8624"},{"taxonomy":"post_tag","embeddable":true,"href":"https:\/\/magazineweb.com.ar\/index.php?rest_route=%2Fwp%2Fv2%2Ftags&post=8624"}],"curies":[{"name":"wp","href":"https:\/\/api.w.org\/{rel}","templated":true}]}}