{"id":8645,"date":"2025-02-28T01:05:00","date_gmt":"2025-02-28T04:05:00","guid":{"rendered":"https:\/\/magazineweb.com.ar\/?p=8645"},"modified":"2025-02-27T19:13:55","modified_gmt":"2025-02-27T22:13:55","slug":"el-ministro-de-seguridad-bonaerense-sostuvo-que-la-policia-esta-haciendo-un-trabajo-contundente","status":"publish","type":"post","link":"https:\/\/magazineweb.com.ar\/?p=8645","title":{"rendered":"El Ministro de Seguridad bonaerense sostuvo que la polic\u00eda est\u00e1 haciendo \u00abun trabajo contundente\u00bb"},"content":{"rendered":"\n<p>El ministro de Seguridad bonaerense, Javier Alonso, sostuvo que la polic\u00eda est\u00e1 haciendo \u201cun trabajo contundente\u201d y que mucho de los casos de inseguridad est\u00e1n relacionados con la forma en la que \u201cestamos conviviendo\u201d y con \u201clos valores, la educaci\u00f3n y un modelo econ\u00f3mico\u201d que existe en el escenario actual.<\/p>\n\n\n\n<p>En declaraciones radiales, y respondiendo sobre el trato que le dio la prensa a los homicidios y a los robos que hubo en la provincia de Buenos Aires, estos \u00faltimos d\u00edas, se\u00f1al\u00f3 que \u201cest\u00e1 perfecto que se cubra\u201d e incluso subray\u00f3 que \u201cse tiene que hablar de todo\u201d.<\/p>\n\n\n\n<p>\u201cYo no me quejo de eso, pero \u00bfcrees que la Polic\u00eda y que el Ministerio de Seguridad lo pueden resolver? Hay causas profundas que tienen que ver con c\u00f3mo estamos conviviendo, con lo que es la vida en sociedad, con los valores, con la educaci\u00f3n y con un modelo econ\u00f3mico que tiene que ver con un mont\u00f3n de situaciones. La Polic\u00eda est\u00e1 haciendo un trabajo contundente, no hay zonas liberadas y cada m\u00f3vil tiene un GPS. Cada municipio sabe en tiempo real adonde est\u00e1 cada patrullero\u201d, asegur\u00f3.<\/p>\n\n\n\n<p>En la misma l\u00ednea, Alonso inform\u00f3 que hoy la Polic\u00eda bonaerense \u201crecorre 665 mil cruces de calles\u201d y \u201cpor primera vez\u201d, cada cuatro horas, transitan \u201cel 75% del territorio urbano\u201d: \u201cEso es porque pusimos 5.500 patrulleros en la calle e invertimos un mont\u00f3n de plata, cuando llegamos hab\u00eda 790\u201d, a\u00f1adi\u00f3.<\/p>\n\n\n\n<p>Asimismo, plante\u00f3 que la lucha contra el delito \u201cse vuelve efectiva con hechos y con inversi\u00f3n\u201d y no con frases del tipo de \u201chay que meter bala\u201d porque con esas declaraciones \u201cno resolvemos nada\u201d.<\/p>\n\n\n\n<p>Por otra parte, afirm\u00f3 que el Conurbano Bonaerense es el conglomerado de Am\u00e9rica con las tasas criminales m\u00e1s bajas, si se compara con las ciudades de San Pablo (Brasil), Lima (Per\u00fa) e incluso con Uruguay: \u201cEl mundo est\u00e1 en una situaci\u00f3n muy complicada con la violencia\u201d, manifest\u00f3.<\/p>\n\n\n\n<p>\u201cEl a\u00f1o pasado nos sacaron (a la provincia) 750 mil millones de pesos, que era como se financiaba la pol\u00edtica de Seguridad. La ministra (Patricia) Bullrich, por nota, me pidi\u00f3 patrulleros para Rosario y mandamos m\u00f3viles por 90 d\u00edas. Una senadora de la provincia de Buenos Aires me inicia una causa penal por incumplimiento de funcionario p\u00fablico, el presidente (Javier Milei) que es el jefe de Bullrich, que a su vez es quien me pidi\u00f3 los patrulleros, le da like y lo retwittea en redes sociales. Esto es un desquicio. Hay un Gobierno Nacional que genera caos y esta situaci\u00f3n de desolaci\u00f3n, porque hay una agenda que construyen todo el tiempo a trav\u00e9s de las redes sociales y programa de TV y ten\u00e9s una realidad que es cruel y dif\u00edcil\u201d, concluy\u00f3.<\/p>\n","protected":false},"excerpt":{"rendered":"<p>El ministro de Seguridad bonaerense, Javier Alonso, sostuvo que la polic\u00eda est\u00e1 haciendo \u201cun trabajo contundente\u201d y que mucho de los casos de inseguridad est\u00e1n relacionados con la forma en&hellip;<\/p>\n","protected":false},"author":3,"featured_media":0,"comment_status":"closed","ping_status":"closed","sticky":false,"template":"","format":"standard","meta":{"footnotes":""},"categories":[9],"tags":[],"class_list":["post-8645","post","type-post","status-publish","format-standard","hentry","category-informacion-general"],"rttpg_featured_image_url":null,"rttpg_author":{"display_name":"Redacci\u00f3n Magazine Web","author_link":"https:\/\/magazineweb.com.ar\/?author=3"},"rttpg_comment":0,"rttpg_category":"<a href=\"https:\/\/magazineweb.com.ar\/?cat=9\" rel=\"category\">Informaci\u00f3n General<\/a>","rttpg_excerpt":"El ministro de Seguridad bonaerense, Javier Alonso, sostuvo que la polic\u00eda est\u00e1 haciendo \u201cun trabajo contundente\u201d y que mucho de los casos de inseguridad est\u00e1n relacionados con la forma en&hellip;","_links":{"self":[{"href":"https:\/\/magazineweb.com.ar\/index.php?rest_route=\/wp\/v2\/posts\/8645","targetHints":{"allow":["GET"]}}],"collection":[{"href":"https:\/\/magazineweb.com.ar\/index.php?rest_route=\/wp\/v2\/posts"}],"about":[{"href":"https:\/\/magazineweb.com.ar\/index.php?rest_route=\/wp\/v2\/types\/post"}],"author":[{"embeddable":true,"href":"https:\/\/magazineweb.com.ar\/index.php?rest_route=\/wp\/v2\/users\/3"}],"replies":[{"embeddable":true,"href":"https:\/\/magazineweb.com.ar\/index.php?rest_route=%2Fwp%2Fv2%2Fcomments&post=8645"}],"version-history":[{"count":1,"href":"https:\/\/magazineweb.com.ar\/index.php?rest_route=\/wp\/v2\/posts\/8645\/revisions"}],"predecessor-version":[{"id":8647,"href":"https:\/\/magazineweb.com.ar\/index.php?rest_route=\/wp\/v2\/posts\/8645\/revisions\/8647"}],"wp:attachment":[{"href":"https:\/\/magazineweb.com.ar\/index.php?rest_route=%2Fwp%2Fv2%2Fmedia&parent=8645"}],"wp:term":[{"taxonomy":"category","embeddable":true,"href":"https:\/\/magazineweb.com.ar\/index.php?rest_route=%2Fwp%2Fv2%2Fcategories&post=8645"},{"taxonomy":"post_tag","embeddable":true,"href":"https:\/\/magazineweb.com.ar\/index.php?rest_route=%2Fwp%2Fv2%2Ftags&post=8645"}],"curies":[{"name":"wp","href":"https:\/\/api.w.org\/{rel}","templated":true}]}}