{"id":8751,"date":"2026-03-08T04:09:00","date_gmt":"2026-03-08T07:09:00","guid":{"rendered":"https:\/\/magazineweb.com.ar\/?p=8751"},"modified":"2026-03-14T16:16:45","modified_gmt":"2026-03-14T19:16:45","slug":"dia-internacional-de-la-mujer","status":"publish","type":"post","link":"https:\/\/magazineweb.com.ar\/?p=8751","title":{"rendered":"D\u00eda Internacional de la Mujer\u00a0"},"content":{"rendered":"\n<p><strong>El &#8216;D\u00eda Internacional de la Mujer&#8217; fue establecido por las Naciones Unidas en 1975. Su origen se remonta al 8 de marzo de 1857 cuando se produjo la primera huelga de trabajadoras de la industria textil y del vestido en la ciudad de Nueva York.\u00a0<\/strong><br><br>Las protagonistas de otro hecho similar fueron, tambi\u00e9n, empleadas textiles newyorkinas: en 1908 las obreras iniciaron una huelga en la F\u00e1brica Colton y tomaron el establecimiento. Ellas ped\u00edan igualdad de salario entre hombres y mujeres, descanso dominical y reducci\u00f3n de la jornada laboral. Las huelguistas fueron encerradas y el edificio fue incendiado. Murieron quemadas 129 mujeres.<br><br>En 1910, en el Congreso Internacional de la Segunda Internacional de Copenhague, fue propuesta esa fecha como &#8216;D\u00eda Internacional de la Mujer&#8217;. La proposici\u00f3n la realiz\u00f3 la revolucionaria alemana Clara Zetkin, que integrar\u00eda, a\u00f1os despu\u00e9s, el grupo revolucionario alem\u00e1n &#8216;Espartaco&#8217;, junto a Rosa Luxemburgo.<br><br>Tiempo despu\u00e9s, las Naciones Unidas tomaron esa fecha como un hito importante en las luchas de las mujeres para conseguir la igualdad de derechos, la participaci\u00f3n plena en la sociedad.<br><br>Las mujeres buscaron la igualdad con el hombre y el primer acto fue la lucha por el voto.<br><br>En nuestro pa\u00eds, en 1919 se presenta el primer proyecto de Ley en el Parlamento Nacional para otorgar el voto a las mujeres. En el a\u00f1o 1921 se presenta otro proyecto para el otorgamiento del voto de la mujer, que tuvo la misma suerte que el anterior; hubo iniciativas posteriores con el mismo destino. En 1928 el gobernador de la Provincia de San Juan, Federico Cantoni, otorg\u00f3 el voto a las mujeres, hasta que en 1946 el gobierno peronista logr\u00f3 sancionar los derechos c\u00edvicos de la mujer.<br><br>En los primeros a\u00f1os del siglo XX, aparecieron los primeros movimientos feministas y de liberaci\u00f3n de la mujer, como expresi\u00f3n de las militantes del Partido Socialista y del movimiento anarquista.<br><br>La mujer ingres\u00f3 a la pol\u00edtica en la Argentina -con derechos para elegir y ser elegida- en 1946, por la lucha de Eva Per\u00f3n.\u00a0<\/p>\n","protected":false},"excerpt":{"rendered":"<p>El &#8216;D\u00eda Internacional de la Mujer&#8217; fue establecido por las Naciones Unidas en 1975. Su origen se remonta al 8 de marzo de 1857 cuando se produjo la primera huelga&hellip;<\/p>\n","protected":false},"author":2,"featured_media":8752,"comment_status":"closed","ping_status":"closed","sticky":false,"template":"","format":"standard","meta":{"footnotes":""},"categories":[8],"tags":[788,219,787],"class_list":["post-8751","post","type-post","status-publish","format-standard","has-post-thumbnail","hentry","category-hechos-historicos","tag-8-de-marzo","tag-dia-internacional-de-la-mujer","tag-mujer"],"rttpg_featured_image_url":{"full":["https:\/\/magazineweb.com.ar\/wp-content\/uploads\/2025\/03\/mujeres-huelga.jpg",640,360,false],"landscape":["https:\/\/magazineweb.com.ar\/wp-content\/uploads\/2025\/03\/mujeres-huelga.jpg",640,360,false],"portraits":["https:\/\/magazineweb.com.ar\/wp-content\/uploads\/2025\/03\/mujeres-huelga.jpg",640,360,false],"thumbnail":["https:\/\/magazineweb.com.ar\/wp-content\/uploads\/2025\/03\/mujeres-huelga-150x150.jpg",150,150,true],"medium":["https:\/\/magazineweb.com.ar\/wp-content\/uploads\/2025\/03\/mujeres-huelga-300x169.jpg",300,169,true],"large":["https:\/\/magazineweb.com.ar\/wp-content\/uploads\/2025\/03\/mujeres-huelga.jpg",640,360,false],"1536x1536":["https:\/\/magazineweb.com.ar\/wp-content\/uploads\/2025\/03\/mujeres-huelga.jpg",640,360,false],"2048x2048":["https:\/\/magazineweb.com.ar\/wp-content\/uploads\/2025\/03\/mujeres-huelga.jpg",640,360,false],"ultp_layout_landscape_large":["https:\/\/magazineweb.com.ar\/wp-content\/uploads\/2025\/03\/mujeres-huelga.jpg",640,360,false],"ultp_layout_landscape":["https:\/\/magazineweb.com.ar\/wp-content\/uploads\/2025\/03\/mujeres-huelga.jpg",640,360,false],"ultp_layout_portrait":["https:\/\/magazineweb.com.ar\/wp-content\/uploads\/2025\/03\/mujeres-huelga-600x360.jpg",600,360,true],"ultp_layout_square":["https:\/\/magazineweb.com.ar\/wp-content\/uploads\/2025\/03\/mujeres-huelga-600x360.jpg",600,360,true]},"rttpg_author":{"display_name":"Roxana Reinoso","author_link":"https:\/\/magazineweb.com.ar\/?author=2"},"rttpg_comment":0,"rttpg_category":"<a href=\"https:\/\/magazineweb.com.ar\/?cat=8\" rel=\"category\">Hechos Hist\u00f3ricos<\/a>","rttpg_excerpt":"El &#8216;D\u00eda Internacional de la Mujer&#8217; fue establecido por las Naciones Unidas en 1975. Su origen se remonta al 8 de marzo de 1857 cuando se produjo la primera huelga&hellip;","_links":{"self":[{"href":"https:\/\/magazineweb.com.ar\/index.php?rest_route=\/wp\/v2\/posts\/8751","targetHints":{"allow":["GET"]}}],"collection":[{"href":"https:\/\/magazineweb.com.ar\/index.php?rest_route=\/wp\/v2\/posts"}],"about":[{"href":"https:\/\/magazineweb.com.ar\/index.php?rest_route=\/wp\/v2\/types\/post"}],"author":[{"embeddable":true,"href":"https:\/\/magazineweb.com.ar\/index.php?rest_route=\/wp\/v2\/users\/2"}],"replies":[{"embeddable":true,"href":"https:\/\/magazineweb.com.ar\/index.php?rest_route=%2Fwp%2Fv2%2Fcomments&post=8751"}],"version-history":[{"count":1,"href":"https:\/\/magazineweb.com.ar\/index.php?rest_route=\/wp\/v2\/posts\/8751\/revisions"}],"predecessor-version":[{"id":8753,"href":"https:\/\/magazineweb.com.ar\/index.php?rest_route=\/wp\/v2\/posts\/8751\/revisions\/8753"}],"wp:featuredmedia":[{"embeddable":true,"href":"https:\/\/magazineweb.com.ar\/index.php?rest_route=\/wp\/v2\/media\/8752"}],"wp:attachment":[{"href":"https:\/\/magazineweb.com.ar\/index.php?rest_route=%2Fwp%2Fv2%2Fmedia&parent=8751"}],"wp:term":[{"taxonomy":"category","embeddable":true,"href":"https:\/\/magazineweb.com.ar\/index.php?rest_route=%2Fwp%2Fv2%2Fcategories&post=8751"},{"taxonomy":"post_tag","embeddable":true,"href":"https:\/\/magazineweb.com.ar\/index.php?rest_route=%2Fwp%2Fv2%2Ftags&post=8751"}],"curies":[{"name":"wp","href":"https:\/\/api.w.org\/{rel}","templated":true}]}}