{"id":8760,"date":"2025-03-10T01:05:00","date_gmt":"2025-03-10T04:05:00","guid":{"rendered":"https:\/\/magazineweb.com.ar\/?p=8760"},"modified":"2025-03-08T22:04:46","modified_gmt":"2025-03-09T01:04:46","slug":"carlos-bianco-sobre-bahia-blanca-basicamente-hay-que-reconstruir-una-ciudad","status":"publish","type":"post","link":"https:\/\/magazineweb.com.ar\/?p=8760","title":{"rendered":"Carlos Bianco, sobre Bah\u00eda Blanca: \u00abB\u00e1sicamente, hay que reconstruir una ciudad\u00bb"},"content":{"rendered":"\n<p>El ministro de Gobierno de la Provincia de Buenos Aires, Carlos Bianco, afirm\u00f3 el fin de semana que Bah\u00eda Blanca debe ser reconstruida tras el fuerte temporal que afect\u00f3 a la ciudad y dej\u00f3 10 muertos y cientos de evacuados.<\/p>\n\n\n\n<p>\u00abSe est\u00e1 colaborando entre Gobierno nacional y provincial por el temporal de Bah\u00eda Blanca, poniendo a disposici\u00f3n recursos. B\u00e1sicamente hay que reconstruir una ciudad, hay personas que perdieron todo\u00bb, dijo Bianco en declaraciones radiales.<\/p>\n\n\n\n<p>En esa l\u00ednea, el funcionario del gobernador Axel Kicillof revel\u00f3 que ayer se comunic\u00f3 con el jefe de Gabinete, Guillermo Francos, y le solicit\u00f3 10 mil millones de pesos.<\/p>\n\n\n\n<p>\u00abAl rato me confirm\u00f3 que hab\u00eda hablado con (Luis) Caputo y fue s\u00ed. Todo lo que aporte el gobierno nacional es necesario\u00bb, resalt\u00f3 Bianco.<\/p>\n\n\n\n<p>En la madrugada de este s\u00e1bado, Kicillof se mostr\u00f3 con la ministra de Seguridad, Patricia Bullrich, y el ministro de Defensa, Luis Petri.<\/p>\n\n\n\n<p>Fue a trav\u00e9s de una fotograf\u00eda en la que tambi\u00e9n aparecen el intendente bahiense, Fernando Susbielles, y los ministros de la Provincia Javier Alonso (Seguridad) y Mart\u00edn Marinucci (Transporte).<\/p>\n","protected":false},"excerpt":{"rendered":"<p>El ministro de Gobierno de la Provincia de Buenos Aires, Carlos Bianco, afirm\u00f3 el fin de semana que Bah\u00eda Blanca debe ser reconstruida tras el fuerte temporal que afect\u00f3 a&hellip;<\/p>\n","protected":false},"author":3,"featured_media":8761,"comment_status":"closed","ping_status":"closed","sticky":false,"template":"","format":"standard","meta":{"footnotes":""},"categories":[14],"tags":[],"class_list":["post-8760","post","type-post","status-publish","format-standard","has-post-thumbnail","hentry","category-provincial"],"rttpg_featured_image_url":{"full":["https:\/\/magazineweb.com.ar\/wp-content\/uploads\/2025\/03\/720-22.webp",1082,720,false],"landscape":["https:\/\/magazineweb.com.ar\/wp-content\/uploads\/2025\/03\/720-22.webp",1082,720,false],"portraits":["https:\/\/magazineweb.com.ar\/wp-content\/uploads\/2025\/03\/720-22.webp",1082,720,false],"thumbnail":["https:\/\/magazineweb.com.ar\/wp-content\/uploads\/2025\/03\/720-22-150x150.webp",150,150,true],"medium":["https:\/\/magazineweb.com.ar\/wp-content\/uploads\/2025\/03\/720-22-300x200.webp",300,200,true],"large":["https:\/\/magazineweb.com.ar\/wp-content\/uploads\/2025\/03\/720-22-1024x681.webp",1024,681,true],"1536x1536":["https:\/\/magazineweb.com.ar\/wp-content\/uploads\/2025\/03\/720-22.webp",1082,720,false],"2048x2048":["https:\/\/magazineweb.com.ar\/wp-content\/uploads\/2025\/03\/720-22.webp",1082,720,false],"ultp_layout_landscape_large":["https:\/\/magazineweb.com.ar\/wp-content\/uploads\/2025\/03\/720-22.webp",1082,720,false],"ultp_layout_landscape":["https:\/\/magazineweb.com.ar\/wp-content\/uploads\/2025\/03\/720-22-870x570.webp",870,570,true],"ultp_layout_portrait":["https:\/\/magazineweb.com.ar\/wp-content\/uploads\/2025\/03\/720-22-600x720.webp",600,720,true],"ultp_layout_square":["https:\/\/magazineweb.com.ar\/wp-content\/uploads\/2025\/03\/720-22-600x600.webp",600,600,true]},"rttpg_author":{"display_name":"Redacci\u00f3n Magazine Web","author_link":"https:\/\/magazineweb.com.ar\/?author=3"},"rttpg_comment":0,"rttpg_category":"<a href=\"https:\/\/magazineweb.com.ar\/?cat=14\" rel=\"category\">Provincial<\/a>","rttpg_excerpt":"El ministro de Gobierno de la Provincia de Buenos Aires, Carlos Bianco, afirm\u00f3 el fin de semana que Bah\u00eda Blanca debe ser reconstruida tras el fuerte temporal que afect\u00f3 a&hellip;","_links":{"self":[{"href":"https:\/\/magazineweb.com.ar\/index.php?rest_route=\/wp\/v2\/posts\/8760","targetHints":{"allow":["GET"]}}],"collection":[{"href":"https:\/\/magazineweb.com.ar\/index.php?rest_route=\/wp\/v2\/posts"}],"about":[{"href":"https:\/\/magazineweb.com.ar\/index.php?rest_route=\/wp\/v2\/types\/post"}],"author":[{"embeddable":true,"href":"https:\/\/magazineweb.com.ar\/index.php?rest_route=\/wp\/v2\/users\/3"}],"replies":[{"embeddable":true,"href":"https:\/\/magazineweb.com.ar\/index.php?rest_route=%2Fwp%2Fv2%2Fcomments&post=8760"}],"version-history":[{"count":1,"href":"https:\/\/magazineweb.com.ar\/index.php?rest_route=\/wp\/v2\/posts\/8760\/revisions"}],"predecessor-version":[{"id":8762,"href":"https:\/\/magazineweb.com.ar\/index.php?rest_route=\/wp\/v2\/posts\/8760\/revisions\/8762"}],"wp:featuredmedia":[{"embeddable":true,"href":"https:\/\/magazineweb.com.ar\/index.php?rest_route=\/wp\/v2\/media\/8761"}],"wp:attachment":[{"href":"https:\/\/magazineweb.com.ar\/index.php?rest_route=%2Fwp%2Fv2%2Fmedia&parent=8760"}],"wp:term":[{"taxonomy":"category","embeddable":true,"href":"https:\/\/magazineweb.com.ar\/index.php?rest_route=%2Fwp%2Fv2%2Fcategories&post=8760"},{"taxonomy":"post_tag","embeddable":true,"href":"https:\/\/magazineweb.com.ar\/index.php?rest_route=%2Fwp%2Fv2%2Ftags&post=8760"}],"curies":[{"name":"wp","href":"https:\/\/api.w.org\/{rel}","templated":true}]}}