{"id":8781,"date":"2025-04-03T01:06:00","date_gmt":"2025-04-03T04:06:00","guid":{"rendered":"https:\/\/magazineweb.com.ar\/?p=8781"},"modified":"2025-03-09T00:11:34","modified_gmt":"2025-03-09T03:11:34","slug":"jornada-regional-de-jovenes-en-la-diocesis-de-quilmes","status":"publish","type":"post","link":"https:\/\/magazineweb.com.ar\/?p=8781","title":{"rendered":"Jornada Regional de J\u00f3venes en la Di\u00f3cesis de Quilmes"},"content":{"rendered":"\n<p>La Di\u00f3cesis de Quilmes ser\u00e1 la anfitriona de la Jornada Regional de J\u00f3venes que se llevar\u00e1 adelante el s\u00e1bado 5 de abril en el Centro de Actividades \u00abRoberto De Vicenzo\u00bb de Berazategui (Calle 18 y 148, Berazategui), con el lema \u00abYo estoy con ustedes\u00bb.<\/p>\n\n\n\n<p>Ser\u00e1 un encuentro masivo que nuclear\u00e1 a adolescentes y j\u00f3venes de las 12 di\u00f3cesis de la Regi\u00f3n Buenos Aires \u00abque comparten y celebran la alegr\u00eda de ser Iglesia que camina en Buenos Aires\u00bb.<\/p>\n\n\n\n<p>A continuaci\u00f3n acercamos la carta de la Pastoral de Juventud de la Di\u00f3cesis de Quilmes, con los links para inscribirse y conocer m\u00e1s de este encuentro de j\u00f3venes.<\/p>\n","protected":false},"excerpt":{"rendered":"<p>La Di\u00f3cesis de Quilmes ser\u00e1 la anfitriona de la Jornada Regional de J\u00f3venes que se llevar\u00e1 adelante el s\u00e1bado 5 de abril en el Centro de Actividades \u00abRoberto De Vicenzo\u00bb&hellip;<\/p>\n","protected":false},"author":3,"featured_media":8782,"comment_status":"closed","ping_status":"closed","sticky":false,"template":"","format":"standard","meta":{"footnotes":""},"categories":[9],"tags":[],"class_list":["post-8781","post","type-post","status-publish","format-standard","has-post-thumbnail","hentry","category-informacion-general"],"rttpg_featured_image_url":{"full":["https:\/\/magazineweb.com.ar\/wp-content\/uploads\/2025\/03\/JRJ-2025.jpg",1080,1350,false],"landscape":["https:\/\/magazineweb.com.ar\/wp-content\/uploads\/2025\/03\/JRJ-2025.jpg",1080,1350,false],"portraits":["https:\/\/magazineweb.com.ar\/wp-content\/uploads\/2025\/03\/JRJ-2025.jpg",1080,1350,false],"thumbnail":["https:\/\/magazineweb.com.ar\/wp-content\/uploads\/2025\/03\/JRJ-2025-150x150.jpg",150,150,true],"medium":["https:\/\/magazineweb.com.ar\/wp-content\/uploads\/2025\/03\/JRJ-2025-240x300.jpg",240,300,true],"large":["https:\/\/magazineweb.com.ar\/wp-content\/uploads\/2025\/03\/JRJ-2025-819x1024.jpg",819,1024,true],"1536x1536":["https:\/\/magazineweb.com.ar\/wp-content\/uploads\/2025\/03\/JRJ-2025.jpg",1080,1350,false],"2048x2048":["https:\/\/magazineweb.com.ar\/wp-content\/uploads\/2025\/03\/JRJ-2025.jpg",1080,1350,false],"ultp_layout_landscape_large":["https:\/\/magazineweb.com.ar\/wp-content\/uploads\/2025\/03\/JRJ-2025-1080x800.jpg",1080,800,true],"ultp_layout_landscape":["https:\/\/magazineweb.com.ar\/wp-content\/uploads\/2025\/03\/JRJ-2025-870x570.jpg",870,570,true],"ultp_layout_portrait":["https:\/\/magazineweb.com.ar\/wp-content\/uploads\/2025\/03\/JRJ-2025-600x900.jpg",600,900,true],"ultp_layout_square":["https:\/\/magazineweb.com.ar\/wp-content\/uploads\/2025\/03\/JRJ-2025-600x600.jpg",600,600,true]},"rttpg_author":{"display_name":"Redacci\u00f3n Magazine Web","author_link":"https:\/\/magazineweb.com.ar\/?author=3"},"rttpg_comment":0,"rttpg_category":"<a href=\"https:\/\/magazineweb.com.ar\/?cat=9\" rel=\"category\">Informaci\u00f3n General<\/a>","rttpg_excerpt":"La Di\u00f3cesis de Quilmes ser\u00e1 la anfitriona de la Jornada Regional de J\u00f3venes que se llevar\u00e1 adelante el s\u00e1bado 5 de abril en el Centro de Actividades \u00abRoberto De Vicenzo\u00bb&hellip;","_links":{"self":[{"href":"https:\/\/magazineweb.com.ar\/index.php?rest_route=\/wp\/v2\/posts\/8781","targetHints":{"allow":["GET"]}}],"collection":[{"href":"https:\/\/magazineweb.com.ar\/index.php?rest_route=\/wp\/v2\/posts"}],"about":[{"href":"https:\/\/magazineweb.com.ar\/index.php?rest_route=\/wp\/v2\/types\/post"}],"author":[{"embeddable":true,"href":"https:\/\/magazineweb.com.ar\/index.php?rest_route=\/wp\/v2\/users\/3"}],"replies":[{"embeddable":true,"href":"https:\/\/magazineweb.com.ar\/index.php?rest_route=%2Fwp%2Fv2%2Fcomments&post=8781"}],"version-history":[{"count":1,"href":"https:\/\/magazineweb.com.ar\/index.php?rest_route=\/wp\/v2\/posts\/8781\/revisions"}],"predecessor-version":[{"id":8783,"href":"https:\/\/magazineweb.com.ar\/index.php?rest_route=\/wp\/v2\/posts\/8781\/revisions\/8783"}],"wp:featuredmedia":[{"embeddable":true,"href":"https:\/\/magazineweb.com.ar\/index.php?rest_route=\/wp\/v2\/media\/8782"}],"wp:attachment":[{"href":"https:\/\/magazineweb.com.ar\/index.php?rest_route=%2Fwp%2Fv2%2Fmedia&parent=8781"}],"wp:term":[{"taxonomy":"category","embeddable":true,"href":"https:\/\/magazineweb.com.ar\/index.php?rest_route=%2Fwp%2Fv2%2Fcategories&post=8781"},{"taxonomy":"post_tag","embeddable":true,"href":"https:\/\/magazineweb.com.ar\/index.php?rest_route=%2Fwp%2Fv2%2Ftags&post=8781"}],"curies":[{"name":"wp","href":"https:\/\/api.w.org\/{rel}","templated":true}]}}